{"id":168856,"date":"2025-11-29T00:01:25","date_gmt":"2025-11-29T00:01:25","guid":{"rendered":"https:\/\/www.europesays.com\/pt\/168856\/"},"modified":"2025-11-29T00:01:25","modified_gmt":"2025-11-29T00:01:25","slug":"sim-manuel-luis-goucha-foi-mesmo-a-feira-de-carcavelos-e-nao-foi-o-unico-famoso-por-la-dois-as-10","status":"publish","type":"post","link":"https:\/\/www.europesays.com\/pt\/168856\/","title":{"rendered":"Sim, Manuel Lu\u00eds Goucha foi mesmo \u00e0 feira de Carcavelos \u2014 e n\u00e3o foi o \u00fanico famoso por l\u00e1 &#8211; Dois \u00e0s 10"},"content":{"rendered":"<p>                        O apresentador continua a gravar o seu novo programa e rumou at\u00e9 Carcavelos.<\/p>\n<p data-end=\"359\" data-start=\"87\">Manuel Lu\u00eds Goucha continua a percorrer o pa\u00eds para gravar o novo formato da TVI, \u00abIntui\u00e7\u00e3o\u00bb, um programa que promete p\u00f4r desconhecidos frente a frente com um \u00fanico desafio: adivinhar detalhes da vida uns dos outros, apenas com base na perce\u00e7\u00e3o, sensibilidade e\u2026 intui\u00e7\u00e3o.<\/p>\n<p data-end=\"705\" data-start=\"361\">Depois de j\u00e1 ter passado por v\u00e1rios pontos, o apresentador rumou esta semana \u00e0 ic\u00f3nica Feira de Carcavelos, onde, entre bancas de roupas, artesanato e conversas animadas, encontrou dezenas de pessoas curiosas com as grava\u00e7\u00f5es. Goucha cruzou-se at\u00e9 com uma cara bem conhecida: Jel, assumido f\u00e3 da feira, que n\u00e3o deixou escapar o momento.<\/p>\n<p data-end=\"1030\" data-start=\"707\">Nas redes sociais, o apresentador partilhou alguns detalhes deste dia de grava\u00e7\u00f5es, revelando que a jornada n\u00e3o terminou ali.<strong> \u201cA tarde j\u00e1 foi em Oeiras, at\u00e9 encontrei Isaltino Morais, vinha de almo\u00e7ar no \u2018Ca\u00e7oila\u2019 (\u2026) e acab\u00e1mos na praia de Santo Amaro com o sol j\u00e1 a p\u00f4r-se. Foi mais um grande dia de grava\u00e7\u00f5es\u201d,<\/strong> escreveu.<\/p>\n<p data-end=\"1222\" data-start=\"1032\">O entusiasmo de Goucha \u00e9 evidente, numa fase em que continua a encontrar poss\u00edveis participantes \u2014 pessoas an\u00f3nimas, de diferentes percursos, que dar\u00e3o vida ao conceito original do programa.<\/p>\n<p data-end=\"1450\" data-is-last-node=\"\" data-is-only-node=\"\" data-start=\"1224\">E a viagem n\u00e3o fica por aqui, deixando claro que o apresentador est\u00e1 totalmente mergulhado nas ruas, nas hist\u00f3rias e na procura das intui\u00e7\u00f5es que v\u00e3o marcar este novo desafio televisivo.<\/p>\n","protected":false},"excerpt":{"rendered":"O apresentador continua a gravar o seu novo programa e rumou at\u00e9 Carcavelos. Manuel Lu\u00eds Goucha continua a&hellip;\n","protected":false},"author":2,"featured_media":168857,"comment_status":"","ping_status":"","sticky":false,"template":"","format":"standard","meta":{"footnotes":""},"categories":[142],"tags":[329,166,3412,3406,3409,801,3410,3411,3407,3408,114,115,28348,18661,35432,3413,338,32,33,151],"class_list":{"0":"post-168856","1":"post","2":"type-post","3":"status-publish","4":"format-standard","5":"has-post-thumbnail","7":"category-tv","8":"tag-claudio-ramos","9":"tag-cristina-ferreira","10":"tag-dois-10","11":"tag-dois-a-s-10-dois-a-s-10","12":"tag-dois-a-s-dez","13":"tag-dois-as-10","14":"tag-dois-as-dez","15":"tag-dois-dez","16":"tag-doisas10","17":"tag-doisasdez","18":"tag-entertainment","19":"tag-entretenimento","20":"tag-goucha","21":"tag-isaltino-morais","22":"tag-jel","23":"tag-manha-tvi","24":"tag-maria-botelho-moniz","25":"tag-portugal","26":"tag-pt","27":"tag-tv"},"share_on_mastodon":{"url":"https:\/\/pubeurope.com\/@pt\/115630052644634722","error":""},"_links":{"self":[{"href":"https:\/\/www.europesays.com\/pt\/wp-json\/wp\/v2\/posts\/168856","targetHints":{"allow":["GET"]}}],"collection":[{"href":"https:\/\/www.europesays.com\/pt\/wp-json\/wp\/v2\/posts"}],"about":[{"href":"https:\/\/www.europesays.com\/pt\/wp-json\/wp\/v2\/types\/post"}],"author":[{"embeddable":true,"href":"https:\/\/www.europesays.com\/pt\/wp-json\/wp\/v2\/users\/2"}],"replies":[{"embeddable":true,"href":"https:\/\/www.europesays.com\/pt\/wp-json\/wp\/v2\/comments?post=168856"}],"version-history":[{"count":0,"href":"https:\/\/www.europesays.com\/pt\/wp-json\/wp\/v2\/posts\/168856\/revisions"}],"wp:featuredmedia":[{"embeddable":true,"href":"https:\/\/www.europesays.com\/pt\/wp-json\/wp\/v2\/media\/168857"}],"wp:attachment":[{"href":"https:\/\/www.europesays.com\/pt\/wp-json\/wp\/v2\/media?parent=168856"}],"wp:term":[{"taxonomy":"category","embeddable":true,"href":"https:\/\/www.europesays.com\/pt\/wp-json\/wp\/v2\/categories?post=168856"},{"taxonomy":"post_tag","embeddable":true,"href":"https:\/\/www.europesays.com\/pt\/wp-json\/wp\/v2\/tags?post=168856"}],"curies":[{"name":"wp","href":"https:\/\/api.w.org\/{rel}","templated":true}]}}