{"id":168858,"date":"2025-11-29T00:04:11","date_gmt":"2025-11-29T00:04:11","guid":{"rendered":"https:\/\/www.europesays.com\/pt\/168858\/"},"modified":"2025-11-29T00:04:11","modified_gmt":"2025-11-29T00:04:11","slug":"se-treina-o-flamengo-e-perfeitamente-capaz-de-treinar-o-benfica","status":"publish","type":"post","link":"https:\/\/www.europesays.com\/pt\/168858\/","title":{"rendered":"\u00abSe treina o Flamengo \u00e9 perfeitamente capaz de treinar o Benfica\u00bb"},"content":{"rendered":"<p>&#8211; Advertisement &#8211;<\/p>\n<p><strong>Jos\u00e9 Boto destacou o talento de Filipe Lu\u00eds e garantiu que o treinador brasileiro tem n\u00edvel para treinar na Europa, incluindo o Benfica. O dirigente portugu\u00eas falou ainda sobre Jos\u00e9 Mourinho.<\/strong><\/p>\n<p>Filipe Lu\u00eds continua a ser apontado como uma das grandes esperan\u00e7as do Brasil para voltar a colocar treinadores locais em destaque na Europa, e Jos\u00e9 Boto n\u00e3o tem d\u00favidas de que o ex-defesa tem tudo para dar o salto. A trabalhar de perto com o treinador do <a href=\"https:\/\/bolanarede.pt\/etiqueta\/flamengo\/\" target=\"_blank\" rel=\"noreferrer noopener nofollow\">Flamengo<\/a>, o portugu\u00eas deixou rasgados elogios ao jovem treinador, em entrevista ao jornal A Bola.<\/p>\n<p>\u00abO Filipe \u00e9 um treinador jovem, com apenas um ano de profiss\u00e3o, mas com um talento enorme. Trabalhei com muitos treinadores e considero que ele est\u00e1 ao n\u00edvel dos melhores, com muito para evoluir ainda, mas j\u00e1 com um n\u00edvel que lhe permite claramente treinar na Europa, Se treina o Flamengo, \u00e9 perfeitamente capaz de treinar o Benfica\u00bb, respondeu o antigo dirigente encarnado.<\/p>\n<p>Jos\u00e9 Boto evitou alongar-se sobre o <a href=\"https:\/\/bolanarede.pt\/etiqueta\/benfica\/\" target=\"_blank\" rel=\"noreferrer noopener nofollow\">Benfica<\/a> ou sobre a reelei\u00e7\u00e3o de Rui Costa, mas mostrou confian\u00e7a no caminho atual. J\u00e1 sobre Jos\u00e9 Mourinho, os elogios foram imediatos.<\/p>\n<p>\u00abJos\u00e9 Mourinho \u00e9 talvez o melhor treinador portugu\u00eas de sempre, com um percurso que fala por si. Acho que toda esta gera\u00e7\u00e3o, na qual me incluo, que trabalha no futebol, tem uma d\u00edvida de gratid\u00e3o para com o Mourinho, porque ele abriu as portas para que o profissional portugu\u00eas corresse mundo a trabalhar. Ele foi a parte vis\u00edvel da compet\u00eancia dos profissionais de futebol em Portugal\u00bb, afirmou.<\/p>\n","protected":false},"excerpt":{"rendered":"&#8211; Advertisement &#8211; Jos\u00e9 Boto destacou o talento de Filipe Lu\u00eds e garantiu que o treinador brasileiro tem&hellip;\n","protected":false},"author":2,"featured_media":168859,"comment_status":"","ping_status":"","sticky":false,"template":"","format":"standard","meta":{"footnotes":""},"categories":[87],"tags":[260,51,135,35433,2460,35434,32,33,134],"class_list":{"0":"post-168858","1":"post","2":"type-post","3":"status-publish","4":"format-standard","5":"has-post-thumbnail","7":"category-desporto","8":"tag-atualidade","9":"tag-benfica","10":"tag-desporto","11":"tag-filipe-luis","12":"tag-flamengo","13":"tag-jose-boto","14":"tag-portugal","15":"tag-pt","16":"tag-sports"},"share_on_mastodon":{"url":"https:\/\/pubeurope.com\/@pt\/115630064449180747","error":""},"_links":{"self":[{"href":"https:\/\/www.europesays.com\/pt\/wp-json\/wp\/v2\/posts\/168858","targetHints":{"allow":["GET"]}}],"collection":[{"href":"https:\/\/www.europesays.com\/pt\/wp-json\/wp\/v2\/posts"}],"about":[{"href":"https:\/\/www.europesays.com\/pt\/wp-json\/wp\/v2\/types\/post"}],"author":[{"embeddable":true,"href":"https:\/\/www.europesays.com\/pt\/wp-json\/wp\/v2\/users\/2"}],"replies":[{"embeddable":true,"href":"https:\/\/www.europesays.com\/pt\/wp-json\/wp\/v2\/comments?post=168858"}],"version-history":[{"count":0,"href":"https:\/\/www.europesays.com\/pt\/wp-json\/wp\/v2\/posts\/168858\/revisions"}],"wp:featuredmedia":[{"embeddable":true,"href":"https:\/\/www.europesays.com\/pt\/wp-json\/wp\/v2\/media\/168859"}],"wp:attachment":[{"href":"https:\/\/www.europesays.com\/pt\/wp-json\/wp\/v2\/media?parent=168858"}],"wp:term":[{"taxonomy":"category","embeddable":true,"href":"https:\/\/www.europesays.com\/pt\/wp-json\/wp\/v2\/categories?post=168858"},{"taxonomy":"post_tag","embeddable":true,"href":"https:\/\/www.europesays.com\/pt\/wp-json\/wp\/v2\/tags?post=168858"}],"curies":[{"name":"wp","href":"https:\/\/api.w.org\/{rel}","templated":true}]}}