{"id":168860,"date":"2025-11-29T00:11:09","date_gmt":"2025-11-29T00:11:09","guid":{"rendered":"https:\/\/www.europesays.com\/pt\/168860\/"},"modified":"2025-11-29T00:11:09","modified_gmt":"2025-11-29T00:11:09","slug":"andre-ventura-e-catarina-martins-entre-risos-e-acusacoes-no-debate-que-nao-teve-nada-a-ver-com-presidenciais","status":"publish","type":"post","link":"https:\/\/www.europesays.com\/pt\/168860\/","title":{"rendered":"Andr\u00e9 Ventura e Catarina Martins entre risos e acusa\u00e7\u00f5es no &#8220;debate que n\u00e3o teve nada a ver com presidenciais&#8221;"},"content":{"rendered":"<p><strong>O debate come\u00e7ou com o moderador Jos\u00e9 Alberto Carvalho a partilha a sua esperan\u00e7a de que fosse &#8220;poss\u00edvel trocar argumentos e contribuir para o esclarecimento dos eleitores&#8221;<\/strong>, mas poucos segundos demoraram para o in\u00edcio dos ataques cruzados entre os dois candidatos presidenciais.<\/p>\n<p><strong>Perante uma pergunta do jornalista da TVI sobre a falta de rea\u00e7\u00e3o p\u00fablica a uma opera\u00e7\u00e3o da Pol\u00edcia Judici\u00e1ria que levou \u00e0 deten\u00e7\u00e3o de 10 militares da GNR e um agente da PSP por suspeitas de explora\u00e7\u00e3o de imigrantes, alguns dos quais ilegais,<\/strong> Ventura respondeu com uma fotografia de outra opera\u00e7\u00e3o policial, no Centro Comercial Babil\u00f3nia, na Amadora, apontando para a &#8220;fila de ilegais&#8221;.<\/p>\n<p>Admitindo que o caso no Alentejo &#8220;\u00e9 um crime e tem de ser punido&#8221;, <strong>Ventura n\u00e3o demorou a acusar Catarina Martins, antiga coordenadora do Bloco de Esequerda, de fazer aprovar a Lei de Estrangeiros e a Lei da Nacionalidade<\/strong> que, nas suas palavras, fez disparar o n\u00famero de crimes de tr\u00e1fico de seres humanos e de aux\u00edlio \u00e0 imigra\u00e7\u00e3o ilegal.<\/p>\n<p><strong>A eurodeputada bloquista respondeu que &#8220;n\u00e3o faz sentido&#8221; dizer que &#8220;quem fez leis humanistas&#8221; contribuiu para o acr\u00e9scimo de criminalidade<\/strong>, acrescentando que o advers\u00e1rio deveria demonstrar maior compreens\u00e3o, visto que dois deputados da sua bancada foram imigrantes ilegais. Falava de Jos\u00e9 Dias Fernandes e Marcus Santos, mas Ventura acusou-a de &#8220;mentir em direto na televis\u00e3o&#8221; ao dizer que o primeiro, eleito pelo c\u00edrculo da Europa, foi condenado por esse crime.<\/p>\n<p>Defendendo que, ao contr\u00e1rio de Ventura, &#8220;n\u00e3o ataco as pessoas, mas ataco a criminalidade&#8221;, <strong>Catarina Martins disse que levou \u00e0 Procuradoria-Geral da Rep\u00fablica dados sobre empresas que exploravam trabalhadores imigrantes. E acusou o l\u00edder do Chega de querer &#8220;tratar como criminosos&#8221; pessoas que &#8220;t\u00eam de ter tratamento condigno&#8221;<\/strong>, tamb\u00e9m porque as suas contribui\u00e7\u00f5es &#8220;pagam 450 mil pens\u00f5es m\u00e9dias em Portugal&#8221;.<\/p>\n<p><strong>Recorrendo \u00e0 conquista do Mundial de Sub-17 por Portugal, ocorrida na quinta-feira, a bloquista disse que, com as legisla\u00e7\u00e3o defendida pelo Chega, o jovem futebolista An\u00edsio Cabral, filho de guineenses, &#8220;nunca poderia ser portugu\u00eas&#8221;.<\/strong> E da\u00ed partiu para uma frase que aqueceu o debate: &#8220;O Dr. Ventura odeia Portugal, odeia as pessoas que o trabalham.&#8221;<\/p>\n<p>Foi um momento de viragem, e que afastou ainda mais o debate das palavras iniciais de Jos\u00e9 Alberto Carvalho. <strong>&#8220;Se \u00e9 para fazer isto&#8230;&#8221;, disse Ventura, antes de afirmar que no Chega &#8220;nunca despedimos gr\u00e1vidas, como no Bloco de Esquerda&#8221;<\/strong>. E referiu-se ironicamente \u00e0s &#8220;leis humanistas&#8221; que disse terem conduzido o crime de tr\u00e1fico humano a aumentar 150% e o de aux\u00edlio \u00e0 imigra\u00e7\u00e3o ilegal a subir 300%, enquanto se &#8220;permitia que a bandidagem entrasse toda&#8221;, apontando Brasil e Bangladesh como duas fontes de ilegais.<\/p>\n<p><strong>Os risos da advers\u00e1ria levaram Ventura a dizer a Catarina Martins que &#8220;pode-se rir de mulheres voladas, de lojas roubadas, de crian\u00e7as abusadas, de pessoas que deixaram de ter seguran\u00e7a nas suas cidades&#8221;.<\/strong> E rematou que, &#8220;entre n\u00f3s, quem ama Portugal sou eu&#8221;.<\/p>\n<p>Com o l\u00edder do Chega a dizer que n\u00e3o foi ele quem procurou extinguir o Servi\u00e7o de Estrangeiros e Fronteiras, <strong>Catarina Martins relativizou o impacto da imigra\u00e7\u00e3o na criminalidade, citando o diretor nacional da Pol\u00edcia Judici\u00e1ria, que estimou em 1% do total a criminalidade relacionada com a imigra\u00e7\u00e3o<\/strong>.<\/p>\n<p>Numa fase de ainda maior hostilidade &#8211; com Ventura a comentar &#8220;eu sei que \u00e9 atriz&#8221;, Catarina Martins a responder &#8220;eu sei que \u00e9 pantomineiro&#8221;, e este a retorquir que &#8220;\u00e9 atriz e m\u00e1 atriz&#8221; -, a eurodeputada disse que 40% da bancada parlamentar do Chega &#8220;tem ou j\u00e1 teve problemas com a justi\u00e7a&#8221; e associou a defesa dos vistos gold pelo advers\u00e1rio a um aumento de 49% do investimento russo desde a invas\u00e3o da Ucr\u00e2nia. <strong>&#8220;Ventura n\u00e3o gosta \u00e9 dos imigrantes que trabalham, dos imigrantes pobres&#8221;, concluiu<\/strong>. <\/p>\n<p>O l\u00edder partid\u00e1rio aproveitou para dizer que Catarina Martins &#8220;n\u00e3o pode falar dos crimes da sua bancada, porque n\u00e3o tem bancada&#8221;, numa refer\u00eancia ao facto de o Bloco de Esquerda ter ficado reduzido \u00e0 deputada \u00fanica Mariana Mort\u00e1gua, prestes a renunciar ao mandato, nas \u00faltimas legislativas. <strong>Foi motivo para mais uma troca de acusa\u00e7\u00f5es de tontice, e para novo riso da bloquista. &#8220;Posso rir-me de si todos os dias&#8221;, defendeu, ouvindo &#8220;pode rir-se at\u00e9 chegar aos zero por cento&#8221;.<\/strong><\/p>\n","protected":false},"excerpt":{"rendered":"O debate come\u00e7ou com o moderador Jos\u00e9 Alberto Carvalho a partilha a sua esperan\u00e7a de que fosse &#8220;poss\u00edvel&hellip;\n","protected":false},"author":2,"featured_media":168861,"comment_status":"","ping_status":"","sticky":false,"template":"","format":"standard","meta":{"footnotes":""},"categories":[10],"tags":[3386,27,28,21811,14074,15,16,14,25,26,21,22,12,13,19,20,32,14937,1076,23,24,33,17,18,29,30,31],"class_list":{"0":"post-168860","1":"post","2":"type-post","3":"status-publish","4":"format-standard","5":"has-post-thumbnail","7":"category-portugal","8":"tag-andre-ventura","9":"tag-breaking-news","10":"tag-breakingnews","11":"tag-catarina-martins","12":"tag-debate","13":"tag-featured-news","14":"tag-featurednews","15":"tag-headlines","16":"tag-latest-news","17":"tag-latestnews","18":"tag-main-news","19":"tag-mainnews","20":"tag-news","21":"tag-noticias","22":"tag-noticias-principais","23":"tag-noticiasprincipais","24":"tag-portugal","25":"tag-presidencia-da-republica","26":"tag-presidenciais-2026","27":"tag-principais-noticias","28":"tag-principaisnoticias","29":"tag-pt","30":"tag-top-stories","31":"tag-topstories","32":"tag-ultimas","33":"tag-ultimas-noticias","34":"tag-ultimasnoticias"},"share_on_mastodon":{"url":"","error":"Validation failed: Text character limit of 500 exceeded"},"_links":{"self":[{"href":"https:\/\/www.europesays.com\/pt\/wp-json\/wp\/v2\/posts\/168860","targetHints":{"allow":["GET"]}}],"collection":[{"href":"https:\/\/www.europesays.com\/pt\/wp-json\/wp\/v2\/posts"}],"about":[{"href":"https:\/\/www.europesays.com\/pt\/wp-json\/wp\/v2\/types\/post"}],"author":[{"embeddable":true,"href":"https:\/\/www.europesays.com\/pt\/wp-json\/wp\/v2\/users\/2"}],"replies":[{"embeddable":true,"href":"https:\/\/www.europesays.com\/pt\/wp-json\/wp\/v2\/comments?post=168860"}],"version-history":[{"count":0,"href":"https:\/\/www.europesays.com\/pt\/wp-json\/wp\/v2\/posts\/168860\/revisions"}],"wp:featuredmedia":[{"embeddable":true,"href":"https:\/\/www.europesays.com\/pt\/wp-json\/wp\/v2\/media\/168861"}],"wp:attachment":[{"href":"https:\/\/www.europesays.com\/pt\/wp-json\/wp\/v2\/media?parent=168860"}],"wp:term":[{"taxonomy":"category","embeddable":true,"href":"https:\/\/www.europesays.com\/pt\/wp-json\/wp\/v2\/categories?post=168860"},{"taxonomy":"post_tag","embeddable":true,"href":"https:\/\/www.europesays.com\/pt\/wp-json\/wp\/v2\/tags?post=168860"}],"curies":[{"name":"wp","href":"https:\/\/api.w.org\/{rel}","templated":true}]}}