{"id":168862,"date":"2025-11-29T00:13:53","date_gmt":"2025-11-29T00:13:53","guid":{"rendered":"https:\/\/www.europesays.com\/pt\/168862\/"},"modified":"2025-11-29T00:13:53","modified_gmt":"2025-11-29T00:13:53","slug":"simone-mendes-conta-que-ja-foi-presa-nos-estados-unidos-televisao","status":"publish","type":"post","link":"https:\/\/www.europesays.com\/pt\/168862\/","title":{"rendered":"Simone Mendes conta que j\u00e1 foi presa nos Estados Unidos | Televis\u00e3o"},"content":{"rendered":"<p>                                        Patr\u00edcia Ramos, Andr\u00e9 Marques, Luciano Huck, Ang\u00e9lica, Ana Maria Braga, Simone Mendes, Victor Stirnimann e Aline Wirley  &#8211; Reprodu\u00e7\u00e3o \/ Instagram<\/p>\n<p class=\"content-media__description\">Patr\u00edcia Ramos, Andr\u00e9 Marques, Luciano Huck, Ang\u00e9lica, Ana Maria Braga, Simone Mendes, Victor Stirnimann e Aline Wirley Reprodu\u00e7\u00e3o \/ Instagram<\/p>\n<p>                                                        Publicado 28\/11\/2025 10:32 | Atualizado 28\/11\/2025 10:32\n                    <\/p>\n<p>Rio &#8211;\u00a0Luciano Huck, Ana Maria Braga e Simone Mendes foram os convidados do programa &#8220;Ang\u00e9lica Ao Vivo&#8221;, do canal GNT, nesta quinta-feira (27). Em brincadeira do &#8220;Eu Nunca&#8221;, a cantora contou que j\u00e1 foi presa nos Estados Unidos, e arrancou risos da plateia ao revelar que n\u00e3o usa calcinha.<\/p>\n<p>\u00a0&#8220;Eu tinha 15 anos de idade, o Frank Aguiar foi fazer show nos Estados Unidos.&#8221;, iniciou Simone, pois ela foi backing vocal do cantor. &#8220;Fui para a salinha porque eles queriam entender que show era esse que ele ia fazer na \u00e9poca e a gente era de menor na \u00e9poca. Daqui a pouco, botaram a algema aqui na minha m\u00e3o, me atravessaram o aeroporto no carro de pol\u00edcia. Sem ningu\u00e9m. Sozinha. E, daqui a pouco, tiraram aquela foto de frente, aquele neg\u00f3cio&#8221;, finalizou a cantora.<\/p>\n<p>Questionada por Andr\u00e9 Marques se ela foi fichada, Simone respondeu: &#8220;Toda&#8221;. Ang\u00e9lica quis saber se a artista falava ingl\u00eas: &#8220;Nada, nem uma palavra, at\u00e9 hoje&#8221;, Simone tamb\u00e9m respondeu. J\u00e1 Ana Maria Braga reagiu \u00e0 hist\u00f3ria destacando o inusitado da abordagem das autoridades americanas pela idade e contexto da viagem.<\/p>\n<p>Assista ao v\u00eddeo:<\/p>\n<p>Simone tamb\u00e9m contou, em outro momento do programa, que n\u00e3o usa calcinha. &#8220;Ana, eu odeio calcinha&#8221;, iniciou se dirigindo \u00e0 apresentadora Ana Maria Braga.<\/p>\n<p>&#8220;\u00c9 muito sem futuro, calcinha. Calcinha s\u00f3 d\u00e1 trabalho porque \u00e9 o seguinte: tem aqueles que gostam de calcinha pequena e aqueles que gostam de &#8216;cal\u00e7ol\u00e3o&#8217;. Quando eu usava &#8216;cal\u00e7ol\u00e3o&#8217;, eu usava &#8216;cal\u00e7ol\u00e3o&#8217;, mas a calcinha no rabo \u00e9 a pior coisa do mundo. Aquele sofrimento tirando, aquele neg\u00f3cio incomodando (&#8230;) Abafa as nossas coisinhas, n\u00e3o d\u00e1 certo, n\u00e3o \u00e9 legal&#8221;, explicou a cantora.<\/p>\n<p>&#8220;Eu tamb\u00e9m curto ficar sem calcinha&#8221;, concordou Ang\u00e9lica e, Simone, logo em seguida, falou do al\u00edvio de quando coloca um pijama folgado sem a pe\u00e7a de roupa \u00edntima.<\/p>\n<p>Assista ao v\u00eddeo:<\/p>\n","protected":false},"excerpt":{"rendered":"Patr\u00edcia Ramos, Andr\u00e9 Marques, Luciano Huck, Ang\u00e9lica, Ana Maria Braga, Simone Mendes, Victor Stirnimann e Aline Wirley &#8211;&hellip;\n","protected":false},"author":2,"featured_media":168863,"comment_status":"","ping_status":"","sticky":false,"template":"","format":"standard","meta":{"footnotes":""},"categories":[145],"tags":[13885,211,210,114,115,2815,32,33,6788],"class_list":{"0":"post-168862","1":"post","2":"type-post","3":"status-publish","4":"format-standard","5":"has-post-thumbnail","7":"category-celebridades","8":"tag-angelica","9":"tag-celebridades","10":"tag-celebrities","11":"tag-entertainment","12":"tag-entretenimento","13":"tag-luciano-huck","14":"tag-portugal","15":"tag-pt","16":"tag-simone-mendes"},"share_on_mastodon":{"url":"https:\/\/pubeurope.com\/@pt\/115630103822326534","error":""},"_links":{"self":[{"href":"https:\/\/www.europesays.com\/pt\/wp-json\/wp\/v2\/posts\/168862","targetHints":{"allow":["GET"]}}],"collection":[{"href":"https:\/\/www.europesays.com\/pt\/wp-json\/wp\/v2\/posts"}],"about":[{"href":"https:\/\/www.europesays.com\/pt\/wp-json\/wp\/v2\/types\/post"}],"author":[{"embeddable":true,"href":"https:\/\/www.europesays.com\/pt\/wp-json\/wp\/v2\/users\/2"}],"replies":[{"embeddable":true,"href":"https:\/\/www.europesays.com\/pt\/wp-json\/wp\/v2\/comments?post=168862"}],"version-history":[{"count":0,"href":"https:\/\/www.europesays.com\/pt\/wp-json\/wp\/v2\/posts\/168862\/revisions"}],"wp:featuredmedia":[{"embeddable":true,"href":"https:\/\/www.europesays.com\/pt\/wp-json\/wp\/v2\/media\/168863"}],"wp:attachment":[{"href":"https:\/\/www.europesays.com\/pt\/wp-json\/wp\/v2\/media?parent=168862"}],"wp:term":[{"taxonomy":"category","embeddable":true,"href":"https:\/\/www.europesays.com\/pt\/wp-json\/wp\/v2\/categories?post=168862"},{"taxonomy":"post_tag","embeddable":true,"href":"https:\/\/www.europesays.com\/pt\/wp-json\/wp\/v2\/tags?post=168862"}],"curies":[{"name":"wp","href":"https:\/\/api.w.org\/{rel}","templated":true}]}}