{"id":168864,"date":"2025-11-29T00:14:20","date_gmt":"2025-11-29T00:14:20","guid":{"rendered":"https:\/\/www.europesays.com\/pt\/168864\/"},"modified":"2025-11-29T00:14:20","modified_gmt":"2025-11-29T00:14:20","slug":"wang-shu-e-lu-wenyu-vao-ser-os-curadores-da-bienal-de-arquitectura-de-veneza-2027-arquitectura","status":"publish","type":"post","link":"https:\/\/www.europesays.com\/pt\/168864\/","title":{"rendered":"Wang Shu e Lu Wenyu v\u00e3o ser os curadores da Bienal de Arquitectura de Veneza 2027 | Arquitectura"},"content":{"rendered":"<p>A proposta partiu do seu presidente, Pietrangelo Buttafuoco, e ter\u00e1 sido acolhida com entusiasmo por todo o conselho de administra\u00e7\u00e3o \u2013 Wang Shu e Lu Wenyu ser\u00e3o os curadores da pr\u00f3xima edi\u00e7\u00e3o da <a href=\"https:\/\/www.publico.pt\/bienal-arquitectura-veneza\" rel=\"nofollow noopener\" target=\"_blank\">Bienal de Arquitectura de Veneza<\/a>, a que se realizar\u00e1 entre 8 de Maio e 21 de Novembro de 2027.<\/p>\n<p>Aceitaram o desafio, escreve a <a href=\"https:\/\/www.dezeen.com\/2025\/11\/26\/amateur-architecture-studios-wang-shu-lu-wenyu-venice-architecture-biennale-2027\/\" target=\"_blank\" rel=\"nofollow noopener\">Dezeen<\/a>, revista online da especialidade, com uma miss\u00e3o ambiciosa \u2013 combater \u201ca morte da arquitectura\u201d.<\/p>\n<p><a href=\"https:\/\/www.publico.pt\/2012\/02\/27\/culturaipsilon\/noticia\/premio-pritzker-2012-atribuido-ao-arquitecto-chines-wang-shu-1535539\" rel=\"nofollow noopener\" target=\"_blank\">Wang Shu<\/a>, que em 2012 se tornou o segundo arquitecto chin\u00eas a ganhar o prestigiado pr\u00e9mio Pritzker, depois de I.M. Pei em 1983 e antes de Liu Jiakun j\u00e1 este ano, trabalha lado a lado com Lu Wenyu, que como ele alia a pr\u00e1tica da arquitectura \u00e0 teoria e \u00e0 doc\u00eancia, desde 1997, ano em que fundaram o seu pr\u00f3prio atelier, o Amateur Architecture Studio.<\/p>\n<p>O casal criou tamb\u00e9m o departamento de Arquitectura da Academia de Arte da China, em 2003, e, quatro anos mais tarde, a Escola de Arquitectura, de que <a href=\"https:\/\/www.publico.pt\/2012\/05\/25\/jornal\/wangshu-constroi-achina-tijoloa-tijolo-24580883\" rel=\"nofollow noopener\" target=\"_blank\">Wang Shu<\/a> foi o primeiro presidente e Lu Wenyu, que com ele recebeu o Pr\u00e9mio Schelling (Alemanha) em 2010, a primeira directora do Centro para a Constru\u00e7\u00e3o Sustent\u00e1vel, unidade de investiga\u00e7\u00e3o ligada a esta institui\u00e7\u00e3o universit\u00e1ria, lembra o comunicado da organiza\u00e7\u00e3o da Bienal de Veneza.<\/p>\n<p>\u201c\u00c9 com grande prazer que anunciamos a nomea\u00e7\u00e3o de Wang Shu e Lu Wenyu como directores art\u00edsticos do sector de arquitectura [da Bienal de Veneza]&#8221;, disse Pietrangelo Buttafuoco, citado no mesmo documento. \u201cA sua vis\u00e3o, profundamente enraizada na mem\u00f3ria dos lugares e no conhecimento dos processos de constru\u00e7\u00e3o, representa hoje uma voz essencial no debate internacional sobre arquitectura e sobre o significado de habitar os espa\u00e7os do mundo\u201d, continua o presidente da bienal, elogiando em seguida a capacidade de ambos para, combinando \u201cresponsabilidade cultural e g\u00e9nio experimental\u201d, contribuir com propostas de \u201cextraordin\u00e1ria qualidade\u201d para o momento presente da arquitectura, que exige \u201csabedoria\u201d e \u201cimagina\u00e7\u00e3o\u201d.<\/p>\n<p>Wang Shu e Lu Wenyu, por seu lado, afirmaram-se \u201cmuito honrados\u201d com o convite para assumir a curadoria da que ser\u00e1 a 20.\u00aa edi\u00e7\u00e3o da Mostra de Arquitectura da Bienal de Veneza e reafirmaram o seu compromisso para com uma pr\u00e1tica baseada em conceitos simples e verdadeiros.<\/p>\n<p>Assumindo que o sector vive hoje uma crise, a dupla atribuiu-a, no mesmo comunicado, a uma conceptualiza\u00e7\u00e3o e a uma preocupa\u00e7\u00e3o com a vertente comercial excessivas que levam a que a arquitectura se divorcie da realidade, do lugar. Um fen\u00f3meno que, garantem, se arrisca a conduzir \u201c\u00e0 morte da pr\u00f3pria arquitectura\u201d, transformando-a \u201cnuma esp\u00e9cie de &#8220;express\u00e3o ilus\u00f3ria&#8221; do futuro.<\/p>\n<p>\u201cInsistir num conceito e m\u00e9todo simples e verdadeiros de arquitectura tem um valor especial&#8221;, sublinhou a dupla de arquitectos. \u201cVamos esfor\u00e7ar-nos por apresentar este valor e explor\u00e1-lo com a maior sinceridade, para uma realidade e um futuro melhores.\u201d<\/p>\n<p>Entre os trabalhos mais conhecidos do Amateur Architecture Studio est\u00e3o, lembra a revista Dezeen, o Museu de Hist\u00f3ria de Ningbo, constru\u00eddo sobre as ru\u00ednas de aldeias demolidas, e o Complexo Cultural Fuyang, cujo revestimento resulta da reutiliza\u00e7\u00e3o de tijolo e telha.<\/p>\n<p>O trabalho de Wang Shu e Lu Wenyu \u2013 o nome que deram ao seu atelier evidencia-o \u2013 \u00e9 uma reac\u00e7\u00e3o \u00e0 arquitectura profissional, de grande impacto, que dizem levar \u00e0 demoli\u00e7\u00e3o dos antigos bairros e de outros espa\u00e7os que diferenciam os meios urbanos chineses.<\/p>\n<p>A dupla de arquitectos foi respons\u00e1vel pelo pavilh\u00e3o de Macau na edi\u00e7\u00e3o da Bienal deste ano, no Arsenale. A exposi\u00e7\u00e3o que idealizaram, <a href=\"https:\/\/www.mam.gov.mo\/pt\/exhibition\/2025_19_ParallelWorld\" target=\"_blank\" rel=\"nofollow noopener\">Mundos Paralelos<\/a>, combinava a fotografia de Iwan Baan com projectos de arquitectura locais, mostrando as v\u00e1rias faces do territ\u00f3rio.<\/p>\n<p>Em 2006 a dupla tinha j\u00e1 assumido a concep\u00e7\u00e3o do Pavilh\u00e3o da China na Bienal, tendo recebido uma men\u00e7\u00e3o honrosa pela proposta que ent\u00e3o apresentou, Decay of a Dome, repetindo a participa\u00e7\u00e3o dez anos mais tarde.<\/p>\n<p>Foi precisamente em 2016 que o casal <a href=\"https:\/\/www.publico.pt\/2016\/05\/26\/culturaipsilon\/noticia\/wang-shu-e-lu-wenyu-trazem-a-arquitectura-chinesa-a-lisboa-1732881\" rel=\"nofollow noopener\" target=\"_blank\">esteve em Portugal<\/a>, a convite da Faculdade de Arquitectura da Universidade de Lisboa, para falar da pr\u00e1tica no seu pa\u00eds, denunciando o mesmo crescimento exacerbado e descontrolado que dizem continuar a p\u00f4r em causa a sustentabilidade e a pr\u00f3pria arquitectura.<\/p>\n<p>Na mesma altura, <a href=\"https:\/\/www.publico.pt\/2012\/05\/25\/jornal\/wangshu-constroi-achina-tijoloa-tijolo-24580883\" rel=\"nofollow noopener\" target=\"_blank\">em conversa com o \u00cdpsilon<\/a>, Wang Shu defendeu que o Pr\u00e9mio Pritzker que lhe fora atribu\u00eddo quatro anos antes pertencia tamb\u00e9m, e naturalmente, a Lu Wenyu.<\/p>\n<p>O presidente da Bienal de Arquitectura de Veneza espera agora que a curadoria da dupla conduza em 2027 a \u201cnovas formas de compreens\u00e3o da rela\u00e7\u00e3o de todos com o espa\u00e7o, a mem\u00f3ria e a comunidade\u201d.<\/p>\n","protected":false},"excerpt":{"rendered":"A proposta partiu do seu presidente, Pietrangelo Buttafuoco, e ter\u00e1 sido acolhida com entusiasmo por todo o conselho&hellip;\n","protected":false},"author":2,"featured_media":168865,"comment_status":"","ping_status":"","sticky":false,"template":"","format":"standard","meta":{"footnotes":""},"categories":[144],"tags":[2882,304,207,205,206,203,201,202,35435,234,315,1413,204,114,115,32,33,35436],"class_list":{"0":"post-168864","1":"post","2":"type-post","3":"status-publish","4":"format-standard","5":"has-post-thumbnail","7":"category-arte-e-design","8":"tag-arquitectura","9":"tag-arquitetura","10":"tag-arte","11":"tag-arte-e-design","12":"tag-artedesign","13":"tag-arts","14":"tag-arts-and-design","15":"tag-artsanddesign","16":"tag-bienal-de-arquitectura-de-veneza","17":"tag-bienal-de-veneza","18":"tag-cultura","19":"tag-cultura-ipsilon","20":"tag-design","21":"tag-entertainment","22":"tag-entretenimento","23":"tag-portugal","24":"tag-pt","25":"tag-wang-shu"},"share_on_mastodon":{"url":"https:\/\/pubeurope.com\/@pt\/115630103890902171","error":""},"_links":{"self":[{"href":"https:\/\/www.europesays.com\/pt\/wp-json\/wp\/v2\/posts\/168864","targetHints":{"allow":["GET"]}}],"collection":[{"href":"https:\/\/www.europesays.com\/pt\/wp-json\/wp\/v2\/posts"}],"about":[{"href":"https:\/\/www.europesays.com\/pt\/wp-json\/wp\/v2\/types\/post"}],"author":[{"embeddable":true,"href":"https:\/\/www.europesays.com\/pt\/wp-json\/wp\/v2\/users\/2"}],"replies":[{"embeddable":true,"href":"https:\/\/www.europesays.com\/pt\/wp-json\/wp\/v2\/comments?post=168864"}],"version-history":[{"count":0,"href":"https:\/\/www.europesays.com\/pt\/wp-json\/wp\/v2\/posts\/168864\/revisions"}],"wp:featuredmedia":[{"embeddable":true,"href":"https:\/\/www.europesays.com\/pt\/wp-json\/wp\/v2\/media\/168865"}],"wp:attachment":[{"href":"https:\/\/www.europesays.com\/pt\/wp-json\/wp\/v2\/media?parent=168864"}],"wp:term":[{"taxonomy":"category","embeddable":true,"href":"https:\/\/www.europesays.com\/pt\/wp-json\/wp\/v2\/categories?post=168864"},{"taxonomy":"post_tag","embeddable":true,"href":"https:\/\/www.europesays.com\/pt\/wp-json\/wp\/v2\/tags?post=168864"}],"curies":[{"name":"wp","href":"https:\/\/api.w.org\/{rel}","templated":true}]}}