{"id":168866,"date":"2025-11-29T00:20:14","date_gmt":"2025-11-29T00:20:14","guid":{"rendered":"https:\/\/www.europesays.com\/pt\/168866\/"},"modified":"2025-11-29T00:20:14","modified_gmt":"2025-11-29T00:20:14","slug":"casamento-de-cristiano-ronaldo-na-madeira-afinal-pode-nao-acontecer-comentario-de-katia-aveiro-lanca-caos-total","status":"publish","type":"post","link":"https:\/\/www.europesays.com\/pt\/168866\/","title":{"rendered":"Casamento de Cristiano Ronaldo na Madeira afinal pode n\u00e3o acontecer? Coment\u00e1rio de Katia Aveiro lan\u00e7a caos total"},"content":{"rendered":"<p>Casamento de <a href=\"https:\/\/infocul.pt\/casamento-de-cristiano-ronaldo-e-georgina-claudio-ramos-revela-plano-hilariante-e-quinaz-garante-discreto-nao-vai-ser\/\" rel=\"nofollow noopener\" target=\"_blank\">Cristiano Ronaldo <\/a>na Madeira afinal pode n\u00e3o acontecer? Coment\u00e1rio de Katia Aveiro lan\u00e7a caos total e cria d\u00favidas.<\/p>\n<p>Informa\u00e7\u00f5es apontavam para casamento na S\u00e9 do Funchal<\/p>\n<p>O aguardado casamento de <a href=\"https:\/\/www.instagram.com\/cristiano\/\" rel=\"nofollow noopener\" target=\"_blank\">Cristiano Ronaldo<\/a> e Georgina Rodr\u00edguez voltou a dominar a conversa p\u00fablica depois de novas revela\u00e7\u00f5es \u2014 e contradi\u00e7\u00f5es \u2014 que surgiram esta quinta-feira, 27 de novembro.<\/p>\n<p>Segundo informa\u00e7\u00f5es avan\u00e7adas por Adriano Silva Martins no <strong>\u2018V+ Fama\u2019<\/strong>, do V+ TVI, e confirmadas pelo Jornal da Madeira, o enlace estaria j\u00e1 decidido para a ilha natal do craque portugu\u00eas.<\/p>\n<p>O jornal madeirense garantiu que a cerim\u00f3nia <strong>\u201cter\u00e1 lugar na S\u00e9 do Funchal\u201d<\/strong>, enquanto <strong>\u201ca festa ser\u00e1 num hotel de luxo\u201d<\/strong>, avan\u00e7ando detalhes que rapidamente circularam por toda a imprensa nacional.<\/p>\n<p>Katia Aveiro lan\u00e7a d\u00favida e deixa f\u00e3s confusos<\/p>\n<p>No entanto, o cen\u00e1rio sofreu uma reviravolta inesperada depois de um coment\u00e1rio enigm\u00e1tico de Katia Aveiro, revelado em direto por Adriano Silva Martins.<\/p>\n<p>O apresentador recordou no programa que a not\u00edcia do casamento na Madeira j\u00e1 vinha a ser referida h\u00e1 meses:<\/p>\n<p><strong>\u201cTemos vindo a falar muito do futuro casamento de Cristiano Ronaldo e Georgina Rodr\u00edguez, foi por n\u00f3s apontado aqui h\u00e1 mais de um m\u00eas, h\u00e1 quase dois, que o casamento seria depois do Mundial 2026 e na Madeira. Depois, foi dito no Jornal da Madeira, toda a imprensa replicou esta informa\u00e7\u00e3o dois meses depois, mas, de repente, Katia Aveiro vem aqui despistar a malta e, se calhar, n\u00e3o \u00e9 na Madeira.\u201d<\/strong><\/p>\n<p>A d\u00favida instalou-se ap\u00f3s a publica\u00e7\u00e3o de uma troca de mensagens entre uma f\u00e3 e Katia Aveiro no Instagram.<\/p>\n<p>A seguidora deixou uma mensagem entusiasmada:<br \/><strong>\u201cMuito bem! Sempre comentava que seria uma alegria ver o Ronaldo fazer o seu casamento na ilha da Madeira. Que Deus os aben\u00e7oe sempre.\u201d<\/strong><\/p>\n<p>Katia respondeu de forma breve, mas altamente sugestiva:<br \/><strong>\u201cVoc\u00eas acreditam em tudo. Jesus\u201d.<\/strong><\/p>\n<p><a href=\"https:\/\/news.google.com\/publications\/CAAqBwgKMKfIoAswtNK4Aw\" target=\"_blank\" rel=\"noopener noreferrer nofollow\"><img loading=\"lazy\" data-lazyloaded=\"1\" width=\"481\" height=\"161\" decoding=\"async\" src=\"\/wp-content\/uploads\/2024\/02\/GN_siganos.png\" alt=\"Siga-nos no Google News\" style=\"margin-top:20px;\"\/><\/a><script async src=\"\/\/www.instagram.com\/embed.js\"><\/script><\/p>\n","protected":false},"excerpt":{"rendered":"Casamento de Cristiano Ronaldo na Madeira afinal pode n\u00e3o acontecer? Coment\u00e1rio de Katia Aveiro lan\u00e7a caos total e&hellip;\n","protected":false},"author":2,"featured_media":168867,"comment_status":"","ping_status":"","sticky":false,"template":"","format":"standard","meta":{"footnotes":""},"categories":[87],"tags":[667,135,3509,3636,32,33,134],"class_list":{"0":"post-168866","1":"post","2":"type-post","3":"status-publish","4":"format-standard","5":"has-post-thumbnail","7":"category-desporto","8":"tag-cristiano-ronaldo","9":"tag-desporto","10":"tag-georgina-rodriguez","11":"tag-katia-aveiro","12":"tag-portugal","13":"tag-pt","14":"tag-sports"},"share_on_mastodon":{"url":"https:\/\/pubeurope.com\/@pt\/115630128187289570","error":""},"_links":{"self":[{"href":"https:\/\/www.europesays.com\/pt\/wp-json\/wp\/v2\/posts\/168866","targetHints":{"allow":["GET"]}}],"collection":[{"href":"https:\/\/www.europesays.com\/pt\/wp-json\/wp\/v2\/posts"}],"about":[{"href":"https:\/\/www.europesays.com\/pt\/wp-json\/wp\/v2\/types\/post"}],"author":[{"embeddable":true,"href":"https:\/\/www.europesays.com\/pt\/wp-json\/wp\/v2\/users\/2"}],"replies":[{"embeddable":true,"href":"https:\/\/www.europesays.com\/pt\/wp-json\/wp\/v2\/comments?post=168866"}],"version-history":[{"count":0,"href":"https:\/\/www.europesays.com\/pt\/wp-json\/wp\/v2\/posts\/168866\/revisions"}],"wp:featuredmedia":[{"embeddable":true,"href":"https:\/\/www.europesays.com\/pt\/wp-json\/wp\/v2\/media\/168867"}],"wp:attachment":[{"href":"https:\/\/www.europesays.com\/pt\/wp-json\/wp\/v2\/media?parent=168866"}],"wp:term":[{"taxonomy":"category","embeddable":true,"href":"https:\/\/www.europesays.com\/pt\/wp-json\/wp\/v2\/categories?post=168866"},{"taxonomy":"post_tag","embeddable":true,"href":"https:\/\/www.europesays.com\/pt\/wp-json\/wp\/v2\/tags?post=168866"}],"curies":[{"name":"wp","href":"https:\/\/api.w.org\/{rel}","templated":true}]}}