{"id":168868,"date":"2025-11-29T00:21:08","date_gmt":"2025-11-29T00:21:08","guid":{"rendered":"https:\/\/www.europesays.com\/pt\/168868\/"},"modified":"2025-11-29T00:21:08","modified_gmt":"2025-11-29T00:21:08","slug":"tratamento-de-canal-traz-beneficios-para-alem-da-saude-bucal-mostra-estudo-entenda","status":"publish","type":"post","link":"https:\/\/www.europesays.com\/pt\/168868\/","title":{"rendered":"Tratamento de canal traz benef\u00edcios para al\u00e9m da sa\u00fade bucal, mostra estudo; entenda"},"content":{"rendered":"<p data-component-name=\"paragraph\" class=\"styles__ParagraphStyled-sc-6adecn-0 gsLklW  \">Ningu\u00e9m quer fazer um tratamento de canal. Mas, se voc\u00ea precisar passar por esse procedimento odontol\u00f3gico, saiba que um novo estudo sugere que ele pode ter um benef\u00edcio adicional: parece oferecer vantagens protetoras a curto e longo prazo que v\u00e3o al\u00e9m da boca, incluindo a poss\u00edvel redu\u00e7\u00e3o do <a href=\"https:\/\/www.estadao.com.br\/tudo-sobre\/colesterol\/\" target=\"_blank\" rel=\"nofollow noopener\" title=\"https:\/\/www.estadao.com.br\/tudo-sobre\/colesterol\/\"><strong>colesterol<\/strong><\/a> e do risco de doen\u00e7as card\u00edacas ou <a href=\"https:\/\/www.estadao.com.br\/tudo-sobre\/diabete\/\" target=\"_blank\" rel=\"nofollow noopener\" title=\"https:\/\/www.estadao.com.br\/tudo-sobre\/diabete\/\"><strong>diabetes<\/strong><\/a> tipo 2.<\/p>\n<p data-component-name=\"paragraph\" class=\"styles__ParagraphStyled-sc-6adecn-0 gsLklW  \"><a href=\"https:\/\/link.springer.com\/article\/10.1186\/s12967-025-07110-0\" target=\"_blank\" rel=\"nofollow noopener\" title=\"https:\/\/link.springer.com\/article\/10.1186\/s12967-025-07110-0\"><strong>No estudo, publicado na \u00faltima semana no <\/strong><strong>Journal of Translational Medicine<\/strong><\/a>, pesquisadores acompanharam 65 pacientes que apresentavam uma infec\u00e7\u00e3o dent\u00e1ria comum chamada periodontite apical. Estima-se que cerca de 50% dos adultos j\u00e1 tiveram pelo menos um dente com periodontite apical.<\/p>\n<p><img  loading=\"lazy\" class=\"lazy-load-img\"\/><\/p>\n<p>No Brasil, o Conselho Federal de Odontologia recomenda realizar uma consulta com dentista a cada seis meses.\u00a0Foto:  Peopleimages.com\/Adobe Stock<\/p>\n<p>Os pacientes foram submetidos a tratamento endod\u00f4ntico, cir\u00fargico ou de canal, no dente infectado. Durante o tratamento de canal, o dentista limpa o interior do dente \u2014 incluindo todos os nervos e vasos sangu\u00edneos \u2014 para combater a inflama\u00e7\u00e3o ou infec\u00e7\u00e3o e salvar o dente. Os pacientes foram acompanhados por dois anos.<\/p>\n<p>Os pesquisadores descobriram que o tratamento da periodontite apical estava associado a uma melhor sa\u00fade cardiovascular e metab\u00f3lica, incluindo melhores n\u00edveis de a\u00e7\u00facar no sangue e colesterol, e menos inflama\u00e7\u00e3o.<\/p>\n<p data-component-name=\"paragraph\" class=\"styles__ParagraphStyled-sc-6adecn-0 gsLklW  \">\u201cA presen\u00e7a de periodontite apical pode aumentar o risco de diabetes, <a href=\"https:\/\/www.estadao.com.br\/tudo-sobre\/cardiologia\/\" target=\"_blank\" rel=\"nofollow noopener\" title=\"https:\/\/www.estadao.com.br\/tudo-sobre\/cardiologia\/\"><strong>doen\u00e7as card\u00edacas<\/strong><\/a> e outras condi\u00e7\u00f5es sist\u00eamicas\u201d, afirma Sadia Niazi, professora e consultora do King\u2019s College London e pesquisadora principal do estudo. \u201cNo entanto, o tratamento bem-sucedido promove a cicatriza\u00e7\u00e3o e leva a melhorias mensur\u00e1veis \u200b\u200bna sa\u00fade e no bem-estar geral dos pacientes.\u201d<\/p>\n<p data-component-name=\"paragraph\" class=\"styles__ParagraphStyled-sc-6adecn-0 gsLklW  \">A nova pesquisa \u201c\u00e9 um avan\u00e7o\u201d, diz ela. \u201c\u00c9 o primeiro estudo longitudinal realizado com o maior n\u00famero de pacientes at\u00e9 hoje nessa \u00e1rea.\u201d <\/p>\n<p>O que a pesquisa descobriu?<\/p>\n<p data-component-name=\"paragraph\" class=\"styles__ParagraphStyled-sc-6adecn-0 gsLklW  \">No estudo, Sadia e seus colegas utilizaram espectroscopia de resson\u00e2ncia magn\u00e9tica nuclear (RMN) em amostras de sangue de 65 pacientes, todos encaminhados ao Instituto Odontol\u00f3gico do Guy\u2019s Hospital em Londres com periodontite apical. As amostras foram coletadas em cinco momentos diferentes: antes do tratamento e aos tr\u00eas meses, seis meses, um ano e dois anos.<\/p>\n<p data-component-name=\"paragraph\" class=\"styles__ParagraphStyled-sc-6adecn-0 gsLklW  \">Antes de serem tratados para periodontite apical, os pacientes \u2014 mesmo aqueles que eram saud\u00e1veis \u200b\u200bem outros aspectos \u2014 apresentavam n\u00edveis elevados de \u201cmarcadores associados ao risco cardiovascular\u201d, diz Sadia. Esses marcadores inclu\u00edam n\u00edveis de a\u00e7\u00facar no sangue, perfis lip\u00eddicos e indicadores de inflama\u00e7\u00e3o cr\u00f4nica que podem afetar a sa\u00fade do cora\u00e7\u00e3o.<\/p>\n<p data-component-name=\"paragraph\" class=\"styles__ParagraphStyled-sc-6adecn-0 gsLklW  \">Esses marcadores melhoraram ap\u00f3s o tratamento dos pacientes, seja com canal radicular ou cirurgia periapical, que \u00e0s vezes \u00e9 recomendada para casos mais graves. \u201cAp\u00f3s dois anos, esses n\u00edveis estavam visivelmente mais baixos em compara\u00e7\u00e3o com os n\u00edveis iniciais\u201d, conta ela.<\/p>\n<p data-component-name=\"paragraph\" class=\"styles__ParagraphStyled-sc-6adecn-0 gsLklW  \">Algumas melhorias foram notadas ainda mais cedo: mudan\u00e7as significativas no metabolismo lip\u00eddico foram observadas aos tr\u00eas e seis meses, incluindo n\u00edveis mais baixos de colesterol e \u00e1cidos graxos.<\/p>\n<p data-component-name=\"paragraph\" class=\"styles__ParagraphStyled-sc-6adecn-0 gsLklW  \">O estudo n\u00e3o demonstra rela\u00e7\u00e3o de causa e efeito, e \u00e9 poss\u00edvel que algumas dessas melhorias metab\u00f3licas possam ser explicadas por mudan\u00e7as na rotina ou no estilo de vida que os pacientes fizeram durante o per\u00edodo de dois anos, observa Karim El Kholy, professor associado da Faculdade de Odontologia da Universidade de Columbia. El Kholy pesquisa a rela\u00e7\u00e3o entre sa\u00fade bucal e doen\u00e7as cardiovasculares e n\u00e3o participou desse novo estudo. Como todos os pacientes receberam tratamento, n\u00e3o houve um grupo de controle.<\/p>\n<p data-component-name=\"paragraph\" class=\"styles__ParagraphStyled-sc-6adecn-0 gsLklW  \">\u201cMas, falando em algo positivo, acho que o estudo confirma o que muitos de n\u00f3s, em nossos respectivos cantos do mundo, j\u00e1 descobrimos\u201d, diz ele.<\/p>\n<p>Qual a rela\u00e7\u00e3o entre tratamento de canal, doen\u00e7as card\u00edacas e diabetes tipo 2?<\/p>\n<p>Bact\u00e9rias e outros germes est\u00e3o sempre presentes na sua boca, mas o seu corpo geralmente possui um sistema de defesa. <\/p>\n<p>\u201cSe voc\u00ea observar as superf\u00edcies do corpo, ver\u00e1 que elas s\u00e3o cobertas por um epit\u00e9lio (uma camada de c\u00e9lulas) que funciona como uma barreira protetora\u201d, explica Dana Graves, professora do Departamento de Periodontia da Penn Dental Medicine, que estuda a rela\u00e7\u00e3o entre diabetes tipo 2 e doen\u00e7a periodontal.<\/p>\n<p>N\u00e3o existem barreiras desse tipo na ponta da raiz do dente, o que a torna um ponto de acesso perfeito. Ao contr\u00e1rio da parte externa do dente, essa \u00e1rea n\u00e3o \u00e9 acess\u00edvel com fio dental ou escova de dentes, e a polpa infectada pode servir como reservat\u00f3rio para a prolifera\u00e7\u00e3o de bact\u00e9rias. Nesse estudo recente, os pesquisadores detectaram bact\u00e9rias no sangue dos pacientes antes do in\u00edcio do tratamento.<\/p>\n<p data-component-name=\"paragraph\" class=\"styles__ParagraphStyled-sc-6adecn-0 gsLklW  \">Uma vez que essas bact\u00e9rias entram na corrente sangu\u00ednea, elas podem se espalhar. \u201cSua boca est\u00e1 conectada ao resto do corpo, e essa liga\u00e7\u00e3o \u00e9 importante\u201d, diz Sadia.<\/p>\n<p>Germes presentes na boca podem, por exemplo, migrar para os pulm\u00f5es, onde podem causar pneumonia ou outras infec\u00e7\u00f5es respirat\u00f3rias. A endocardite, uma infec\u00e7\u00e3o card\u00edaca rara e grave, tamb\u00e9m pode ser desencadeada por germes da boca que entram na corrente sangu\u00ednea e chegam \u00e0s v\u00e1lvulas do cora\u00e7\u00e3o. Durante a <a href=\"https:\/\/www.estadao.com.br\/tudo-sobre\/gravidez\/\" target=\"_blank\" rel=\"nofollow noopener\" title=\"https:\/\/www.estadao.com.br\/tudo-sobre\/gravidez\/\"><strong>gravidez<\/strong><\/a>, obstetras recomendam uma boa higiene bucal, pois existem algumas evid\u00eancias de que a periodontite (inflama\u00e7\u00e3o das gengivas) pode estar relacionada ao parto prematuro ou ao baixo peso ao nascer.<\/p>\n<p><a href=\"https:\/\/www.estadao.com.br\/saude\/meta-de-inflamacao-essa-pode-ser-a-nova-tarefa-para-evitar-infartos-e-avc\/\" target=\"_blank\" rel=\"nofollow noopener\" title=\"https:\/\/www.estadao.com.br\/saude\/meta-de-inflamacao-essa-pode-ser-a-nova-tarefa-para-evitar-infartos-e-avc\/\"><strong>Um denominador comum, segundo especialistas, \u00e9 a inflama\u00e7\u00e3o<\/strong><\/a>. Quando as bact\u00e9rias entram na corrente sangu\u00ednea, podem desencadear inflama\u00e7\u00e3o cr\u00f4nica no corpo. A preocupa\u00e7\u00e3o \u00e9 que a inflama\u00e7\u00e3o prolongada possa, eventualmente, agravar certas condi\u00e7\u00f5es de sa\u00fade, incluindo doen\u00e7as cardiovasculares e diabetes tipo 2, ambas com uma conhecida liga\u00e7\u00e3o com a sa\u00fade bucal.<\/p>\n<p>Diversos estudos \u201cmostram que, com um tratamento periodontal bom e rigoroso, \u00e9 poss\u00edvel melhorar o controle glic\u00eamico ou ter uma melhora significativa nos n\u00edveis de glicose no sangue\u201d, diz Dana.<\/p>\n<p data-component-name=\"paragraph\" class=\"styles__ParagraphStyled-sc-6adecn-0 gsLklW  \">Pesquisas tamb\u00e9m mostram uma associa\u00e7\u00e3o entre sa\u00fade bucal e doen\u00e7as cardiovasculares, afirma Salim Virani, vice-reitor de pesquisa e professor de cardiologia e sa\u00fade populacional na Universidade Aga Khan, onde estuda doen\u00e7as cardiovasculares e sa\u00fade bucal. Mas uma inc\u00f3gnita \u2014 e algo que este novo estudo busca responder \u2014 \u00e9 se o tratamento \u00e9 eficaz, acrescenta.<\/p>\n<p data-component-name=\"paragraph\" class=\"styles__ParagraphStyled-sc-6adecn-0 gsLklW  \">\u201cSabemos, por diversos estudos anteriores, que a m\u00e1 sa\u00fade bucal est\u00e1 associada a doen\u00e7as card\u00edacas\u201d, diz ele, \u201cmas n\u00e3o sabemos o que acontece quando esses indiv\u00edduos s\u00e3o tratados. Isso leva a uma melhora na sa\u00fade do cora\u00e7\u00e3o?\u201d<\/p>\n<p>Consultas regulares s\u00e3o essenciais<\/p>\n<p data-component-name=\"paragraph\" class=\"styles__ParagraphStyled-sc-6adecn-0 gsLklW  \">Se h\u00e1 uma conclus\u00e3o a tirar do estudo \u00e9 que os cuidados dent\u00e1rios de rotina s\u00e3o cruciais, afirma El Kholy. \u201c\u00c0s vezes, essas condi\u00e7\u00f5es que aparecem na boca podem ser silenciosas\u201d, diz ele. \u201c\u00c9 muito importante detectar esses problemas e trat\u00e1-los logo no in\u00edcio, antes que se tornem uma infec\u00e7\u00e3o localizada.\u201d<\/p>\n<p data-component-name=\"paragraph\" class=\"styles__ParagraphStyled-sc-6adecn-0 gsLklW  \">Isso significa visitas regulares ao dentista. A Associa\u00e7\u00e3o Americana de Odontologia recomenda de uma a duas visitas por ano para a maioria das pessoas (o Conselho Federal de Odontologia recomenda uma consulta odontol\u00f3gica a cada seis meses, independentemente do surgimento de sintomas). <\/p>\n<p data-component-name=\"paragraph\" class=\"styles__ParagraphStyled-sc-6adecn-0 gsLklW  \">E se o dentista disser que voc\u00ea precisa de um tratamento de canal, \u00e9 preciso entender \u201cque (isso) n\u00e3o \u00e9 apenas um procedimento odontol\u00f3gico\u201d, afirma Sadia, \u201cmas pode impactar positivamente a sa\u00fade geral\u201d.<\/p>\n<p data-component-name=\"paragraph\" class=\"styles__ParagraphStyled-sc-6adecn-0 gsLklW  \">Tamb\u00e9m \u00e9 importante ter uma alimenta\u00e7\u00e3o saud\u00e1vel, praticar <a href=\"https:\/\/www.estadao.com.br\/tudo-sobre\/exercicio-fisico\/\" target=\"_blank\" rel=\"nofollow noopener\" title=\"https:\/\/www.estadao.com.br\/tudo-sobre\/exercicio-fisico\/\"><strong>atividade f\u00edsica<\/strong><\/a> suficiente, n\u00e3o fumar e tomar qualquer medicamento para colesterol alto ou press\u00e3o arterial prescrito pelo seu m\u00e9dico, diz Virani.<\/p>\n<p data-component-name=\"paragraph\" class=\"styles__ParagraphStyled-sc-6adecn-0 gsLklW  \">Especialistas afirmam esperar que estudos como esse tamb\u00e9m incentivem uma maior colabora\u00e7\u00e3o entre dentistas e outros profissionais da sa\u00fade. \u201cA odontologia, por ser uma especialidade em si, \u00e0s vezes leva as pessoas a cometerem o erro de pensar que ela est\u00e1 de alguma forma separada do corpo\u201d, avalia El Kholy.<\/p>\n<p data-component-name=\"paragraph\" class=\"styles__ParagraphStyled-sc-6adecn-0 gsLklW  \">A liga\u00e7\u00e3o entre a sa\u00fade bucal e a sa\u00fade sist\u00eamica \u201cainda n\u00e3o \u00e9 totalmente reconhecida nas \u00e1reas da odontologia e da medicina\u201d, acrescenta Sadia. \u201cAgora \u00e9 o momento de avan\u00e7armos rumo a um cuidado integrado.\u201d<\/p>\n<p data-component-name=\"paragraph\" class=\"styles__ParagraphStyled-sc-6adecn-0 gsLklW  \">Este conte\u00fado foi traduzido com o aux\u00edlio de ferramentas de Intelig\u00eancia Artificial e revisado por nossa equipe editorial. <a href=\"https:\/\/www.estadao.com.br\/link\/estadao-define-politica-de-uso-de-ferramentas-de-inteligencia-artificial-por-seus-jornalistas-veja\/\" target=\"_blank\" rel=\"nofollow noopener\"><strong>Saiba mais em nossa Pol\u00edtica de IA<\/strong><\/a>.<\/p>\n","protected":false},"excerpt":{"rendered":"Ningu\u00e9m quer fazer um tratamento de canal. Mas, se voc\u00ea precisar passar por esse procedimento odontol\u00f3gico, saiba que&hellip;\n","protected":false},"author":2,"featured_media":168869,"comment_status":"","ping_status":"","sticky":false,"template":"","format":"standard","meta":{"footnotes":""},"categories":[86],"tags":[5486,35437,35438,34419,5487,17920,35439,35440,1779,35441,31282,35442,12452,12453,12454,34423,7672,23497,12455,1098,116,7364,10336,1789,17925,7676,12458,5501,1794,1795,17673,9108,35443,12464,35444,1798,1112,32,11819,12096,33,35445,117,7120,7377,4206,12468,29455,4324,200,12099,35446,15776],"class_list":{"0":"post-168868","1":"post","2":"type-post","3":"status-publish","4":"format-standard","5":"has-post-thumbnail","7":"category-saude","8":"tag-care","9":"tag-career","10":"tag-cavity","11":"tag-chair","12":"tag-check","13":"tag-clean","14":"tag-cleaning","15":"tag-client","16":"tag-clinic","17":"tag-consult","18":"tag-consultation","19":"tag-consulting","20":"tag-dental","21":"tag-dentist","22":"tag-dentistry","23":"tag-employee","24":"tag-equipment","25":"tag-exam","26":"tag-examination","27":"tag-female","28":"tag-health","29":"tag-healthcare","30":"tag-help","31":"tag-hospital","32":"tag-hygiene","33":"tag-insurance","34":"tag-job","35":"tag-medic","36":"tag-medical","37":"tag-medicine","38":"tag-mouth","39":"tag-office","40":"tag-open-mouth","41":"tag-oral","42":"tag-oral-health","43":"tag-patient","44":"tag-people","45":"tag-portugal","46":"tag-procedure","47":"tag-professional","48":"tag-pt","49":"tag-repair","50":"tag-saude","51":"tag-service","52":"tag-support","53":"tag-surgery","54":"tag-teeth","55":"tag-tools","56":"tag-wellness","57":"tag-woman","58":"tag-worker","59":"tag-working","60":"tag-workplace"},"share_on_mastodon":{"url":"","error":"Validation failed: Text character limit of 500 exceeded"},"_links":{"self":[{"href":"https:\/\/www.europesays.com\/pt\/wp-json\/wp\/v2\/posts\/168868","targetHints":{"allow":["GET"]}}],"collection":[{"href":"https:\/\/www.europesays.com\/pt\/wp-json\/wp\/v2\/posts"}],"about":[{"href":"https:\/\/www.europesays.com\/pt\/wp-json\/wp\/v2\/types\/post"}],"author":[{"embeddable":true,"href":"https:\/\/www.europesays.com\/pt\/wp-json\/wp\/v2\/users\/2"}],"replies":[{"embeddable":true,"href":"https:\/\/www.europesays.com\/pt\/wp-json\/wp\/v2\/comments?post=168868"}],"version-history":[{"count":0,"href":"https:\/\/www.europesays.com\/pt\/wp-json\/wp\/v2\/posts\/168868\/revisions"}],"wp:featuredmedia":[{"embeddable":true,"href":"https:\/\/www.europesays.com\/pt\/wp-json\/wp\/v2\/media\/168869"}],"wp:attachment":[{"href":"https:\/\/www.europesays.com\/pt\/wp-json\/wp\/v2\/media?parent=168868"}],"wp:term":[{"taxonomy":"category","embeddable":true,"href":"https:\/\/www.europesays.com\/pt\/wp-json\/wp\/v2\/categories?post=168868"},{"taxonomy":"post_tag","embeddable":true,"href":"https:\/\/www.europesays.com\/pt\/wp-json\/wp\/v2\/tags?post=168868"}],"curies":[{"name":"wp","href":"https:\/\/api.w.org\/{rel}","templated":true}]}}