{"id":168870,"date":"2025-11-29T00:26:15","date_gmt":"2025-11-29T00:26:15","guid":{"rendered":"https:\/\/www.europesays.com\/pt\/168870\/"},"modified":"2025-11-29T00:26:15","modified_gmt":"2025-11-29T00:26:15","slug":"dois-mortos-e-quatro-feridos-em-colisao-na-a24-em-chaves","status":"publish","type":"post","link":"https:\/\/www.europesays.com\/pt\/168870\/","title":{"rendered":"Dois mortos e quatro feridos em colis\u00e3o na A24 em Chaves"},"content":{"rendered":"<p data-remotead-prev-elm=\"true\" data-remotead-elm-id=\"inread\">Duas pessoas morreram e quatro ficaram feridas, duas delas com gravidade, na sequ\u00eancia de uma colis\u00e3o entre dois carros na Autoestrada A24, na zona de Vidago, concelho de Chaves, pouco depois das 17 horas desta sexta-feira.<\/p>\n<p>Por raz\u00f5es que ainda est\u00e3o a ser investigadas, um ve\u00edculo com duas pessoas a bordo embateu na traseira de outro, que transportava quatro ocupantes. Ambos seguiam no sentido Vila Real-Chaves.<\/p>\n<p>O comandante dos Bombeiros Volunt\u00e1rios de Vidago, Bruno Henriques, adiantou, ao JN, que as v\u00edtimas mortais s\u00e3o os passageiros do banco traseiro da viatura que sofreu o embate: uma mulher de 52 anos e um homem de 60. O \u00f3bito foi declarado no local pela equipa da Viatura M\u00e9dica de Emerg\u00eancia e Reanima\u00e7\u00e3o (VMER).<\/p>\n<p data-remotead-prev-elm=\"true\" data-remotead-elm-id=\"centro1\">As duas feridas graves &#8211; a condutora e a passageira (pendura) do ve\u00edculo da frente, com 23 e 26 anos &#8211; foram transportadas de ambul\u00e2ncia para o Hospital de Vila Real.<\/p>\n<p>No carro que seguia atr\u00e1s e embateu no da frente seguiam um homem de 61 anos e uma mulher de 64, que sofreram ferimentos ligeiros e foram encaminhados para o Hospital de Chaves.<\/p>\n<p>Bruno Henriques afirmou que, \u00e0 hora do alerta (17.16 horas), &#8220;haveria algum nevoeiro&#8221; na zona e que \u00e9 prov\u00e1vel que existisse &#8220;pouca visibilidade&#8221;. No entanto, ressalvou que &#8220;n\u00e3o \u00e9 poss\u00edvel confirmar com toda a certeza&#8221; se as condi\u00e7\u00f5es atmosf\u00e9ricas tiveram influ\u00eancia no acidente, que est\u00e1 a ser investigado pelas autoridades.<\/p>\n<p data-remotead-prev-elm=\"true\" data-remotead-elm-id=\"centro2\">Nas opera\u00e7\u00f5es de socorro participaram os Bombeiros Volunt\u00e1rios de Vidago, com seis ve\u00edculos e 18 operacionais, os Bombeiros Volunt\u00e1rios de Salva\u00e7\u00e3o P\u00fablica de Chaves, com tr\u00eas ve\u00edculos e nove operacionais, e uma ambul\u00e2ncia dos Bombeiros Volunt\u00e1rios de Boticas, com dois operacionais. Foram ainda<\/p>\n<p>mobilizadas as VMER de Vila Real e Chaves e o helic\u00f3ptero do INEM, que acabou por n\u00e3o aterrar por j\u00e1 n\u00e3o ser necess\u00e1rio. A GNR tamb\u00e9m esteve presente, tal como elementos da concession\u00e1ria da Autoestrada A24.<\/p>\n","protected":false},"excerpt":{"rendered":"Duas pessoas morreram e quatro ficaram feridas, duas delas com gravidade, na sequ\u00eancia de uma colis\u00e3o entre dois&hellip;\n","protected":false},"author":2,"featured_media":168871,"comment_status":"","ping_status":"","sticky":false,"template":"","format":"standard","meta":{"footnotes":""},"categories":[10],"tags":[59,27,28,30382,15,16,14,25,26,21,22,12,13,19,20,32,23,24,33,17,18,29,30,31],"class_list":{"0":"post-168870","1":"post","2":"type-post","3":"status-publish","4":"format-standard","5":"has-post-thumbnail","7":"category-portugal","8":"tag-acidente","9":"tag-breaking-news","10":"tag-breakingnews","11":"tag-concelho-chaves","12":"tag-featured-news","13":"tag-featurednews","14":"tag-headlines","15":"tag-latest-news","16":"tag-latestnews","17":"tag-main-news","18":"tag-mainnews","19":"tag-news","20":"tag-noticias","21":"tag-noticias-principais","22":"tag-noticiasprincipais","23":"tag-portugal","24":"tag-principais-noticias","25":"tag-principaisnoticias","26":"tag-pt","27":"tag-top-stories","28":"tag-topstories","29":"tag-ultimas","30":"tag-ultimas-noticias","31":"tag-ultimasnoticias"},"share_on_mastodon":{"url":"https:\/\/pubeurope.com\/@pt\/115630151595623074","error":""},"_links":{"self":[{"href":"https:\/\/www.europesays.com\/pt\/wp-json\/wp\/v2\/posts\/168870","targetHints":{"allow":["GET"]}}],"collection":[{"href":"https:\/\/www.europesays.com\/pt\/wp-json\/wp\/v2\/posts"}],"about":[{"href":"https:\/\/www.europesays.com\/pt\/wp-json\/wp\/v2\/types\/post"}],"author":[{"embeddable":true,"href":"https:\/\/www.europesays.com\/pt\/wp-json\/wp\/v2\/users\/2"}],"replies":[{"embeddable":true,"href":"https:\/\/www.europesays.com\/pt\/wp-json\/wp\/v2\/comments?post=168870"}],"version-history":[{"count":0,"href":"https:\/\/www.europesays.com\/pt\/wp-json\/wp\/v2\/posts\/168870\/revisions"}],"wp:featuredmedia":[{"embeddable":true,"href":"https:\/\/www.europesays.com\/pt\/wp-json\/wp\/v2\/media\/168871"}],"wp:attachment":[{"href":"https:\/\/www.europesays.com\/pt\/wp-json\/wp\/v2\/media?parent=168870"}],"wp:term":[{"taxonomy":"category","embeddable":true,"href":"https:\/\/www.europesays.com\/pt\/wp-json\/wp\/v2\/categories?post=168870"},{"taxonomy":"post_tag","embeddable":true,"href":"https:\/\/www.europesays.com\/pt\/wp-json\/wp\/v2\/tags?post=168870"}],"curies":[{"name":"wp","href":"https:\/\/api.w.org\/{rel}","templated":true}]}}