{"id":168878,"date":"2025-11-29T00:35:18","date_gmt":"2025-11-29T00:35:18","guid":{"rendered":"https:\/\/www.europesays.com\/pt\/168878\/"},"modified":"2025-11-29T00:35:18","modified_gmt":"2025-11-29T00:35:18","slug":"gripe-ja-e-epidemia-em-espanha","status":"publish","type":"post","link":"https:\/\/www.europesays.com\/pt\/168878\/","title":{"rendered":"Gripe j\u00e1 \u00e9 epidemia em Espanha"},"content":{"rendered":"<p class=\"wp-caption-text top\"><a href=\"https:\/\/www.freepik.com\/free-photo\/bored-sick-woman-holding-hand-head-blowing-nose-with-napkin_4166751.htm\" rel=\"nofollow external noopener noreferrer\" data-wpel-link=\"external\" target=\"_blank\" class=\"ext-link\">katemangostar \/ Freepik<\/a><\/p>\n<p><img decoding=\"async\" loading=\"lazy\" class=\"size-kopa-image-size-3 wp-image-714108\" src=\"https:\/\/www.europesays.com\/pt\/wp-content\/uploads\/2025\/11\/8285becb29953a330876e9a606ac81d4-783x450.jpg\" alt=\"\" width=\"700\" height=\"402\"  \/><\/p>\n<p><strong>Limite de 37 casos por 100 mil habitantes foi ultrapassado. H\u00e1 sete \u201cchaves\u201d neste ano diferente \u2013 em Espanha e na Europa.<\/strong><\/p>\n<p>A gripe tamb\u00e9m se est\u00e1 a espalhar em <strong>Espanha.<\/strong> Nesta quinta-feira, o pa\u00eds vizinho passou a estar sob uma<strong> fase epid\u00e9mica de gripe<\/strong>.<\/p>\n<p>O <a href=\"https:\/\/docsivira.isciii.es\/informe_semanal_SiVIRA_202547.html\" data-wpel-link=\"external\" target=\"_blank\" rel=\"nofollow external noopener noreferrer\" class=\"ext-link\">relat\u00f3rio<\/a> mais recente do Instituto de Sa\u00fade Carlos III mostra que a taxa de sintomas gripais subiu de 35,2 para <strong>40,1 casos por 100 mil habitantes<\/strong>.<\/p>\n<p>Espanha passou a estar sob epidemia de gripe porque o limiar, para essa designa\u00e7\u00e3o, \u00e9 de 37 casos por cada 100 mil habitantes; um limite que j\u00e1 foi ultrapassado, ainda em Novembro.<\/p>\n<p>A incid\u00eancia total estimada de gripe \u2014 um indicador que envolve outras vari\u00e1veis, n\u00e3o s\u00f3 a taxa de sintomas \u200b\u200b\u2014 disparou para 112,2 casos por 100 mil habitantes, bem mais do que os 80,5 na semana passada.<\/p>\n<p>E as previs\u00f5es indicam que a taxa <strong>vai continuar a subir de forma acentuada<\/strong> ao longo das pr\u00f3ximas semanas.<\/p>\n<p>Esta fase epid\u00e9mica da gripe em Espanha vai de encontro com o <a href=\"https:\/\/zap.aeiou.pt\/gripe-chegou-mais-cedo-712750\" data-wpel-link=\"internal\" rel=\"nofollow noopener\" target=\"_blank\">aviso<\/a> recente do Centro Europeu de Preven\u00e7\u00e3o e Controle de Doen\u00e7as: neste Outono, os casos de gripe est\u00e3o a aumentar de forma invulgar e precoce com uma nova estirpe.<\/p>\n<p>Em compara\u00e7\u00e3o com anos anteriores, os casos est\u00e3o a surgir tr\u00eas a quatro semanas mais cedo e a circula\u00e7\u00e3o est\u00e1 a ser impulsionada por uma nova estirpe de gripe A (H3N2), subtipo K.<\/p>\n<p>\u00c9 precisamente essa nova estirpe que tamb\u00e9m se est\u00e1 a <a href=\"https:\/\/zap.aeiou.pt\/gripe-a-espalha-vacina-nao-resulta-nova-estirpe-h3n2-713685\" data-wpel-link=\"internal\" rel=\"nofollow noopener\" target=\"_blank\">espalhar em Portugal<\/a>.<\/p>\n<p>O jornal <a href=\"https:\/\/elpais.com\/sociedad\/2025-11-27\/una-gripe-adelantada-y-con-mutaciones-siete-claves-de-una-temporada-atipica-que-pone-en-alerta-a-las-autoridades.html\" data-wpel-link=\"external\" target=\"_blank\" rel=\"nofollow external noopener noreferrer\" class=\"ext-link\">El Pa\u00eds<\/a> resume as<strong> sete \u201cchaves\u201d deste v\u00edrus H3N2<\/strong>, que est\u00e1 a chegar mais cedo e com muta\u00e7\u00f5es.<\/p>\n<p>Como j\u00e1 foi mencionado, o v\u00edrus \u00e9 madrugador e \u00e9 diferente; ainda n\u00e3o h\u00e1 conclus\u00f5es claras sobre se \u00e9 mais grave mas, como \u00e9 diferente, as ondas de gripe dever\u00e3o ser maiores e mais intensas.<\/p>\n<p>As vacinas n\u00e3o s\u00e3o t\u00e3o eficazes contra o H3N2; o v\u00edrus j\u00e1 come\u00e7ou a ser registado h\u00e1 cerca de um m\u00eas em Espanha; a prioridade das autoridades, na lista de recomenda\u00e7\u00f5es, \u00e9 vacinar.<\/p>\n<p>Por fim, o pico em Espanha deve tamb\u00e9m chegar mais cedo, provavelmente j\u00e1 no Natal (costuma ser no fim de Janeiro, ou no in\u00edcio de Fevereiro).<\/p>\n<p>    <a href=\"https:\/\/zap.aeiou.pt\/subscrever-newsletter\" data-wpel-link=\"internal\" rel=\"nofollow noopener\" target=\"_blank\">&#13;<br \/>\n        <img loading=\"lazy\" decoding=\"async\" class=\"aligncenter size-full wp-image-575475\" src=\"https:\/\/www.europesays.com\/pt\/wp-content\/uploads\/2025\/11\/2d51fe4a0ba54894421ead1809309ed9-1-450x140.jpg\" alt=\"Subscreva a Newsletter ZAP\" width=\"450\" height=\"140\"\/>&#13;<br \/>\n    <\/a><\/p>\n<p>                <a href=\"https:\/\/whatsapp.com\/channel\/0029VaIC4EE2f3EJZPPSbR34\" data-wpel-link=\"external\" target=\"_blank\" rel=\"nofollow external noopener noreferrer\" class=\"ext-link\">&#13;<br \/>\n                    <img loading=\"lazy\" decoding=\"async\" class=\"aligncenter size-full wp-image-575475\" src=\"https:\/\/www.europesays.com\/pt\/wp-content\/uploads\/2025\/11\/c68c559d956d4ca20f435ed74a6e71e6.png\" alt=\"Siga-nos no WhatsApp\" width=\"175\" height=\"64\"\/>&#13;<br \/>\n                <\/a><\/p>\n<p>                <a href=\"https:\/\/news.google.com\/publications\/CAAiEHRwZondIV71PDjWNoqMduEqFAgKIhB0cGaJ3SFe9Tw41jaKjHbh?hl=en-US&amp;gl=US&amp;ceid=US%3Aen\" data-wpel-link=\"external\" target=\"_blank\" rel=\"nofollow external noopener noreferrer\" class=\"ext-link\">&#13;<br \/>\n                    <img loading=\"lazy\" decoding=\"async\" class=\"aligncenter size-full wp-image-575475\" src=\"https:\/\/www.europesays.com\/pt\/wp-content\/uploads\/2025\/11\/5123dd8b087b644fdb8f8603acd1bad4.png\" alt=\"Siga-nos no Google News\" width=\"176\" height=\"64\"\/>&#13;<br \/>\n                <\/a><\/p>\n","protected":false},"excerpt":{"rendered":"katemangostar \/ Freepik Limite de 37 casos por 100 mil habitantes foi ultrapassado. H\u00e1 sete \u201cchaves\u201d neste ano&hellip;\n","protected":false},"author":2,"featured_media":168879,"comment_status":"","ping_status":"","sticky":false,"template":"","format":"standard","meta":{"footnotes":""},"categories":[86],"tags":[269,640,1418,116,32,33,117,896],"class_list":{"0":"post-168878","1":"post","2":"type-post","3":"status-publish","4":"format-standard","5":"has-post-thumbnail","7":"category-saude","8":"tag-capa","9":"tag-espanha","10":"tag-gripe","11":"tag-health","12":"tag-portugal","13":"tag-pt","14":"tag-saude","15":"tag-saude-publica"},"share_on_mastodon":{"url":"https:\/\/pubeurope.com\/@pt\/115630186677486600","error":""},"_links":{"self":[{"href":"https:\/\/www.europesays.com\/pt\/wp-json\/wp\/v2\/posts\/168878","targetHints":{"allow":["GET"]}}],"collection":[{"href":"https:\/\/www.europesays.com\/pt\/wp-json\/wp\/v2\/posts"}],"about":[{"href":"https:\/\/www.europesays.com\/pt\/wp-json\/wp\/v2\/types\/post"}],"author":[{"embeddable":true,"href":"https:\/\/www.europesays.com\/pt\/wp-json\/wp\/v2\/users\/2"}],"replies":[{"embeddable":true,"href":"https:\/\/www.europesays.com\/pt\/wp-json\/wp\/v2\/comments?post=168878"}],"version-history":[{"count":0,"href":"https:\/\/www.europesays.com\/pt\/wp-json\/wp\/v2\/posts\/168878\/revisions"}],"wp:featuredmedia":[{"embeddable":true,"href":"https:\/\/www.europesays.com\/pt\/wp-json\/wp\/v2\/media\/168879"}],"wp:attachment":[{"href":"https:\/\/www.europesays.com\/pt\/wp-json\/wp\/v2\/media?parent=168878"}],"wp:term":[{"taxonomy":"category","embeddable":true,"href":"https:\/\/www.europesays.com\/pt\/wp-json\/wp\/v2\/categories?post=168878"},{"taxonomy":"post_tag","embeddable":true,"href":"https:\/\/www.europesays.com\/pt\/wp-json\/wp\/v2\/tags?post=168878"}],"curies":[{"name":"wp","href":"https:\/\/api.w.org\/{rel}","templated":true}]}}