{"id":168886,"date":"2025-11-29T00:42:11","date_gmt":"2025-11-29T00:42:11","guid":{"rendered":"https:\/\/www.europesays.com\/pt\/168886\/"},"modified":"2025-11-29T00:42:11","modified_gmt":"2025-11-29T00:42:11","slug":"cartas-em-jogo-naldo-benny-comanda-a-festa-do-top-10-em-a-fazenda-record","status":"publish","type":"post","link":"https:\/\/www.europesays.com\/pt\/168886\/","title":{"rendered":"Cartas em jogo! Naldo Benny comanda a festa do Top 10 em A Fazenda \u2013 Record"},"content":{"rendered":"<p><img decoding=\"async\" data-chromatic=\"ignore\" alt=\"\" class=\"c-image\" loading=\"lazy\" src=\"https:\/\/www.europesays.com\/pt\/wp-content\/uploads\/2025\/11\/ONN4I7LAJFFPRHD2J5LSIPV2EE.png\"  width=\"2116\" height=\"1153\"\/>Naldo Benny agita o fester\u00ea da pe\u00e3ozada Reprodu\u00e7\u00e3o\/RecordPlus <\/p>\n<p class=\"jarvics:base-text-neutral-high-400 base-text-[calc(theme(fontSize.xs)_*_var(--font-size,_1))] base-font-normal base-font-primary base-text-neutral-low-500 base-text-left\">A semana foi agitada em Itapecerica da Serra e chegou o t\u00e3o esperado sextou para comemorar o <a href=\"https:\/\/record.r7.com\/a-fazenda\/a-fazenda-17\/novidades\/fotos\/top-10-veja-quem-sao-os-peoes-que-estao-na-reta-final-de-a-fazenda-17-28112025\/\" target=\"_self\" rel=\"nofollow noopener\" title=\"https:\/\/record.r7.com\/a-fazenda\/a-fazenda-17\/novidades\/fotos\/top-10-veja-quem-sao-os-peoes-que-estao-na-reta-final-de-a-fazenda-17-28112025\/\"><b>Top 10<\/b><\/a> de <a href=\"https:\/\/record.r7.com\/a-fazenda\/a-fazenda-17\/\" target=\"_self\" rel=\"nofollow noopener\" title=\"https:\/\/record.r7.com\/a-fazenda\/a-fazenda-17\/\"><b>A Fazenda<\/b><\/a>. Os pe\u00f5es que continuam na disputa pelo pr\u00eamio milion\u00e1rio v\u00e3o se divertir com os sucessos do cantor Naldo Benny! A pista de dan\u00e7a est\u00e1 aberta com o tema \u201ccartas\u201d.<\/p>\n<ul class=\"b-article-body__list-unordered\">\n<li><b>Quer ficar por dentro de tudo que est\u00e1 acontecendo em\u00a0<\/b><b>A Fazenda 17<\/b><b>?\u00a0<\/b><a href=\"https:\/\/www.whatsapp.com\/channel\/0029Va2cJIR1noz2ahzX0D1N\" target=\"_blank\" rel=\"noreferrer nofollow noopener\" title=\"https:\/\/www.whatsapp.com\/channel\/0029Va2cJIR1noz2ahzX0D1N\"><b>Clique aqui<\/b><\/a><b>\u00a0e fa\u00e7a parte do nosso canal no WhatsApp!<\/b><\/li>\n<\/ul>\n<p class=\"jarvics:base-text-neutral-high-400 base-text-[calc(theme(fontSize.xs)_*_var(--font-size,_1))] base-font-normal base-font-primary base-text-neutral-low-500 base-text-left\">A noite promete boas hist\u00f3rias e momentos inesquec\u00edveis nessa reta final do reality! <\/p>\n<p class=\"jarvics:base-text-neutral-high-400 base-text-[calc(theme(fontSize.xs)_*_var(--font-size,_1))] base-font-normal base-font-primary base-text-neutral-low-500 base-text-left\">E melhor: ser\u00e1 poss\u00edvel acompanhar tudo pelo <a href=\"https:\/\/www.recordplus.com\/home\" target=\"_self\" rel=\"nofollow noopener\" title=\"https:\/\/www.recordplus.com\/home\"><b>RecordPlus <\/b><\/a>nesta sexta (28) \u00e0 noite. Na TV, o programa exibe um pequeno trecho ao vivo. Os momentos marcantes da balada v\u00e3o ao ar no epis\u00f3dio deste s\u00e1bado (29).<\/p>\n<p class=\"jarvics:base-text-neutral-high-400 base-text-[calc(theme(fontSize.xs)_*_var(--font-size,_1))] base-font-normal base-font-primary base-text-neutral-low-500 base-text-left\">Fique ligado! <a href=\"https:\/\/record.r7.com\/a-fazenda\/a-fazenda-17\/\" rel=\"nofollow noopener\" title=\"https:\/\/record.r7.com\/a-fazenda\/a-fazenda-17\/\" target=\"_blank\"><b>A Fazenda 17<\/b><\/a> vai ao ar de segunda a domingo, \u00e0s 22h30, na tela da <a href=\"https:\/\/record.r7.com\/\" rel=\"nofollow noopener\" target=\"_blank\"><b>RECORD<\/b><\/a>. Assine o <a href=\"https:\/\/www.recordplus.com\/home\" rel=\"nofollow noopener\" title=\"https:\/\/www.recordplus.com\/home\" target=\"_blank\"><b>RecordPlus<\/b><\/a> e tenha acesso \u00e0s c\u00e2meras 24 horas.<\/p>\n<p><b>Pula-pula no sof\u00e1, desfile da Cobra Gog\u00f3 e euforia: pe\u00f5es comemoram a elimina\u00e7\u00e3o de Rayane Figliuzzi<\/b><\/p>\n<p class=\"jarvics:base-text-neutral-high-400 base-text-[calc(theme(fontSize.xxs)_*_var(--font-size,_1))] base-font-semibold base-font-primary base-text-neutral-low-500 base-text-left\">A Ro\u00e7a que definiu o Top 10 de A Fazenda 17 teve uma das elimina\u00e7\u00f5es mais chocantes da temporada. Com uma trajet\u00f3ria de protagonista, Rayane Figliuzzi se despediu do reality rural e a volta de Luiz Mesquita e Toninho Tornado para a sede deu o que falar. Se liga nas rea\u00e7\u00f5es dos pe\u00f5es!<\/p>\n","protected":false},"excerpt":{"rendered":"Naldo Benny agita o fester\u00ea da pe\u00e3ozada Reprodu\u00e7\u00e3o\/RecordPlus A semana foi agitada em Itapecerica da Serra e chegou&hellip;\n","protected":false},"author":2,"featured_media":168887,"comment_status":"","ping_status":"","sticky":false,"template":"","format":"standard","meta":{"footnotes":""},"categories":[145],"tags":[657,211,210,114,115,35447,32,33],"class_list":{"0":"post-168886","1":"post","2":"type-post","3":"status-publish","4":"format-standard","5":"has-post-thumbnail","7":"category-celebridades","8":"tag-a-fazenda","9":"tag-celebridades","10":"tag-celebrities","11":"tag-entertainment","12":"tag-entretenimento","13":"tag-naldo","14":"tag-portugal","15":"tag-pt"},"share_on_mastodon":{"url":"https:\/\/pubeurope.com\/@pt\/115630214094329911","error":""},"_links":{"self":[{"href":"https:\/\/www.europesays.com\/pt\/wp-json\/wp\/v2\/posts\/168886","targetHints":{"allow":["GET"]}}],"collection":[{"href":"https:\/\/www.europesays.com\/pt\/wp-json\/wp\/v2\/posts"}],"about":[{"href":"https:\/\/www.europesays.com\/pt\/wp-json\/wp\/v2\/types\/post"}],"author":[{"embeddable":true,"href":"https:\/\/www.europesays.com\/pt\/wp-json\/wp\/v2\/users\/2"}],"replies":[{"embeddable":true,"href":"https:\/\/www.europesays.com\/pt\/wp-json\/wp\/v2\/comments?post=168886"}],"version-history":[{"count":0,"href":"https:\/\/www.europesays.com\/pt\/wp-json\/wp\/v2\/posts\/168886\/revisions"}],"wp:featuredmedia":[{"embeddable":true,"href":"https:\/\/www.europesays.com\/pt\/wp-json\/wp\/v2\/media\/168887"}],"wp:attachment":[{"href":"https:\/\/www.europesays.com\/pt\/wp-json\/wp\/v2\/media?parent=168886"}],"wp:term":[{"taxonomy":"category","embeddable":true,"href":"https:\/\/www.europesays.com\/pt\/wp-json\/wp\/v2\/categories?post=168886"},{"taxonomy":"post_tag","embeddable":true,"href":"https:\/\/www.europesays.com\/pt\/wp-json\/wp\/v2\/tags?post=168886"}],"curies":[{"name":"wp","href":"https:\/\/api.w.org\/{rel}","templated":true}]}}