{"id":168890,"date":"2025-11-29T00:48:11","date_gmt":"2025-11-29T00:48:11","guid":{"rendered":"https:\/\/www.europesays.com\/pt\/168890\/"},"modified":"2025-11-29T00:48:11","modified_gmt":"2025-11-29T00:48:11","slug":"navegadoras-de-alta-rotacao-nao-mereciam-a-derrota","status":"publish","type":"post","link":"https:\/\/www.europesays.com\/pt\/168890\/","title":{"rendered":"Navegadoras de alta rota\u00e7\u00e3o n\u00e3o mereciam a derrota"},"content":{"rendered":"<p><a target=\"_blank\" class=\"editor-link autolink-enabled\" href=\"https:\/\/www.abola.pt\/futebol\/portugal-25538\" data-resource-id=\"25538\" data-resource-type=\"team\" data-sport=\"football\" rel=\"nofollow noopener\">Portugal<\/a> acabou por perder (1-2) no exigente particular de prepara\u00e7\u00e3o diante dos Pa\u00edses Baixos, \u00e9 verdade, mas as indica\u00e7\u00f5es deixadas pelas Navegadoras deixam boas perspetivas para a fase de qualifica\u00e7\u00e3o para o Mundial 2027, que arranca em mar\u00e7o do pr\u00f3ximo ano.<\/p>\n<p>A Sele\u00e7\u00e3o entrou em campo comprometida e com um plano de jogo bem definido. Foi do lado luso que surgiu o primeiro lance de perigo da partida, com Telma Encarna\u00e7\u00e3o a testar as luvas de Lize Kop.<\/p>\n<p>A boa entrada portuguesa foi rapidamente contrariada pela forte resposta neerlandesa. J\u00e1 depois de Leuchter, aos 18&#8242;, ter introduzido a bola na baliza &#8211; n\u00e3o houve golo por posi\u00e7\u00e3o irregular -, o tento de Chasity Grant, apenas tr\u00eas minutos depois, valeu mesmo e a turma visitante colocou-se em vantagem.<\/p>\n<p>Nem para esbo\u00e7ar uma rea\u00e7\u00e3o houve tempo, j\u00e1 que Lynn Wilms ampliou a vantagem forasteira volvidos&#8230; dois minutos, fruto de uma distra\u00e7\u00e3o da retaguarda de Portugal.<\/p>\n<p>Os dois golos de rajada abalaram a turma de Francisco Neto, que ainda recebeu piores not\u00edcias aos 38 minutos. <a class=\"autolink-enabled\" data-resource-id=\"256892\" data-resource-type=\"player\" data-sport=\"football\" href=\"https:\/\/www.abola.pt\/futebol\/jogador\/kika-nazareth-256892\" rel=\"nofollow noopener\" target=\"_blank\">Kika Nazareth<\/a> saiu lesionada, em l\u00e1grimas, e obrigou o Selecionador a mexer cedo no onze.<\/p>\n<p>Sem baixarem os bra\u00e7os, as Navegadoras conseguiram reduzir ainda antes do intervalo, gra\u00e7as a um belo cabeceamento de <a class=\"autolink-enabled\" data-resource-id=\"256884\" data-resource-type=\"player\" data-sport=\"football\" href=\"https:\/\/www.abola.pt\/futebol\/jogador\/andreia-faria-256884\" rel=\"nofollow noopener\" target=\"_blank\">Andreia Faria<\/a>, que respondeu da melhor maneira ao cruzamento teleguiado de <a class=\"autolink-enabled\" data-resource-id=\"7992674\" data-resource-type=\"player\" data-sport=\"football\" href=\"https:\/\/www.abola.pt\/futebol\/jogador\/beatriz-fonseca-7992674\" rel=\"nofollow noopener\" target=\"_blank\">Beatriz Fonseca<\/a>.<\/p>\n<p>A etapa complementar trouxe nova energia \u00e0 equipa lusa e <a target=\"_blank\" class=\"editor-link autolink-enabled\" href=\"https:\/\/www.abola.pt\/futebol\/jogador\/telma-encarnacao-256319\" data-resource-id=\"256319\" data-resource-type=\"player\" data-sport=\"football\" rel=\"nofollow noopener\">Telma Encarna\u00e7\u00e3o<\/a> ficou perto de assinar o 2-2 em duas ocasi\u00f5es, antes de <a target=\"_blank\" class=\"editor-link autolink-enabled\" href=\"https:\/\/www.abola.pt\/futebol\/jogador\/jessica-silva-256321\" data-resource-id=\"256321\" data-resource-type=\"player\" data-sport=\"football\" rel=\"nofollow noopener\">J\u00e9ssica Silva<\/a> tamb\u00e9m dispor de boas oportunidades para festejar.<\/p>\n<p>A tentar chegar ao tento da igualdade, Portugal carregou at\u00e9 ao apito final e colocou a forma\u00e7\u00e3o visitante em sentido, mas faltou acerto e efic\u00e1cia no \u00faltimo ter\u00e7o, porque, de resto, as neerlandesas n\u00e3o se superiorizaram \u00e0s portuguesas.<\/p>\n<p><a target=\"_blank\" class=\"editor-link\" href=\"https:\/\/profile.google.com\/cp\/CgkvbS8wNWNjOHQ?pf=0\" rel=\"nofollow noopener\">Siga o perfil de A BOLA no Google<\/a><\/p>\n","protected":false},"excerpt":{"rendered":"Portugal acabou por perder (1-2) no exigente particular de prepara\u00e7\u00e3o diante dos Pa\u00edses Baixos, \u00e9 verdade, mas as&hellip;\n","protected":false},"author":2,"featured_media":168891,"comment_status":"","ping_status":"","sticky":false,"template":"","format":"standard","meta":{"footnotes":""},"categories":[87],"tags":[135,32,33,134],"class_list":{"0":"post-168890","1":"post","2":"type-post","3":"status-publish","4":"format-standard","5":"has-post-thumbnail","7":"category-desporto","8":"tag-desporto","9":"tag-portugal","10":"tag-pt","11":"tag-sports"},"share_on_mastodon":{"url":"https:\/\/pubeurope.com\/@pt\/115630237492706220","error":""},"_links":{"self":[{"href":"https:\/\/www.europesays.com\/pt\/wp-json\/wp\/v2\/posts\/168890","targetHints":{"allow":["GET"]}}],"collection":[{"href":"https:\/\/www.europesays.com\/pt\/wp-json\/wp\/v2\/posts"}],"about":[{"href":"https:\/\/www.europesays.com\/pt\/wp-json\/wp\/v2\/types\/post"}],"author":[{"embeddable":true,"href":"https:\/\/www.europesays.com\/pt\/wp-json\/wp\/v2\/users\/2"}],"replies":[{"embeddable":true,"href":"https:\/\/www.europesays.com\/pt\/wp-json\/wp\/v2\/comments?post=168890"}],"version-history":[{"count":0,"href":"https:\/\/www.europesays.com\/pt\/wp-json\/wp\/v2\/posts\/168890\/revisions"}],"wp:featuredmedia":[{"embeddable":true,"href":"https:\/\/www.europesays.com\/pt\/wp-json\/wp\/v2\/media\/168891"}],"wp:attachment":[{"href":"https:\/\/www.europesays.com\/pt\/wp-json\/wp\/v2\/media?parent=168890"}],"wp:term":[{"taxonomy":"category","embeddable":true,"href":"https:\/\/www.europesays.com\/pt\/wp-json\/wp\/v2\/categories?post=168890"},{"taxonomy":"post_tag","embeddable":true,"href":"https:\/\/www.europesays.com\/pt\/wp-json\/wp\/v2\/tags?post=168890"}],"curies":[{"name":"wp","href":"https:\/\/api.w.org\/{rel}","templated":true}]}}