{"id":168894,"date":"2025-11-29T00:55:15","date_gmt":"2025-11-29T00:55:15","guid":{"rendered":"https:\/\/www.europesays.com\/pt\/168894\/"},"modified":"2025-11-29T00:55:15","modified_gmt":"2025-11-29T00:55:15","slug":"o-mirante-atleta-de-18-anos-do-vasco-da-gama-em-fatima-morre-num-acidente-em-porto-de-mos","status":"publish","type":"post","link":"https:\/\/www.europesays.com\/pt\/168894\/","title":{"rendered":"O MIRANTE | Atleta de 18 anos do Vasco da Gama, em F\u00e1tima, morre num acidente em Porto de M\u00f3s"},"content":{"rendered":"<p>Jos\u00e9 Sousa, atleta de 18 anos que pertencia \u00e0 equipa de juniores da Associa\u00e7\u00e3o Desportiva, Recreativa e Cultural Vasco da Gama, emblema da freguesia de F\u00e1tima, concelho de Our\u00e9m, perdeu a vida na quarta-feira, 26 de Novembro, v\u00edtima de um acidente com o motociclo em que seguia, na Estrada Nacional 242-4, em Corredoura, Tour\u00f5es, concelho de Porto de M\u00f3s.<br \/>Jos\u00e9 Sousa tinha realizado um treino com a equipa nas instala\u00e7\u00f5es em Boleiros, F\u00e1tima, e elementos do clube foram deix\u00e1-lo a Porto de M\u00f3s, concelho onde residia. Jos\u00e9 Sousa pegou na sua mota para se dirigir a casa e acabou por ter o acidente que lhe roubou a vida. Foi encontrado na manh\u00e3 de quinta-feira, 27 de Novembro, depois de ter sido dado o alerta \u00e0s autoridades, por volta das 07h50. A ocorr\u00eancia mobilizou para o local meios dos Bombeiros Volunt\u00e1rios de Porto de M\u00f3s, da GNR e do Instituto Nacional de Emerg\u00eancia M\u00e9dica, com um total de nove operacionais e cinco ve\u00edculos.<br \/>Nas suas redes sociais, o ADRC Vasco da Gama recorda a chegada de Jos\u00e9 Sousa ao clube, em Setembro deste ano: \u201cMostrou aquilo que muitos demoram anos a conquistar: trabalho, dedica\u00e7\u00e3o, humildade e lideran\u00e7a\u201d, l\u00ea-se na publica\u00e7\u00e3o do clube. A associa\u00e7\u00e3o diz que Jos\u00e9 Sousa deixa \u201cum vazio imposs\u00edvel de preencher, mas deixa tamb\u00e9m um legado enorme. A forma como treinava, como competia, como inspirava quem o rodeava. O Z\u00e9 ser\u00e1 sempre lembrado n\u00e3o apenas como jogador, mas como um membro da nossa fam\u00edlia! A ADRC Vasco da Gama est\u00e1 de luto, mas unida na mem\u00f3ria de um jovem extraordin\u00e1rio\u201d, refere o clube em comunicado.<br \/>Foram v\u00e1rias as institui\u00e7\u00f5es desportivas que lamentaram a morte do jovem de 18 anos, como a Associa\u00e7\u00e3o de Futebol de Santar\u00e9m, a Uni\u00e3o Desportiva da Batalha, onde Jos\u00e9 Sousa jogou durante tr\u00eas \u00e9pocas, a Associa\u00e7\u00e3o Desportiva Portomosense, que representou durante quatro \u00e9pocas nos escal\u00f5es de forma\u00e7\u00e3o de infantis e iniciados, ou o Centro Recreativo dos Pinheiros, Leiria, onde tamb\u00e9m foi atleta de futebol de praia. \u201cO Jos\u00e9 integrou e capitaneou a primeira equipa de juniores de futebol de praia do Centro Recreativo dos Pinheiros, sendo ele uma refer\u00eancia para toda a equipa, merecendo tamb\u00e9m a chamada \u00e0 equipa s\u00e9nior ainda nesta \u00e9poca\u201d, refere o clube.<\/p>\n","protected":false},"excerpt":{"rendered":"Jos\u00e9 Sousa, atleta de 18 anos que pertencia \u00e0 equipa de juniores da Associa\u00e7\u00e3o Desportiva, Recreativa e Cultural&hellip;\n","protected":false},"author":2,"featured_media":168895,"comment_status":"","ping_status":"","sticky":false,"template":"","format":"standard","meta":{"footnotes":""},"categories":[8],"tags":[27,28,15,16,14,6569,6568,25,26,21,22,12,13,19,20,32,23,24,33,3551,5314,17,18,29,30,31],"class_list":{"0":"post-168894","1":"post","2":"type-post","3":"status-publish","4":"format-standard","5":"has-post-thumbnail","7":"category-principais-noticias","8":"tag-breaking-news","9":"tag-breakingnews","10":"tag-featured-news","11":"tag-featurednews","12":"tag-headlines","13":"tag-jornal-regional","14":"tag-jornalismo-de-proximidade","15":"tag-latest-news","16":"tag-latestnews","17":"tag-main-news","18":"tag-mainnews","19":"tag-news","20":"tag-noticias","21":"tag-noticias-principais","22":"tag-noticiasprincipais","23":"tag-portugal","24":"tag-principais-noticias","25":"tag-principaisnoticias","26":"tag-pt","27":"tag-regiao","28":"tag-ribatejo","29":"tag-top-stories","30":"tag-topstories","31":"tag-ultimas","32":"tag-ultimas-noticias","33":"tag-ultimasnoticias"},"share_on_mastodon":{"url":"https:\/\/pubeurope.com\/@pt\/115630265242924082","error":""},"_links":{"self":[{"href":"https:\/\/www.europesays.com\/pt\/wp-json\/wp\/v2\/posts\/168894","targetHints":{"allow":["GET"]}}],"collection":[{"href":"https:\/\/www.europesays.com\/pt\/wp-json\/wp\/v2\/posts"}],"about":[{"href":"https:\/\/www.europesays.com\/pt\/wp-json\/wp\/v2\/types\/post"}],"author":[{"embeddable":true,"href":"https:\/\/www.europesays.com\/pt\/wp-json\/wp\/v2\/users\/2"}],"replies":[{"embeddable":true,"href":"https:\/\/www.europesays.com\/pt\/wp-json\/wp\/v2\/comments?post=168894"}],"version-history":[{"count":0,"href":"https:\/\/www.europesays.com\/pt\/wp-json\/wp\/v2\/posts\/168894\/revisions"}],"wp:featuredmedia":[{"embeddable":true,"href":"https:\/\/www.europesays.com\/pt\/wp-json\/wp\/v2\/media\/168895"}],"wp:attachment":[{"href":"https:\/\/www.europesays.com\/pt\/wp-json\/wp\/v2\/media?parent=168894"}],"wp:term":[{"taxonomy":"category","embeddable":true,"href":"https:\/\/www.europesays.com\/pt\/wp-json\/wp\/v2\/categories?post=168894"},{"taxonomy":"post_tag","embeddable":true,"href":"https:\/\/www.europesays.com\/pt\/wp-json\/wp\/v2\/tags?post=168894"}],"curies":[{"name":"wp","href":"https:\/\/api.w.org\/{rel}","templated":true}]}}