{"id":168898,"date":"2025-11-29T00:59:11","date_gmt":"2025-11-29T00:59:11","guid":{"rendered":"https:\/\/www.europesays.com\/pt\/168898\/"},"modified":"2025-11-29T00:59:11","modified_gmt":"2025-11-29T00:59:11","slug":"de-rir-com-um-frio-de-rachar-leandro-deita-se-no-jacuzzi-e-pedro-e-dylan-aconchegam-no-secret-story","status":"publish","type":"post","link":"https:\/\/www.europesays.com\/pt\/168898\/","title":{"rendered":"De rir: Com um frio de rachar, Leandro deita-se no jacuzzi e Pedro e Dylan &#8220;aconchegam-no&#8221; &#8211; Secret Story"},"content":{"rendered":"<p>No Di\u00e1rio do Secret Story 9, assistimos a imagens hilariantes de ontem. Leandro est\u00e1 reunido com outros concorrentes no quarto azul e de repente, uma das suas &#8220;tiradas&#8221; provoca o riso em Pedro, Dylan e Ana. Leandro retira-se e vai para o jardim, deita-se no jacuzzi e, de seguida, Pedro e Dylan v\u00e3o l\u00e1 tap\u00e1-lo. Um momento imperd\u00edvel!\u00a0<\/p>\n<p><strong>Dylan, F\u00e1bio e In\u00eas, s\u00e3o os nomeados desta semana. Vote para salvar o seu preferido:<\/strong><\/p>\n<p>DYLAN \u2013 761 20 20 07<br \/>F\u00c1BIO \u2013 761 20 20 08<br \/>IN\u00caS \u2013 761 20 20 10<\/p>\n<p><a href=\"https:\/\/tvi.iol.pt\/secretstory\/aominuto\" rel=\"nofollow noopener\" target=\"_blank\">Acompanhe aqui tudo o que se passa no Secret Story 9<\/a><\/p>\n","protected":false},"excerpt":{"rendered":"No Di\u00e1rio do Secret Story 9, assistimos a imagens hilariantes de ontem. Leandro est\u00e1 reunido com outros concorrentes&hellip;\n","protected":false},"author":2,"featured_media":168899,"comment_status":"","ping_status":"","sticky":false,"template":"","format":"standard","meta":{"footnotes":""},"categories":[142],"tags":[114,115,19033,19034,32,33,151,19032],"class_list":{"0":"post-168898","1":"post","2":"type-post","3":"status-publish","4":"format-standard","5":"has-post-thumbnail","7":"category-tv","8":"tag-entertainment","9":"tag-entretenimento","10":"tag-galas-em-video","11":"tag-melhores-momentos-casa-dos-segredos","12":"tag-portugal","13":"tag-pt","14":"tag-tv","15":"tag-videos-secret-story-tvi"},"share_on_mastodon":{"url":"https:\/\/pubeurope.com\/@pt\/115630280914608974","error":""},"_links":{"self":[{"href":"https:\/\/www.europesays.com\/pt\/wp-json\/wp\/v2\/posts\/168898","targetHints":{"allow":["GET"]}}],"collection":[{"href":"https:\/\/www.europesays.com\/pt\/wp-json\/wp\/v2\/posts"}],"about":[{"href":"https:\/\/www.europesays.com\/pt\/wp-json\/wp\/v2\/types\/post"}],"author":[{"embeddable":true,"href":"https:\/\/www.europesays.com\/pt\/wp-json\/wp\/v2\/users\/2"}],"replies":[{"embeddable":true,"href":"https:\/\/www.europesays.com\/pt\/wp-json\/wp\/v2\/comments?post=168898"}],"version-history":[{"count":0,"href":"https:\/\/www.europesays.com\/pt\/wp-json\/wp\/v2\/posts\/168898\/revisions"}],"wp:featuredmedia":[{"embeddable":true,"href":"https:\/\/www.europesays.com\/pt\/wp-json\/wp\/v2\/media\/168899"}],"wp:attachment":[{"href":"https:\/\/www.europesays.com\/pt\/wp-json\/wp\/v2\/media?parent=168898"}],"wp:term":[{"taxonomy":"category","embeddable":true,"href":"https:\/\/www.europesays.com\/pt\/wp-json\/wp\/v2\/categories?post=168898"},{"taxonomy":"post_tag","embeddable":true,"href":"https:\/\/www.europesays.com\/pt\/wp-json\/wp\/v2\/tags?post=168898"}],"curies":[{"name":"wp","href":"https:\/\/api.w.org\/{rel}","templated":true}]}}