{"id":16891,"date":"2025-08-05T10:29:08","date_gmt":"2025-08-05T10:29:08","guid":{"rendered":"https:\/\/www.europesays.com\/pt\/16891\/"},"modified":"2025-08-05T10:29:08","modified_gmt":"2025-08-05T10:29:08","slug":"jessica-vieira-comenta-relacao-de-catarina-miranda-e-afonso-leitao-ela-tem-medo-big-brother","status":"publish","type":"post","link":"https:\/\/www.europesays.com\/pt\/16891\/","title":{"rendered":"J\u00e9ssica Vieira comenta rela\u00e7\u00e3o de Catarina Miranda e Afonso Leit\u00e3o: \u00abEla tem medo\u00bb &#8211; Big Brother"},"content":{"rendered":"<p>No<strong> Big Brother Ver\u00e3o, Eduardo Ferreira considera que Catarina Miranda est\u00e1 apaixonada por Afonso Leit\u00e3o e J\u00e9ssica Vieira<\/strong> comenta a situa\u00e7\u00e3o. <strong>Saiba tudo.<\/strong><\/p>\n<p>Nesta segunda-feira, 4 de julho, Daniela Santos desistiu do Big Brother Ver\u00e3o, deixando os colegas bastante emocionados. No entanto, destacou-se a rea\u00e7\u00e3o de Afonso Leit\u00e3o, que mostrou alguma indiferen\u00e7a com a sa\u00edda da amiga da casa mais vigiada do pa\u00eds.<\/p>\n<p><strong>Esta semana, h\u00e1 quatro nomeados em risco. Vote para salvar:<\/strong><\/p>\n<p><strong>AFONSO LEIT\u00c3O \u2013 761 20 20 01<br \/>KINA \u2013 761 20 20 08<br \/>BRUNO DE CARVALHO \u2013 761 20 20 15<br \/>EDUARDO FERREIRA \u2013 761 20 20 18<\/strong><\/p>\n<p><a href=\"https:\/\/tvi.iol.pt\/bigbrother\/aominuto\" rel=\"nofollow noopener\" target=\"_blank\">Acompanhe aqui tudo o que se passa na casa mais vigiada do pa\u00eds!\u00a0<\/a><\/p>\n<p>\u00a0<\/p>\n","protected":false},"excerpt":{"rendered":"No Big Brother Ver\u00e3o, Eduardo Ferreira considera que Catarina Miranda est\u00e1 apaixonada por Afonso Leit\u00e3o e J\u00e9ssica Vieira&hellip;\n","protected":false},"author":2,"featured_media":16892,"comment_status":"","ping_status":"","sticky":false,"template":"","format":"standard","meta":{"footnotes":""},"categories":[142],"tags":[2031,331,48,342,329,333,328,335,336,114,115,334,332,330,1417,13,32,33,151,162,227],"class_list":{"0":"post-16891","1":"post","2":"type-post","3":"status-publish","4":"format-standard","5":"has-post-thumbnail","7":"category-tv","8":"tag-afonso-leitao","9":"tag-big","10":"tag-big-brother","11":"tag-catarina-miranda","12":"tag-claudio-ramos","13":"tag-comentadores","14":"tag-concorrentes","15":"tag-confrontos","16":"tag-discussoes","17":"tag-entertainment","18":"tag-entretenimento","19":"tag-exclusivos","20":"tag-expulso","21":"tag-gala","22":"tag-jessica-vieira","23":"tag-noticias","24":"tag-portugal","25":"tag-pt","26":"tag-tv","27":"tag-tvi","28":"tag-videos"},"share_on_mastodon":{"url":"","error":""},"_links":{"self":[{"href":"https:\/\/www.europesays.com\/pt\/wp-json\/wp\/v2\/posts\/16891","targetHints":{"allow":["GET"]}}],"collection":[{"href":"https:\/\/www.europesays.com\/pt\/wp-json\/wp\/v2\/posts"}],"about":[{"href":"https:\/\/www.europesays.com\/pt\/wp-json\/wp\/v2\/types\/post"}],"author":[{"embeddable":true,"href":"https:\/\/www.europesays.com\/pt\/wp-json\/wp\/v2\/users\/2"}],"replies":[{"embeddable":true,"href":"https:\/\/www.europesays.com\/pt\/wp-json\/wp\/v2\/comments?post=16891"}],"version-history":[{"count":0,"href":"https:\/\/www.europesays.com\/pt\/wp-json\/wp\/v2\/posts\/16891\/revisions"}],"wp:featuredmedia":[{"embeddable":true,"href":"https:\/\/www.europesays.com\/pt\/wp-json\/wp\/v2\/media\/16892"}],"wp:attachment":[{"href":"https:\/\/www.europesays.com\/pt\/wp-json\/wp\/v2\/media?parent=16891"}],"wp:term":[{"taxonomy":"category","embeddable":true,"href":"https:\/\/www.europesays.com\/pt\/wp-json\/wp\/v2\/categories?post=16891"},{"taxonomy":"post_tag","embeddable":true,"href":"https:\/\/www.europesays.com\/pt\/wp-json\/wp\/v2\/tags?post=16891"}],"curies":[{"name":"wp","href":"https:\/\/api.w.org\/{rel}","templated":true}]}}