{"id":168921,"date":"2025-11-29T01:34:11","date_gmt":"2025-11-29T01:34:11","guid":{"rendered":"https:\/\/www.europesays.com\/pt\/168921\/"},"modified":"2025-11-29T01:34:11","modified_gmt":"2025-11-29T01:34:11","slug":"e-vao-oito-sporting-e-nike-lancam-equipamento-para-celebrar-o-natal","status":"publish","type":"post","link":"https:\/\/www.europesays.com\/pt\/168921\/","title":{"rendered":"E v\u00e3o oito: Sporting e Nike lan\u00e7am equipamento para celebrar o Natal"},"content":{"rendered":"<p data-end=\"315\" data-start=\"73\">O Sporting apresentou, esta sexta-feira, um novo equipamento especial criado em parceria com a Nike: o Christmas Kit, uma edi\u00e7\u00e3o limitada que chega \u00e0s lojas para assinalar a quadra natal\u00edcia e refor\u00e7ar o esp\u00edrito de uni\u00e3o entre os adeptos.<\/p>\n<p data-end=\"705\" data-start=\"317\">Numa nota no site dos le\u00f5es, o novo equipamento foi pensado para espelhar \u00abo calor dos reencontros familiares, o brilho das mem\u00f3rias partilhadas e a forte liga\u00e7\u00e3o que une os sportinguistas\u00bb. A camisola aposta numa est\u00e9tica inspirada no imagin\u00e1rio natal\u00edcio, sem perder a identidade das listas verdes horizontais, mas sobre um fundo negro.<\/p>\n<p>Na verdade, esta \u00e9 a oitava camisola apresentada pelo Sporting para a nova temporada depois do equipamento principal e tr\u00eas camisolas alternativas.\u00a0<a href=\"https:\/\/maisfutebol.iol.pt\/sporting\/incrivel\/sporting-vai-ter-nove-equipamentos-de-jogo-em-2025-26\" target=\"_blank\" wbo-id=\"177\" rel=\"nofollow noopener\">Os le\u00f5es v\u00e3o ter nove equipamentos no total<\/a>\u00a0para esta \u00e9poca, como foi revelado no\u00a0plano estrat\u00e9gico do Sporting.<\/p>\n","protected":false},"excerpt":{"rendered":"O Sporting apresentou, esta sexta-feira, um novo equipamento especial criado em parceria com a Nike: o Christmas Kit,&hellip;\n","protected":false},"author":2,"featured_media":168922,"comment_status":"","ping_status":"","sticky":false,"template":"","format":"standard","meta":{"footnotes":""},"categories":[87],"tags":[35449,135,5596,46,7561,12558,32,33,47,34,134],"class_list":{"0":"post-168921","1":"post","2":"type-post","3":"status-publish","4":"format-standard","5":"has-post-thumbnail","7":"category-desporto","8":"tag-christmas-kit","9":"tag-desporto","10":"tag-equipamentos","11":"tag-maisfutebol","12":"tag-natal","13":"tag-nike","14":"tag-portugal","15":"tag-pt","16":"tag-pura-paixao","17":"tag-sporting","18":"tag-sports"},"share_on_mastodon":{"url":"https:\/\/pubeurope.com\/@pt\/115630418289134014","error":""},"_links":{"self":[{"href":"https:\/\/www.europesays.com\/pt\/wp-json\/wp\/v2\/posts\/168921","targetHints":{"allow":["GET"]}}],"collection":[{"href":"https:\/\/www.europesays.com\/pt\/wp-json\/wp\/v2\/posts"}],"about":[{"href":"https:\/\/www.europesays.com\/pt\/wp-json\/wp\/v2\/types\/post"}],"author":[{"embeddable":true,"href":"https:\/\/www.europesays.com\/pt\/wp-json\/wp\/v2\/users\/2"}],"replies":[{"embeddable":true,"href":"https:\/\/www.europesays.com\/pt\/wp-json\/wp\/v2\/comments?post=168921"}],"version-history":[{"count":0,"href":"https:\/\/www.europesays.com\/pt\/wp-json\/wp\/v2\/posts\/168921\/revisions"}],"wp:featuredmedia":[{"embeddable":true,"href":"https:\/\/www.europesays.com\/pt\/wp-json\/wp\/v2\/media\/168922"}],"wp:attachment":[{"href":"https:\/\/www.europesays.com\/pt\/wp-json\/wp\/v2\/media?parent=168921"}],"wp:term":[{"taxonomy":"category","embeddable":true,"href":"https:\/\/www.europesays.com\/pt\/wp-json\/wp\/v2\/categories?post=168921"},{"taxonomy":"post_tag","embeddable":true,"href":"https:\/\/www.europesays.com\/pt\/wp-json\/wp\/v2\/tags?post=168921"}],"curies":[{"name":"wp","href":"https:\/\/api.w.org\/{rel}","templated":true}]}}