{"id":168957,"date":"2025-11-29T02:27:17","date_gmt":"2025-11-29T02:27:17","guid":{"rendered":"https:\/\/www.europesays.com\/pt\/168957\/"},"modified":"2025-11-29T02:27:17","modified_gmt":"2025-11-29T02:27:17","slug":"trump-anuncia-intervencao-terrestre-na-venezuela-e-maduro-poe-forca-aerea-em-alerta-maximo","status":"publish","type":"post","link":"https:\/\/www.europesays.com\/pt\/168957\/","title":{"rendered":"Trump anuncia interven\u00e7\u00e3o terrestre na Venezuela e Maduro p\u00f5e For\u00e7a A\u00e9rea em alerta m\u00e1ximo"},"content":{"rendered":"<p><a href=\"https:\/\/expresso.pt\/internacional\/eua\" target=\"_blank\" rel=\"noopener noreferrer nofollow\">Washington<\/a> advertiu que agir\u00e1 <strong>&#8220;muito em breve&#8221;<\/strong> em terra contra <strong>&#8220;narcotraficantes da Venezuela&#8221;<\/strong> e Caracas apelou ao <strong>estado de prontid\u00e3o<\/strong> da for\u00e7a a\u00e9rea venezuelana para defender o territ\u00f3rio, numa escalada da tens\u00e3o entre os dois pa\u00edses.<\/p>\n<p>&#8220;Provavelmente j\u00e1 se aperceberam que as pessoas j\u00e1 n\u00e3o querem entregar [droga] por mar, e n\u00f3s vamos come\u00e7ar a impedi-las por terra. Al\u00e9m disso, por terra \u00e9 mais f\u00e1cil, e isso vai come\u00e7ar muito em breve. Avis\u00e1mo-los para pararem de enviar veneno para o nosso pa\u00eds&#8221;,<strong> disse Donald Trump na quinta-feira num telefonema com militares por ocasi\u00e3o do Dia de A\u00e7\u00e3o de Gra\u00e7as.<\/strong><\/p>\n<p>O l\u00edder republicano, que n\u00e3o detalhou em que consistiriam as a\u00e7\u00f5es terrestres, <strong>destacou os ataques no mar das Cara\u00edbas e no Pac\u00edfico<\/strong>, onde as for\u00e7as norte-americanas <strong>mataram mais de 80 pessoas ao destru\u00edrem mais de 20 embarca\u00e7\u00f5es alegadamente ligadas ao narcotr\u00e1fico<\/strong>, maioritariamente da Venezuela, desde 01 de setembro.<\/p>\n<p>As a\u00e7\u00f5es foram levadas a cabo por um <strong>destacamento militar naval e terrestre na regi\u00e3o<\/strong>, que inclui o maior navio militar do mundo, o porta-avi\u00f5es Gerald R. Ford, com quatro mil soldados e 75 ca\u00e7as a bordo, que o l\u00edder venezuelano, <a href=\"https:\/\/expresso.pt\/internacional\/america-latina\/2025-11-27-maduro-proibe-tap-e-outras-companhias-aereas-de-voar-para-a-venezuela-5d72b973\" target=\"_blank\" rel=\"noopener noreferrer nofollow\">Nicol\u00e1s Maduro<\/a>, interpreta como uma tentativa de o afastar do poder.<\/p>\n<p>O l\u00edder chavista pediu aos elementos da For\u00e7a A\u00e9rea que estejam em<strong> &#8220;alerta, prontos e dispostos&#8221; a defender os direitos da Venezuela.<\/strong><\/p>\n","protected":false},"excerpt":{"rendered":"Washington advertiu que agir\u00e1 &#8220;muito em breve&#8221; em terra contra &#8220;narcotraficantes da Venezuela&#8221; e Caracas apelou ao estado&hellip;\n","protected":false},"author":2,"featured_media":168958,"comment_status":"","ping_status":"","sticky":false,"template":"","format":"standard","meta":{"footnotes":""},"categories":[50],"tags":[27,28,15,16,14,25,26,21,22,62,12,13,19,20,23,24,17,18,29,30,31,63,64,65],"class_list":{"0":"post-168957","1":"post","2":"type-post","3":"status-publish","4":"format-standard","5":"has-post-thumbnail","7":"category-mundo","8":"tag-breaking-news","9":"tag-breakingnews","10":"tag-featured-news","11":"tag-featurednews","12":"tag-headlines","13":"tag-latest-news","14":"tag-latestnews","15":"tag-main-news","16":"tag-mainnews","17":"tag-mundo","18":"tag-news","19":"tag-noticias","20":"tag-noticias-principais","21":"tag-noticiasprincipais","22":"tag-principais-noticias","23":"tag-principaisnoticias","24":"tag-top-stories","25":"tag-topstories","26":"tag-ultimas","27":"tag-ultimas-noticias","28":"tag-ultimasnoticias","29":"tag-world","30":"tag-world-news","31":"tag-worldnews"},"share_on_mastodon":{"url":"https:\/\/pubeurope.com\/@pt\/115630626744004585","error":""},"_links":{"self":[{"href":"https:\/\/www.europesays.com\/pt\/wp-json\/wp\/v2\/posts\/168957","targetHints":{"allow":["GET"]}}],"collection":[{"href":"https:\/\/www.europesays.com\/pt\/wp-json\/wp\/v2\/posts"}],"about":[{"href":"https:\/\/www.europesays.com\/pt\/wp-json\/wp\/v2\/types\/post"}],"author":[{"embeddable":true,"href":"https:\/\/www.europesays.com\/pt\/wp-json\/wp\/v2\/users\/2"}],"replies":[{"embeddable":true,"href":"https:\/\/www.europesays.com\/pt\/wp-json\/wp\/v2\/comments?post=168957"}],"version-history":[{"count":0,"href":"https:\/\/www.europesays.com\/pt\/wp-json\/wp\/v2\/posts\/168957\/revisions"}],"wp:featuredmedia":[{"embeddable":true,"href":"https:\/\/www.europesays.com\/pt\/wp-json\/wp\/v2\/media\/168958"}],"wp:attachment":[{"href":"https:\/\/www.europesays.com\/pt\/wp-json\/wp\/v2\/media?parent=168957"}],"wp:term":[{"taxonomy":"category","embeddable":true,"href":"https:\/\/www.europesays.com\/pt\/wp-json\/wp\/v2\/categories?post=168957"},{"taxonomy":"post_tag","embeddable":true,"href":"https:\/\/www.europesays.com\/pt\/wp-json\/wp\/v2\/tags?post=168957"}],"curies":[{"name":"wp","href":"https:\/\/api.w.org\/{rel}","templated":true}]}}