{"id":168983,"date":"2025-11-29T03:27:13","date_gmt":"2025-11-29T03:27:13","guid":{"rendered":"https:\/\/www.europesays.com\/pt\/168983\/"},"modified":"2025-11-29T03:27:13","modified_gmt":"2025-11-29T03:27:13","slug":"simone-mendes-surpreende-ao-expor-motivo-de-nao-usar-calcinha","status":"publish","type":"post","link":"https:\/\/www.europesays.com\/pt\/168983\/","title":{"rendered":"Simone Mendes surpreende ao expor motivo de n\u00e3o usar calcinha"},"content":{"rendered":"<p><a href=\"https:\/\/natelinha.uol.com.br\/famosos\/tudo-sobre\/simone-mendes\" rel=\"nofollow noopener\" target=\"_blank\">Simone Mendes<\/a> j\u00e1 deu provas mais de uma vez que \u00e9 gente como a gente. A &#8220;pen\u00faltima&#8221; da irm\u00e3 de Simaria envolve uma revela\u00e7\u00e3o para l\u00e1 de peculiar: a int\u00e9rprete de Erro Gostoso contou que n\u00e3o faz uso de calcinha.<\/p>\n<p>continua depois da publicidade<\/p>\n<p>&#8220;Eu odeio calcinha. \u00c9 muito sem futuro a calcinha&#8230;\u00a0S\u00f3 d\u00e1 trabalho. Quando usava era o cal\u00e7ol\u00e3o, mas a calcinha no rabo \u00e9 a pior coisa do mundo. A calcinha s\u00f3 d\u00e1 trabalho, porque \u00e9 o seguinte, t\u00eam aquelas que gostam de calcinha pequena, tem aquelas que gostam de cal\u00e7ol\u00e3o&#8221;, brincou a cantora durante o Ang\u00e9lica Ao Vivo, do GNT.<\/p>\n<p>+ <a href=\"https:\/\/natelinha.uol.com.br\/televisao\/2025\/11\/28\/nany-people-revela-pela-1-vez-historia-dramatica-envolvendo-o-pai-tres-tiros-no-ouvido-234554.php\" rel=\"nofollow noopener\" target=\"_blank\">Nany People revela pela 1\u00aa vez hist\u00f3ria dram\u00e1tica envolvendo o pai: &#8220;Tr\u00eas tiros no ouvido&#8221;<\/a><\/p>\n<p>+ <a href=\"https:\/\/natelinha.uol.com.br\/audiencias\/2025\/11\/28\/maria-do-bairro-impacta-51-milhoes-de-pessoas-em-8-exibicao-no-sbt-234545.php\" rel=\"nofollow noopener\" target=\"_blank\">Maria do Bairro impacta 51 milh\u00f5es de pessoas em 8\u00aa exibi\u00e7\u00e3o no SBT<\/a><\/p>\n<p>continua depois da publicidade<\/p>\n<p>Em seguida, Simone Mendes exp\u00f4s que fica incomodada quando a pe\u00e7a \u00edntima sai do lugar. &#8220;\u00c9 a pior coisa do mundo. Aquele sofrimento tirando, aquele neg\u00f3cio incomodando&#8230; E a\u00ed a gente fica mulher, amassa nossas coisinhas, n\u00e3o \u00e9 legal&#8221;, disparou.<\/p>\n<p>&#8220;Eu curto tamb\u00e9m ficar sem calcinha&#8221;, admitiu Ang\u00e9lica.<\/p>\n<p>Simone Mendes revela pris\u00e3o nos Estados Unidos<\/p>\n<p><img decoding=\"async\" loading=\"lazy\" class=\"horizontal\" src=\"https:\/\/www.europesays.com\/pt\/wp-content\/uploads\/2025\/11\/simone-mendes_8561.jpeg\" alt=\"Simone Mendes surpreende ao expor motivo de n\u00e3o usar calcinha\"\/><\/p>\n<p>Durante o Ang\u00e9lica Ao Vivo, que tamb\u00e9m contou com as presen\u00e7as de Luciano Huck e Ana Maria Braga, Simone Mendes ainda arrancou gargalhadas ao relembrar a vez que foi presa nos Estados Unidos.<\/p>\n<p>continua depois da publicidade<\/p>\n<p>&#8220;Quando tinha 15 anos, Frank Aguiar foi fazer show nos Estados Unidos e tem vezes que eles encucam com algumas pessoas e mandam para a salinha. Queriam entender o show que ele queria fazer, porque \u00e9ramos menores de idade&#8221;, disse a cantora, que iniciou sua carreira art\u00edstica aos 14 anos como backing vocal do m\u00fasico.<\/p>\n<p>&#8220;Daqui a pouco colocaram algemas nas minhas m\u00e3os, atravessei o aeroporto num carro de pol\u00edcia sem ningu\u00e9m, sozinha, fui fichada. N\u00e3o falava uma palavra em ingl\u00eas. Fiquei traumatizada por ter ficado com algemas nas m\u00e3os e correntes nos p\u00e9s&#8221;, acrescentou Simone.<\/p>\n<p>continua depois da publicidade<\/p>\n<p>&#8220;Na segunda vez que tivemos que voltar, foi tranquilo e hoje sou prefeita de Orlando&#8221;, brincou.<\/p>\n","protected":false},"excerpt":{"rendered":"Simone Mendes j\u00e1 deu provas mais de uma vez que \u00e9 gente como a gente. A &#8220;pen\u00faltima&#8221; da&hellip;\n","protected":false},"author":2,"featured_media":168984,"comment_status":"","ping_status":"","sticky":false,"template":"","format":"standard","meta":{"footnotes":""},"categories":[145],"tags":[211,210,114,115,32,33,6788],"class_list":{"0":"post-168983","1":"post","2":"type-post","3":"status-publish","4":"format-standard","5":"has-post-thumbnail","7":"category-celebridades","8":"tag-celebridades","9":"tag-celebrities","10":"tag-entertainment","11":"tag-entretenimento","12":"tag-portugal","13":"tag-pt","14":"tag-simone-mendes"},"share_on_mastodon":{"url":"https:\/\/pubeurope.com\/@pt\/115630862906495919","error":""},"_links":{"self":[{"href":"https:\/\/www.europesays.com\/pt\/wp-json\/wp\/v2\/posts\/168983","targetHints":{"allow":["GET"]}}],"collection":[{"href":"https:\/\/www.europesays.com\/pt\/wp-json\/wp\/v2\/posts"}],"about":[{"href":"https:\/\/www.europesays.com\/pt\/wp-json\/wp\/v2\/types\/post"}],"author":[{"embeddable":true,"href":"https:\/\/www.europesays.com\/pt\/wp-json\/wp\/v2\/users\/2"}],"replies":[{"embeddable":true,"href":"https:\/\/www.europesays.com\/pt\/wp-json\/wp\/v2\/comments?post=168983"}],"version-history":[{"count":0,"href":"https:\/\/www.europesays.com\/pt\/wp-json\/wp\/v2\/posts\/168983\/revisions"}],"wp:featuredmedia":[{"embeddable":true,"href":"https:\/\/www.europesays.com\/pt\/wp-json\/wp\/v2\/media\/168984"}],"wp:attachment":[{"href":"https:\/\/www.europesays.com\/pt\/wp-json\/wp\/v2\/media?parent=168983"}],"wp:term":[{"taxonomy":"category","embeddable":true,"href":"https:\/\/www.europesays.com\/pt\/wp-json\/wp\/v2\/categories?post=168983"},{"taxonomy":"post_tag","embeddable":true,"href":"https:\/\/www.europesays.com\/pt\/wp-json\/wp\/v2\/tags?post=168983"}],"curies":[{"name":"wp","href":"https:\/\/api.w.org\/{rel}","templated":true}]}}