{"id":168989,"date":"2025-11-29T03:36:13","date_gmt":"2025-11-29T03:36:13","guid":{"rendered":"https:\/\/www.europesays.com\/pt\/168989\/"},"modified":"2025-11-29T03:36:13","modified_gmt":"2025-11-29T03:36:13","slug":"agentes-de-ia-avancam-e-assumem-tarefas-de-humanos","status":"publish","type":"post","link":"https:\/\/www.europesays.com\/pt\/168989\/","title":{"rendered":"agentes de IA avan\u00e7am e assumem tarefas de humanos"},"content":{"rendered":"<p><a property=\"item\" typeof=\"WebPage\" title=\"Go to Olhar Digital.\" href=\"https:\/\/olhardigital.com.br\" class=\"home\" rel=\"nofollow noopener\" target=\"_blank\">Olhar Digital<\/a> &gt; <a property=\"item\" typeof=\"WebPage\" title=\"Go to the Pro category archives.\" href=\"https:\/\/olhardigital.com.br\/editorias\/pro\/\" class=\"taxonomy category\" rel=\"nofollow noopener\" target=\"_blank\">Pro<\/a> &gt; Agentes de IA avan\u00e7am na Microsoft e assumem tarefas de humanos\t<\/p>\n<p>Empresa afirma ganhos de produtividade enquanto equipes temem que automa\u00e7\u00e3o de IA substitua fun\u00e7\u00f5es de entrada<\/p>\n<p><img decoding=\"async\" src=\"https:\/\/www.europesays.com\/pt\/wp-content\/uploads\/2025\/11\/microsofts-1920x1080.jpg\" class=\"attachment-banner size-banner\" alt=\"Fachada de pr\u00e9dio da Microsoft\" loading=\"eager\" fetchpriority=\"high\" width=\"1920\" height=\"1080\"\/><br \/>\n\t\t\tAntes de chegar l\u00e1, por\u00e9m, a empresa precisa demonstrar que essas ferramentas funcionam e convencer seus pr\u00f3prios engenheiros de que a IA pode cumprir o que promete (Imagem: nitpicker\/Shutterstock)<\/p>\n<p>Compartilhe esta mat\u00e9ria<\/p>\n<p class=\"fitec-embcmp\"><a href=\"https:\/\/profile.google.com\/cp\/CgsvZy8xMjFqY2oxMw\" target=\"_blank\" class=\"ftecmp-button\" rel=\"nofollow noopener\">Siga o Olhar Digital no Google Discover<\/a><\/p>\n<p>\t\t\t\t\t<img decoding=\"async\" src=\"https:\/\/www.europesays.com\/pt\/wp-content\/uploads\/2025\/09\/inteligencia-artificial.jpg\" width=\"250\" height=\"250\" alt=\"Intelig\u00eancia artificial\" loading=\"lazy\"\/><\/p>\n<p>Tudo sobre Intelig\u00eancia Artificial<\/p>\n<p>A <a href=\"https:\/\/olhardigital.com.br\/tag\/microsoft\" target=\"_blank\" rel=\"noreferrer noopener nofollow\">Microsoft<\/a> enxerga um futuro em que agentes de intelig\u00eancia artificial (IA) atuam de forma <strong>aut\u00f4noma<\/strong> nos computadores, executando tarefas em segundo plano e <strong>acelerando<\/strong> processos de desenvolvimento.<\/p>\n<p>Antes de chegar l\u00e1, por\u00e9m, a empresa precisa demonstrar que essas ferramentas funcionam e convencer seus pr\u00f3prios engenheiros de que a IA pode cumprir o que promete, como mostra o <a href=\"https:\/\/www.theverge.com\/tech\/831379\/microsoft-developer-ai-usage-stats-notepad\" target=\"_blank\" rel=\"noreferrer noopener nofollow\">The Verge<\/a>.<\/p>\n<p><img loading=\"lazy\" decoding=\"async\" width=\"1024\" height=\"682\" src=\"https:\/\/www.europesays.com\/pt\/wp-content\/uploads\/2025\/11\/satya-nadella-1024x682.jpg\" alt=\"Satya Nadella ao lado de um smartphone exibindo o logo da Microsoft em sua tela\" class=\"wp-image-991943\"  \/>CEO Satya Nadella mira futuro automatizado; engenheiros veem riscos e desafios na pr\u00e1tica (Imagem: QubixStudio\/Shutterstock)<\/p>\n<p>O CEO Satya Nadella afirmou que at\u00e9 <strong>30%<\/strong> do c\u00f3digo de alguns projetos <strong>j\u00e1 \u00e9<\/strong> gerado por IA. Mesmo assim, parte dos desenvolvedores permanece <strong>c\u00e9tica<\/strong> em rela\u00e7\u00e3o \u00e0 substitui\u00e7\u00e3o de tarefas humanas mais complexas. A empresa, por outro lado, <strong>destaca<\/strong> ganhos iniciais.<\/p>\n<p>Segundo Amanda Silver, vice-presidente corporativa da equipe CoreAI, o objetivo \u00e9 aplicar IA justamente onde h\u00e1 mais <strong>esfor\u00e7o repetitivo e inefici\u00eancia<\/strong>. Com mais de <strong>100 mil<\/strong> reposit\u00f3rios ativos \u2014 que incluem sistemas legados e projetos recentes \u2014 o potencial de automa\u00e7\u00e3o \u00e9 <strong>amplo<\/strong>.<\/p>\n<p><strong>Leia mais:<\/strong><\/p>\n<p><img loading=\"lazy\" decoding=\"async\" width=\"1024\" height=\"682\" src=\"https:\/\/www.europesays.com\/pt\/wp-content\/uploads\/2025\/08\/microsoft-1-1024x682.jpg\" alt=\"Fachada de um pr\u00e9dio da Microsoft\" class=\"wp-image-1171328\"  \/>IA j\u00e1 escreve parte do c\u00f3digo da Microsoft, mas resist\u00eancia interna cresce (Imagem: LCV\/Shutterstock)Automa\u00e7\u00e3o integrada ao fluxo de trabalho<\/p>\n<ul>\n<li>Em maio, o <strong>GitHub Copilot<\/strong> ganhou um <strong>agente de codifica\u00e7\u00e3o<\/strong> capaz de criar ambientes de desenvolvimento, executar tarefas e sugerir rascunhos de pull requests.<\/li>\n<li>A Microsoft estima que a ferramenta poupa de <strong>30 minutos a duas semanas<\/strong> de trabalho, dependendo da complexidade.<\/li>\n<li>Equipes internas relatam <strong>redu\u00e7\u00f5es expressivas<\/strong> no esfor\u00e7o manual, como a migra\u00e7\u00e3o do servi\u00e7o principal do <strong>Xbox<\/strong> para <strong>.NET 8<\/strong>, conclu\u00edda com <strong>88% menos trabalho<\/strong>.<\/li>\n<li>Apesar disso, a empresa reconhece que a ado\u00e7\u00e3o <strong>n\u00e3o \u00e9 uniforme<\/strong>. Em algumas \u00e1reas, o uso de ferramentas de IA ainda \u00e9 <strong>bem abaixo<\/strong> do esperado.<\/li>\n<\/ul>\n<p>A expans\u00e3o dos agentes aut\u00f4nomos tamb\u00e9m desperta preocupa\u00e7\u00f5es sobre o <strong>impacto<\/strong> em cargos de desenvolvedores juniores. Silver afirma que a inten\u00e7\u00e3o <strong>n\u00e3o \u00e9<\/strong> substituir profissionais, mas <strong>liber\u00e1-los<\/strong> das tarefas mais mon\u00f3tonas. \u201c<strong>Eles querem criar e inovar<\/strong>\u201d, diz. \u201c<strong>A IA permite que foquem justamente nisso.<\/strong>\u201d<\/p>\n<p><img loading=\"lazy\" decoding=\"async\" width=\"1024\" height=\"683\" src=\"https:\/\/www.europesays.com\/pt\/wp-content\/uploads\/2025\/11\/micro-soft-1024x683.jpg\" alt=\"Logo da Microsoft ao fundo e \u00e0 frente em um smartphone\" class=\"wp-image-1213047\"  \/>Migra\u00e7\u00f5es mais r\u00e1pidas e tarefas em segundo plano impulsionam produtividade, mas criam incertezas na Microsoft (Imagem: Below the Sky\/Shutterstock)<br \/>\n\t\t\t\t\t&#13;<br \/>\n\t\t\t\t\t&#13;<\/p>\n<p>\t\t\t\t\t\t<img decoding=\"async\" src=\"https:\/\/www.europesays.com\/pt\/wp-content\/uploads\/2025\/10\/Leandro-Criscuolo-150x150.jpg\" width=\"150\" height=\"150\" alt=\"Leandro Costa Criscuolo\" loading=\"lazy\"\/><\/p>\n<p>Colabora\u00e7\u00e3o para o Olhar Digital<\/p>\n<p>Leandro Criscuolo \u00e9 jornalista formado pela Faculdade C\u00e1sper L\u00edbero. J\u00e1 atuou como copywriter, analista de marketing digital e gestor de redes sociais. Atualmente, escreve para o Olhar Digital.<\/p>\n<p>\t\t\t\t\t\t<img decoding=\"async\" src=\"https:\/\/www.europesays.com\/pt\/wp-content\/uploads\/2025\/08\/Rodrigo_Mozelli-150x150.jpg\" width=\"150\" height=\"150\" alt=\"Rodrigo Mozelli\" loading=\"lazy\"\/><\/p>\n<p>Rodrigo Mozelli \u00e9 jornalista formado pela Universidade Metodista de S\u00e3o Paulo (UMESP) e, atualmente, \u00e9 redator do Olhar Digital.<\/p>\n<p>\t\t\t\t&#13;<br \/>\n\t\t\t\t\t&#13;<\/p>\n","protected":false},"excerpt":{"rendered":"Olhar Digital &gt; Pro &gt; Agentes de IA avan\u00e7am na Microsoft e assumem tarefas de humanos Empresa afirma&hellip;\n","protected":false},"author":2,"featured_media":168990,"comment_status":"","ping_status":"","sticky":false,"template":"","format":"standard","meta":{"footnotes":""},"categories":[84],"tags":[109,107,108,32,33,105,103,104,106,110],"class_list":{"0":"post-168989","1":"post","2":"type-post","3":"status-publish","4":"format-standard","5":"has-post-thumbnail","7":"category-ciencia-e-tecnologia","8":"tag-ciencia","9":"tag-ciencia-e-tecnologia","10":"tag-cienciaetecnologia","11":"tag-portugal","12":"tag-pt","13":"tag-science","14":"tag-science-and-technology","15":"tag-scienceandtechnology","16":"tag-technology","17":"tag-tecnologia"},"share_on_mastodon":{"url":"https:\/\/pubeurope.com\/@pt\/115630898334146708","error":""},"_links":{"self":[{"href":"https:\/\/www.europesays.com\/pt\/wp-json\/wp\/v2\/posts\/168989","targetHints":{"allow":["GET"]}}],"collection":[{"href":"https:\/\/www.europesays.com\/pt\/wp-json\/wp\/v2\/posts"}],"about":[{"href":"https:\/\/www.europesays.com\/pt\/wp-json\/wp\/v2\/types\/post"}],"author":[{"embeddable":true,"href":"https:\/\/www.europesays.com\/pt\/wp-json\/wp\/v2\/users\/2"}],"replies":[{"embeddable":true,"href":"https:\/\/www.europesays.com\/pt\/wp-json\/wp\/v2\/comments?post=168989"}],"version-history":[{"count":0,"href":"https:\/\/www.europesays.com\/pt\/wp-json\/wp\/v2\/posts\/168989\/revisions"}],"wp:featuredmedia":[{"embeddable":true,"href":"https:\/\/www.europesays.com\/pt\/wp-json\/wp\/v2\/media\/168990"}],"wp:attachment":[{"href":"https:\/\/www.europesays.com\/pt\/wp-json\/wp\/v2\/media?parent=168989"}],"wp:term":[{"taxonomy":"category","embeddable":true,"href":"https:\/\/www.europesays.com\/pt\/wp-json\/wp\/v2\/categories?post=168989"},{"taxonomy":"post_tag","embeddable":true,"href":"https:\/\/www.europesays.com\/pt\/wp-json\/wp\/v2\/tags?post=168989"}],"curies":[{"name":"wp","href":"https:\/\/api.w.org\/{rel}","templated":true}]}}