{"id":168991,"date":"2025-11-29T03:41:19","date_gmt":"2025-11-29T03:41:19","guid":{"rendered":"https:\/\/www.europesays.com\/pt\/168991\/"},"modified":"2025-11-29T03:41:19","modified_gmt":"2025-11-29T03:41:19","slug":"festa-da-zoe-sabrina-sato-e-duda-nagle-reunem-os-atuais-na-festa-da-herdeira","status":"publish","type":"post","link":"https:\/\/www.europesays.com\/pt\/168991\/","title":{"rendered":"Festa da Zoe: Sabrina Sato e Duda Nagle re\u00fanem os atuais na festa da herdeira"},"content":{"rendered":"<p>Filha de <a href=\"https:\/\/caras.com.br\/tags\/sabrina-sato\" rel=\"nofollow noopener\" target=\"_blank\"><strong>Sabrina Sato<\/strong><\/a> e <a href=\"https:\/\/caras.com.br\/tags\/duda-nagle\" rel=\"nofollow noopener\" target=\"_blank\"><strong>Duda Nagle<\/strong><\/a>, a pequena <strong>Zoe<\/strong> ganhou uma festa luxuosa em S\u00e3o Paulo para comemorar o seu anivers\u00e1rio de 7 anos. Ela completa a nova idade no s\u00e1bado, 29, e j\u00e1 iniciou as comemora\u00e7\u00f5es nesta sexta-feira, 28, ao lado da fam\u00edlia.<\/p>\n<p>Ela chegou ao evento acompanhada da m\u00e3e e do padrasto, o ator <a href=\"https:\/\/caras.com.br\/tags\/nicolas-prattes\" rel=\"nofollow noopener\" target=\"_blank\"><strong>Nicolas Prattes<\/strong><\/a>. L\u00e1, ela encontrou o pai e a madrasta, <strong>Mariane Heller<\/strong>, que \u00e9 a atual namorada de Nagle.<\/p>\n<p>Para a ocasi\u00e3o, Zoe usou um vestido com o tema da personagem Hello Kitty e esbanjou sorrisos na hora das fotos.<\/p>\n<p> <img loading=\"lazy\" decoding=\"async\" class=\"wp-image-1037345 size-full img-fluid lazy\" alt=\"Festa de anivers\u00e1rio de Zoe, filha de Sabrina Sato e Duda Nagle - Foto: Brazil News\" width=\"1600\" height=\"2000\" src=\"https:\/\/www.europesays.com\/pt\/wp-content\/uploads\/2025\/11\/festa-de-zoe-filha-de-sabrina-sato-e-duda-nagle-1.jpg\"  \/>Festa de anivers\u00e1rio de Zoe, filha de Sabrina Sato e Duda Nagle \u2013 Foto: Brazil News <img loading=\"lazy\" decoding=\"async\" class=\"wp-image-1037346 size-full img-fluid lazy\" alt=\"Festa de anivers\u00e1rio de Zoe, filha de Sabrina Sato e Duda Nagle - Foto: Brazil News\" width=\"1429\" height=\"2000\" src=\"https:\/\/www.europesays.com\/pt\/wp-content\/uploads\/2025\/11\/festa-de-zoe-filha-de-sabrina-sato-e-duda-nagle-2.jpg\"  \/>Festa de anivers\u00e1rio de Zoe, filha de Sabrina Sato e Duda Nagle \u2013 Foto: Brazil News <img loading=\"lazy\" decoding=\"async\" class=\"wp-image-1037350 size-full img-fluid lazy\" alt=\"Festa de anivers\u00e1rio de Zoe, filha de Sabrina Sato e Duda Nagle - Foto: Brazil News\" width=\"1333\" height=\"2000\" src=\"https:\/\/www.europesays.com\/pt\/wp-content\/uploads\/2025\/11\/festa-de-zoe-filha-de-sabrina-sato-e-duda-nagle-6.jpg\"  \/>Festa de anivers\u00e1rio de Zoe, filha de Sabrina Sato e Duda Nagle \u2013 Foto: Brazil News A decora\u00e7\u00e3o luxuosa da festa de Zoe <\/p>\n<p>A festa de anivers\u00e1rio de Zoe teve o tema da personagem Hello Kitty. O evento aconteceu em um buffet e toda a decora\u00e7\u00e3o foi pensada nos m\u00ednimos detalhes. A \u00e1rea do bolo teve decora\u00e7\u00e3o em tons de rosa com direito a bolo sofisticado, painel personalizado e muitos docinhos tem\u00e1ticos.<\/p>\n<p>\t <img loading=\"lazy\" decoding=\"async\" class=\"wp-image-1037349 size-full img-fluid lazy\" alt=\"Festa de anivers\u00e1rio de Zoe, filha de Sabrina Sato e Duda Nagle - Foto: Brazil News\" width=\"2000\" height=\"1333\" src=\"https:\/\/www.europesays.com\/pt\/wp-content\/uploads\/2025\/11\/festa-de-zoe-filha-de-sabrina-sato-e-duda-nagle-5.jpg\"  \/>Festa de anivers\u00e1rio de Zoe, filha de Sabrina Sato e Duda Nagle \u2013 Foto: Brazil News <img loading=\"lazy\" decoding=\"async\" class=\"wp-image-1037359 size-full img-fluid lazy\" alt=\"Festa de anivers\u00e1rio de Zoe, filha de Sabrina Sato e Duda Nagle - Foto: Brazil News\" width=\"1429\" height=\"2000\" src=\"https:\/\/www.europesays.com\/pt\/wp-content\/uploads\/2025\/11\/festa-de-zoe-filha-de-sabrina-sato-e-duda-nagle-15.jpg\"  \/>Festa de anivers\u00e1rio de Zoe, filha de Sabrina Sato e Duda Nagle \u2013 Foto: Brazil News <img loading=\"lazy\" decoding=\"async\" class=\"wp-image-1037363 size-full img-fluid lazy\" alt=\"Festa de anivers\u00e1rio de Zoe, filha de Sabrina Sato e Duda Nagle - Foto: Brazil News\" width=\"1429\" height=\"2000\" src=\"https:\/\/www.europesays.com\/pt\/wp-content\/uploads\/2025\/11\/festa-de-zoe-filha-de-sabrina-sato-e-duda-nagle-19.jpg\"  \/>Festa de anivers\u00e1rio de Zoe, filha de Sabrina Sato e Duda Nagle \u2013 Foto: Brazil News <img loading=\"lazy\" decoding=\"async\" class=\"wp-image-1037362 size-full img-fluid lazy\" alt=\"Festa de anivers\u00e1rio de Zoe, filha de Sabrina Sato e Duda Nagle - Foto: Brazil News\" width=\"1429\" height=\"2000\" src=\"https:\/\/www.europesays.com\/pt\/wp-content\/uploads\/2025\/11\/festa-de-zoe-filha-de-sabrina-sato-e-duda-nagle-18.jpg\"  \/>Festa de anivers\u00e1rio de Zoe, filha de Sabrina Sato e Duda Nagle \u2013 Foto: Brazil News <img loading=\"lazy\" decoding=\"async\" class=\"wp-image-1037361 size-full img-fluid lazy\" alt=\"Festa de anivers\u00e1rio de Zoe, filha de Sabrina Sato e Duda Nagle - Foto: Brazil News\" width=\"1429\" height=\"2000\" src=\"https:\/\/www.europesays.com\/pt\/wp-content\/uploads\/2025\/11\/festa-de-zoe-filha-de-sabrina-sato-e-duda-nagle-17.jpg\"  \/>Festa de anivers\u00e1rio de Zoe, filha de Sabrina Sato e Duda Nagle \u2013 Foto: Brazil News <img loading=\"lazy\" decoding=\"async\" class=\"wp-image-1037360 size-full img-fluid lazy\" alt=\"Festa de anivers\u00e1rio de Zoe, filha de Sabrina Sato e Duda Nagle - Foto: Brazil News\" width=\"1428\" height=\"2000\" src=\"https:\/\/www.europesays.com\/pt\/wp-content\/uploads\/2025\/11\/festa-de-zoe-filha-de-sabrina-sato-e-duda-nagle-16.jpg\"  \/>Festa de anivers\u00e1rio de Zoe, filha de Sabrina Sato e Duda Nagle \u2013 Foto: Brazil News <img loading=\"lazy\" decoding=\"async\" class=\"wp-image-1037353 size-full img-fluid lazy\" alt=\"Festa de anivers\u00e1rio de Zoe, filha de Sabrina Sato e Duda Nagle - Foto: Brazil News\" width=\"2000\" height=\"1429\" src=\"https:\/\/www.europesays.com\/pt\/wp-content\/uploads\/2025\/11\/festa-de-zoe-filha-de-sabrina-sato-e-duda-nagle-9.jpg\"  \/>Festa de anivers\u00e1rio de Zoe, filha de Sabrina Sato e Duda Nagle \u2013 Foto: Brazil News <img loading=\"lazy\" decoding=\"async\" class=\"wp-image-1037352 size-full img-fluid lazy\" alt=\"Festa de anivers\u00e1rio de Zoe, filha de Sabrina Sato e Duda Nagle - Foto: Brazil News\" width=\"1429\" height=\"2000\" src=\"https:\/\/www.europesays.com\/pt\/wp-content\/uploads\/2025\/11\/festa-de-zoe-filha-de-sabrina-sato-e-duda-nagle-8.jpg\"  \/>Festa de anivers\u00e1rio de Zoe, filha de Sabrina Sato e Duda Nagle \u2013 Foto: Brazil News <img loading=\"lazy\" decoding=\"async\" class=\"wp-image-1037351 size-full img-fluid lazy\" alt=\"Festa de anivers\u00e1rio de Zoe, filha de Sabrina Sato e Duda Nagle - Foto: Brazil News\" width=\"1334\" height=\"2000\" src=\"https:\/\/www.europesays.com\/pt\/wp-content\/uploads\/2025\/11\/festa-de-zoe-filha-de-sabrina-sato-e-duda-nagle-7.jpg\"  \/>Festa de anivers\u00e1rio de Zoe, filha de Sabrina Sato e Duda Nagle \u2013 Foto: Brazil News <img loading=\"lazy\" decoding=\"async\" class=\"wp-image-1037358 size-full img-fluid lazy\" alt=\"Festa de anivers\u00e1rio de Zoe, filha de Sabrina Sato e Duda Nagle - Foto: Brazil News\" width=\"2000\" height=\"1429\" src=\"https:\/\/www.europesays.com\/pt\/wp-content\/uploads\/2025\/11\/festa-de-zoe-filha-de-sabrina-sato-e-duda-nagle-14.jpg\"  \/>Festa de anivers\u00e1rio de Zoe, filha de Sabrina Sato e Duda Nagle \u2013 Foto: Brazil News Curiosidades sobre Zoe <\/p>\n<p>Filha de Sabrina Sato e Duda Nagle, Zoe nasceu em 29 de novembro de 2018 em uma maternidade de S\u00e3o Paulo. O trabalho de parto dela durou mais de 24 horas, mas ela veio ao mundo por meio do parto ces\u00e1rea.<\/p>\n<p>O nome dela tem origem grega e significa \u2018vida\u2019 e \u2018cheia de vida\u2019. Hoje em dia, a guarda dela \u00e9 compartilhada pelos pais, que se separaram h\u00e1 alguns anos. Ela \u00e9 apaixonada pelos seus cachorros e \u00e9 uma crian\u00e7a muito simp\u00e1tica, que est\u00e1 sempre sorrindo e brincando com a fam\u00edlia e os amigos.<\/p>\n<blockquote class=\"instagram-media\" style=\"background: #FFF; border: 0; border-radius: 3px; box-shadow: 0 0 1px 0 rgba(0,0,0,0.5),0 1px 10px 0 rgba(0,0,0,0.15); margin: 1px; max-width: 540px; min-width: 326px; padding: 0; width: calc(100% - 2px);\" data-instgrm-captioned=\"\" data-instgrm-permalink=\"https:\/\/www.instagram.com\/reel\/DRnIEzdEduh\/?utm_source=ig_embed&amp;utm_campaign=loading\" data-instgrm-version=\"14\"><\/blockquote>\n<p><strong>Leia tamb\u00e9m<\/strong>: <a href=\"https:\/\/caras.com.br\/bem-estar\/irma-de-sabrina-sato-toma-decisao-apos-10-anos-recebendo-broncas-da-famosa-culpa.phtml\" rel=\"nofollow noopener\" target=\"_blank\">Irm\u00e3 de Sabrina Sato toma decis\u00e3o ap\u00f3s 10 anos recebendo broncas da famosa: \u2018Culpa\u2019<\/a><\/p>\n<p>        <a href=\"https:\/\/caras.com.br\/autor\/priscilla-comoti\" rel=\"nofollow noopener\" target=\"_blank\">&#13;<br \/>\n          <img alt=\"Priscilla Comoti\" src=\"https:\/\/www.europesays.com\/pt\/wp-content\/uploads\/2025\/11\/1764387679_234_e53883bdf02c542f6517b68879e8cb08b27a1d55c4dfd53577e47d3ab6331a06\"  class=\"avatar avatar-115 photo rounded-circle mr-3\" height=\"115\" width=\"115\" loading=\"lazy\" decoding=\"async\"\/>        <\/a><\/p>\n<p>Priscilla Comoti \u00e9 editora de conte\u00fado do site CARAS. Ela \u00e9 formada em jornalismo e em audiovisual, j\u00e1 passou pelos sites Contigo!, Minha Novela, TiTiTi, Mais Novela e Portal M\u00e1rcia Piovesan. Escreve sobre celebridades, not\u00edcias sobre a fam\u00edlia real brit\u00e2nica, TV, reality show e novelas.<\/p>\n<p>\t                                            <script async src=\"\/\/www.instagram.com\/embed.js\"><\/script><\/p>\n","protected":false},"excerpt":{"rendered":"Filha de Sabrina Sato e Duda Nagle, a pequena Zoe ganhou uma festa luxuosa em S\u00e3o Paulo para&hellip;\n","protected":false},"author":2,"featured_media":168992,"comment_status":"","ping_status":"","sticky":false,"template":"","format":"standard","meta":{"footnotes":""},"categories":[145],"tags":[211,210,17692,114,115,9734,35453,15237,32,33,3792,12859],"class_list":{"0":"post-168991","1":"post","2":"type-post","3":"status-publish","4":"format-standard","5":"has-post-thumbnail","7":"category-celebridades","8":"tag-celebridades","9":"tag-celebrities","10":"tag-duda-nagle","11":"tag-entertainment","12":"tag-entretenimento","13":"tag-festa-de-aniversario","14":"tag-hello-kitty","15":"tag-nicolas-prattes","16":"tag-portugal","17":"tag-pt","18":"tag-sabrina-sato","19":"tag-zoe"},"share_on_mastodon":{"url":"https:\/\/pubeurope.com\/@pt\/115630918347224779","error":""},"_links":{"self":[{"href":"https:\/\/www.europesays.com\/pt\/wp-json\/wp\/v2\/posts\/168991","targetHints":{"allow":["GET"]}}],"collection":[{"href":"https:\/\/www.europesays.com\/pt\/wp-json\/wp\/v2\/posts"}],"about":[{"href":"https:\/\/www.europesays.com\/pt\/wp-json\/wp\/v2\/types\/post"}],"author":[{"embeddable":true,"href":"https:\/\/www.europesays.com\/pt\/wp-json\/wp\/v2\/users\/2"}],"replies":[{"embeddable":true,"href":"https:\/\/www.europesays.com\/pt\/wp-json\/wp\/v2\/comments?post=168991"}],"version-history":[{"count":0,"href":"https:\/\/www.europesays.com\/pt\/wp-json\/wp\/v2\/posts\/168991\/revisions"}],"wp:featuredmedia":[{"embeddable":true,"href":"https:\/\/www.europesays.com\/pt\/wp-json\/wp\/v2\/media\/168992"}],"wp:attachment":[{"href":"https:\/\/www.europesays.com\/pt\/wp-json\/wp\/v2\/media?parent=168991"}],"wp:term":[{"taxonomy":"category","embeddable":true,"href":"https:\/\/www.europesays.com\/pt\/wp-json\/wp\/v2\/categories?post=168991"},{"taxonomy":"post_tag","embeddable":true,"href":"https:\/\/www.europesays.com\/pt\/wp-json\/wp\/v2\/tags?post=168991"}],"curies":[{"name":"wp","href":"https:\/\/api.w.org\/{rel}","templated":true}]}}