{"id":169001,"date":"2025-11-29T04:02:29","date_gmt":"2025-11-29T04:02:29","guid":{"rendered":"https:\/\/www.europesays.com\/pt\/169001\/"},"modified":"2025-11-29T04:02:29","modified_gmt":"2025-11-29T04:02:29","slug":"o-melhor-ainda-esta-para-vir","status":"publish","type":"post","link":"https:\/\/www.europesays.com\/pt\/169001\/","title":{"rendered":"\u00abO melhor ainda est\u00e1 para vir\u00bb"},"content":{"rendered":"<p>&#8211; Advertisement &#8211;<\/p>\n<p><strong>Vitinha foi autor de uma das melhores exibi\u00e7\u00f5es desta jornada da Champions League e fez um hat-trick. O m\u00e9dio internacional portugu\u00eas falou e foi muito elogiado por Luis Enrique.<\/strong><\/p>\n<p>Vitinha falou ap\u00f3s o hat-trick somado na<a href=\"https:\/\/bolanarede.pt\/especial-bola-na-rede\/atualidade\/vitinha-espetacular-em-triunfo-do-psg-e-kylian-mbappe-arrasador-na-vitoria-do-real-madrid-eis-os-resultados-da-champions-league\/\" target=\"_blank\" rel=\"noreferrer noopener nofollow\"> vit\u00f3ria do PSG frente ao Tottenham<\/a>. O m\u00e9dio portugu\u00eas recebeu o pr\u00e9mio de melhor em campo na partida e afirmou que ainda est\u00e1 longe do seu melhor n\u00edvel:<\/p>\n<p>\u00abAinda n\u00e3o estou no meu melhor. O melhor ainda est\u00e1 para vir. Preciso manter o meu n\u00edvel, continuar e melhorar ainda mais\u00bb, afirmou o m\u00e9dio internacional portugu\u00eas.<\/p>\n<p>Vitinha falou posteriormente ao TNT Sports e at\u00e9 brincou com a situa\u00e7\u00e3o:<\/p>\n<p>\u00ab\u00c9 a primeira vez. Mesmo dois, \u00e9 a primeira vez. Nunca tinha marcado dois no mesmo jogo. Na verdade, nunca tinha pensado em marcar um hat-trick. Talvez o Jo\u00e3o (Neves) me tenha inspirado! Mas \u00e9 verdade que, quando isso acontece, pensas: \u2018talvez eu tamb\u00e9m o consiga fazer\u2019. \u00c9 um pouco psicol\u00f3gico. Estou muito feliz com este hat-trick, mas sobretudo com a equipa e com a sua personalidade, porque conseguiu ultrapassar as dificuldades mais uma vez, com a ajuda deste ambiente e destes adepticos incr\u00edveis. Acho que formamos uma grande equipa aqui, todos juntos, no Parque. Eles nunca deixaram de acreditar em n\u00f3s, mesmo quando estivemos duas vezes em desvantagem\u00bb.<\/p>\n<p>A campanha pela Bola de Ouro para Vitinha mereceu tamb\u00e9m aprova\u00e7\u00e3o de Luis Enrique:<\/p>\n<p>\u00abVitinha tem sido sensacional, como sempre. Pr\u00f3ximo Bola de Ouro? Bem\u2026 espero que sim\u00bb, afirmou Luis Enrique na confer\u00eancia de imprensa de rescaldo do encontro.<\/p>\n<blockquote class=\"twitter-tweet\" data-width=\"550\" data-dnt=\"true\">\n<p lang=\"en\" dir=\"ltr\">\ud83d\udea8\ud83c\udfc5 Vitinha: \u201cI\u2019m not at my best yet. The best is yet to come\u201d.<\/p>\n<p>\u201cI need to mantain my level, keep going and improve again\u201d. <a href=\"https:\/\/t.co\/lV7dEPgvTJ\" rel=\"nofollow\">pic.twitter.com\/lV7dEPgvTJ<\/a><\/p>\n<p>\u2014 Fabrizio Romano (@FabrizioRomano) <a href=\"https:\/\/twitter.com\/FabrizioRomano\/status\/1993831136691458531?ref_src=twsrc%5Etfw\" rel=\"nofollow noopener\" target=\"_blank\">November 26, 2025<\/a><\/p><\/blockquote>\n<p><script async src=\"https:\/\/platform.twitter.com\/widgets.js\" charset=\"utf-8\"><\/script><\/p>\n","protected":false},"excerpt":{"rendered":"&#8211; Advertisement &#8211; Vitinha foi autor de uma das melhores exibi\u00e7\u00f5es desta jornada da Champions League e fez&hellip;\n","protected":false},"author":2,"featured_media":169002,"comment_status":"","ping_status":"","sticky":false,"template":"","format":"standard","meta":{"footnotes":""},"categories":[87],"tags":[260,1230,135,12477,32,1758,33,134,7331],"class_list":{"0":"post-169001","1":"post","2":"type-post","3":"status-publish","4":"format-standard","5":"has-post-thumbnail","7":"category-desporto","8":"tag-atualidade","9":"tag-champions-league","10":"tag-desporto","11":"tag-luis-enrique","12":"tag-portugal","13":"tag-psg","14":"tag-pt","15":"tag-sports","16":"tag-vitinha"},"share_on_mastodon":{"url":"https:\/\/pubeurope.com\/@pt\/115631000322717852","error":""},"_links":{"self":[{"href":"https:\/\/www.europesays.com\/pt\/wp-json\/wp\/v2\/posts\/169001","targetHints":{"allow":["GET"]}}],"collection":[{"href":"https:\/\/www.europesays.com\/pt\/wp-json\/wp\/v2\/posts"}],"about":[{"href":"https:\/\/www.europesays.com\/pt\/wp-json\/wp\/v2\/types\/post"}],"author":[{"embeddable":true,"href":"https:\/\/www.europesays.com\/pt\/wp-json\/wp\/v2\/users\/2"}],"replies":[{"embeddable":true,"href":"https:\/\/www.europesays.com\/pt\/wp-json\/wp\/v2\/comments?post=169001"}],"version-history":[{"count":0,"href":"https:\/\/www.europesays.com\/pt\/wp-json\/wp\/v2\/posts\/169001\/revisions"}],"wp:featuredmedia":[{"embeddable":true,"href":"https:\/\/www.europesays.com\/pt\/wp-json\/wp\/v2\/media\/169002"}],"wp:attachment":[{"href":"https:\/\/www.europesays.com\/pt\/wp-json\/wp\/v2\/media?parent=169001"}],"wp:term":[{"taxonomy":"category","embeddable":true,"href":"https:\/\/www.europesays.com\/pt\/wp-json\/wp\/v2\/categories?post=169001"},{"taxonomy":"post_tag","embeddable":true,"href":"https:\/\/www.europesays.com\/pt\/wp-json\/wp\/v2\/tags?post=169001"}],"curies":[{"name":"wp","href":"https:\/\/api.w.org\/{rel}","templated":true}]}}