{"id":169007,"date":"2025-11-29T04:16:36","date_gmt":"2025-11-29T04:16:36","guid":{"rendered":"https:\/\/www.europesays.com\/pt\/169007\/"},"modified":"2025-11-29T04:16:36","modified_gmt":"2025-11-29T04:16:36","slug":"revelado-qual-sera-o-incrivel-poder-da-sadie-sink-no-filme","status":"publish","type":"post","link":"https:\/\/www.europesays.com\/pt\/169007\/","title":{"rendered":"Revelado qual ser\u00e1 o incr\u00edvel poder da Sadie Sink no filme"},"content":{"rendered":"<p><a href=\"https:\/\/legadodamarvel.com.br\/tag\/homem-aranha-um-novo-dia\" rel=\"nofollow noopener\" target=\"_blank\">Homem-Aranha 4: Um Novo Dia<\/a>, marcado para estrear em julho de 2026, conta com a atriz <a href=\"https:\/\/legadodamarvel.com.br\/tag\/sadie-sink\" rel=\"nofollow noopener\" target=\"_blank\">Sadie Sink<\/a> como sua maior novidade no elenco.<\/p>\n<p>No entanto, h\u00e1 muito mist\u00e9rio em torno de qual \u00e9 a personagem da atriz no filme. At\u00e9 o momento, a Marvel e a Sony continuam mantendo sigilo em torno da identidade da personagem.<\/p>\n<p>Sabemos apenas que ela ser\u00e1 uma das personagens com maior destaque na trama, com diversos rumores apontando que ela possa interpretar a vil\u00e3 principal.<\/p>\n<p>Em Homem-Aranha 4 Sadie Sink far\u00e1 personagem poderosa!<\/p>\n<p>De qualquer forma, sabemos que a personagem ter\u00e1 poderes. Alguns apostam que ela seja at\u00e9 a Jean Grey, preferindo n\u00e3o acreditar nos rumores de que ela far\u00e1 uma vil\u00e3.<\/p>\n<p>Agora, por\u00e9m, temos mais uma informa\u00e7\u00e3o que desmente a possibilidade dela ser a Jean Grey. De acordo com o jornalista Alex Perez, em Homem-Aranha 4, a Sadie Sink interpretar\u00e1 uma vil\u00e3 <strong>metamorfa<\/strong>. Ou seja, ela ter\u00e1 o poder de se transformar em qualquer pessoa. Mas antes que voc\u00ea pense nisso, n\u00e3o, ela n\u00e3o ser\u00e1 a M\u00edstica.<\/p>\n<p>Quem \u00e9 a personagem da Sadie Sink no fim das contas?<\/p>\n<p>De acordo com outros vazamentos, Sadie Sink interpretar\u00e1 a <strong>Shathra <\/strong>na em Homem-Aranha 4. Tamb\u00e9m conhecida pelo nome Vespa-Aranha aqui no Brasil, ela apareceu pela primeira vez em O Espetacular Homem-Aranha #46, uma hist\u00f3ria em quadrinhos que foi publicada em 2002.<\/p>\n<p> <img loading=\"lazy\" decoding=\"async\" class=\"lazyload aligncenter size-full wp-image-164606\" viewbox=\"0 0 780 438\" src=\"https:\/\/www.europesays.com\/pt\/wp-content\/uploads\/2025\/11\/homem-aranha-4-pode-ter-a-sadie-sink-como-shathra-legadodamarvel.webp.webp\" alt=\"homem-aranha 4 pode ter a sadie sink como shathra\" width=\"780\" height=\"438\"  data-\/><\/p>\n<p>Shathra existe em uma dimens\u00e3o alternativa conhecida como Plano Astral. Durante uma visita a esse Plano Astral, o Homem-Aranha acabou sendo capturado pela vil\u00e3. O her\u00f3i consegue escapar de volta para o seu universo de origem, mas a Shathra o acompanha neste retorno e atormanta sua vida em Nova York.<\/p>\n<p>Nos quadrinhos, entre os poderes da personagem, est\u00e1 de fato a habilidade dela se transformar em qualquer pessoa. Ou seja, apesar de ser uma vil\u00e3 quase desconhecida do her\u00f3i, h\u00e1 v\u00e1rios \u00edndicos apontando para que ela de fato seja a personagem vivida por Sadie Sink.<\/p>\n<p><strong>LEIA TAMB\u00c9M:<\/strong><\/p>\n<p>O que acharam? Deixe sua opini\u00e3o nos coment\u00e1rios e, por fim, continue acompanhando o\u00a0<strong>Legado da Marvel\u00a0<\/strong>para n\u00e3o perder nenhuma novidade!<\/p>\n","protected":false},"excerpt":{"rendered":"Homem-Aranha 4: Um Novo Dia, marcado para estrear em julho de 2026, conta com a atriz Sadie Sink&hellip;\n","protected":false},"author":2,"featured_media":169008,"comment_status":"","ping_status":"","sticky":false,"template":"","format":"standard","meta":{"footnotes":""},"categories":[140],"tags":[114,115,147,148,10305,146,32,33,10306],"class_list":{"0":"post-169007","1":"post","2":"type-post","3":"status-publish","4":"format-standard","5":"has-post-thumbnail","7":"category-filmes","8":"tag-entertainment","9":"tag-entretenimento","10":"tag-film","11":"tag-filmes","12":"tag-homem-aranha-um-novo-dia","13":"tag-movies","14":"tag-portugal","15":"tag-pt","16":"tag-sadie-sink"},"share_on_mastodon":{"url":"https:\/\/pubeurope.com\/@pt\/115631055607640339","error":""},"_links":{"self":[{"href":"https:\/\/www.europesays.com\/pt\/wp-json\/wp\/v2\/posts\/169007","targetHints":{"allow":["GET"]}}],"collection":[{"href":"https:\/\/www.europesays.com\/pt\/wp-json\/wp\/v2\/posts"}],"about":[{"href":"https:\/\/www.europesays.com\/pt\/wp-json\/wp\/v2\/types\/post"}],"author":[{"embeddable":true,"href":"https:\/\/www.europesays.com\/pt\/wp-json\/wp\/v2\/users\/2"}],"replies":[{"embeddable":true,"href":"https:\/\/www.europesays.com\/pt\/wp-json\/wp\/v2\/comments?post=169007"}],"version-history":[{"count":0,"href":"https:\/\/www.europesays.com\/pt\/wp-json\/wp\/v2\/posts\/169007\/revisions"}],"wp:featuredmedia":[{"embeddable":true,"href":"https:\/\/www.europesays.com\/pt\/wp-json\/wp\/v2\/media\/169008"}],"wp:attachment":[{"href":"https:\/\/www.europesays.com\/pt\/wp-json\/wp\/v2\/media?parent=169007"}],"wp:term":[{"taxonomy":"category","embeddable":true,"href":"https:\/\/www.europesays.com\/pt\/wp-json\/wp\/v2\/categories?post=169007"},{"taxonomy":"post_tag","embeddable":true,"href":"https:\/\/www.europesays.com\/pt\/wp-json\/wp\/v2\/tags?post=169007"}],"curies":[{"name":"wp","href":"https:\/\/api.w.org\/{rel}","templated":true}]}}