{"id":169027,"date":"2025-11-29T05:21:27","date_gmt":"2025-11-29T05:21:27","guid":{"rendered":"https:\/\/www.europesays.com\/pt\/169027\/"},"modified":"2025-11-29T05:21:27","modified_gmt":"2025-11-29T05:21:27","slug":"mae-de-mel-maia-e-encontrada-morta-aos-53-anos-e-equipe-da-atriz-se-pronuncia","status":"publish","type":"post","link":"https:\/\/www.europesays.com\/pt\/169027\/","title":{"rendered":"M\u00e3e de Mel Maia \u00e9 encontrada morta aos 53 anos e equipe da atriz se pronuncia"},"content":{"rendered":"<p><\/p>\n<p class=\"texto\">A morte de <strong>D\u00e9bora Maia<\/strong>, m\u00e3e da atriz <strong>Mel Maia<\/strong>, foi confirmada nesta sexta-feira (28\/11), e causou grande como\u00e7\u00e3o. Ela foi encontrada pela empregada no banheiro do apartamento onde morava, na zona sudoeste do Rio de Janeiro. A informa\u00e7\u00e3o rapidamente repercutiu ap\u00f3s ser divulgada pelo jornalista Leo Dias.<\/p>\n<p class=\"texto\">Pouco depois, a equipe de <strong>Mel Maia<\/strong> emitiu uma nota confirmando o falecimento e pedindo respeito ao momento de luto da fam\u00edlia. O comunicado refor\u00e7a que todos est\u00e3o abalados e precisam de privacidade para lidar com a perda.<\/p>\n<p class=\"texto\"><a href=\"https:\/\/www.whatsapp.com\/channel\/0029VaB1U9a002T64ex1Sy2w\" target=\"_blank\" rel=\"nofollow noopener\"><strong>Siga o canal do Correio no WhatsApp e receba as principais not\u00edcias do dia no seu celular<\/strong><\/a><\/p>\n<p class=\"texto\">&#8220;\u00c9 com imenso pesar que comunicamos o falecimento de D\u00e9bora Maia, m\u00e3e da atriz Melissa Maia. Neste momento de dor e luto, pedimos a todos os f\u00e3s, imprensa, amigos e parceiros que compreendam a necessidade de recolhimento e privacidade da fam\u00edlia. Agradecemos a todos pela compreens\u00e3o e respeito&#8221;, destacou.<\/p>\n<p class=\"texto\">O vel\u00f3rio e a crema\u00e7\u00e3o de D\u00e9bora est\u00e3o marcados para este s\u00e1bado (29\/11), no Cremat\u00f3rio da Penit\u00eancia, no Caju. A cerim\u00f4nia ter\u00e1 in\u00edcio \u00e0s 12h15, e a crema\u00e7\u00e3o acontecer\u00e1 \u00e0s 15h15.<\/p>\n<p class=\"texto\">D\u00e9bora deixa duas filhas, <strong>Mel<\/strong> e <strong>Yasmin Maia<\/strong>, de 21 e 24 anos, respectivamente. As duas estariam afastadas da m\u00e3e h\u00e1 cerca de um ano, segundo informa\u00e7\u00f5es divulgadas pela imprensa. A not\u00edcia gerou forte rea\u00e7\u00e3o nas redes sociais e despertou mensagens de apoio \u00e0 fam\u00edlia.<\/p>\n<p class=\"texto\">O post M\u00e3e de Mel Maia \u00e9 encontrada morta aos 53 anos e equipe da atriz se pronuncia foi publicado primeiro em Observat\u00f3rio dos Famosos.<\/p>\n<p>\u00a0<\/p>\n<ul>\n<li><a href=\"https:\/\/wa.me\/?text=M%C3%A3e+de+Mel+Maia+%C3%A9+encontrada+morta+aos+53+anos+e+equipe+da+atriz+se+pronuncia%20https:\/\/www.correiobraziliense.com.br\/diversao-e-arte\/2025\/11\/7302658-mae-de-mel-maia-e-encontrada-morta-aos-53-anos-e-equipe-da-atriz-se-pronuncia.html\" target=\"_blank\" title=\"Whatsapp\" aria-label=\"WhatsApp\" rel=\"nofollow noopener\"><\/a><\/li>\n<li><a href=\"https:\/\/www.facebook.com\/sharer.php?u=https:\/\/www.correiobraziliense.com.br%2Fdiversao-e-arte%2F2025%2F11%2F7302658-mae-de-mel-maia-e-encontrada-morta-aos-53-anos-e-equipe-da-atriz-se-pronuncia.html&amp;text=M%C3%A3e+de+Mel+Maia+%C3%A9+encontrada+morta+aos+53+anos+e+equipe+da+atriz+se+pronuncia\" target=\"_blank\" title=\"Facebook\" aria-label=\"Facebook\" rel=\"nofollow noopener\"><\/a><\/li>\n<li><a href=\"https:\/\/twitter.com\/intent\/tweet?url=https:\/\/www.correiobraziliense.com.br%2Fdiversao-e-arte%2F2025%2F11%2F7302658-mae-de-mel-maia-e-encontrada-morta-aos-53-anos-e-equipe-da-atriz-se-pronuncia.html&amp;text=M%C3%A3e+de+Mel+Maia+%C3%A9+encontrada+morta+aos+53+anos+e+equipe+da+atriz+se+pronuncia\" target=\"_blank\" title=\"Twitter\" aria-label=\"Twitter\" rel=\"nofollow noopener\"><\/a><\/li>\n<li><a href=\"https:\/\/profile.google.com\/cp\/CgovbS8wNzZ0dms1\" title=\"Google Discover\" target=\"_blank\" aria-label=\"Google Discover\" rel=\"nofollow noopener\"><img decoding=\"async\" src=\"https:\/\/www.europesays.com\/pt\/wp-content\/uploads\/2025\/11\/1762975755_52_google-discover-icon.png\" style=\"height: 25px; margin: 0 !important; margin-left: 3px;\" alt=\"Google Discover Icon\"\/><\/a><\/li>\n<\/ul>\n<p>              <a href=\"https:\/\/www.correiobraziliense.com.br\/autor\/observatorio-dos-famosos\/page\/1\/\" style=\"height: 100%;\" rel=\"nofollow noopener\" target=\"_blank\"><img decoding=\"async\" class=\"hidden-print author-circle d-block h6 mt-0 mb-0 mr-6 text-center\" src=\"https:\/\/www.europesays.com\/pt\/wp-content\/uploads\/2025\/07\/logo_observatorio_dos_famosos-29028262.png\" alt=\"\" width=\"40\" height=\"40\" loading=\"lazy\" style=\"object-fit:cover; width: 40px; height: 40px; margin-right:10px;\"\/><\/a><a href=\"https:\/\/www.correiobraziliense.com.br\/autor\/observatorio-dos-famosos\/page\/1\/\" rel=\"nofollow noopener\" target=\"_blank\"><img decoding=\"async\" class=\"hidden-print author-circle d-block h6 mt-0 mb-0 mr-6 text-center\" src=\"https:\/\/www.europesays.com\/pt\/wp-content\/uploads\/2025\/07\/logo_observatorio_dos_famosos-29028262.png\" alt=\"\" width=\"40\" height=\"40\" loading=\"lazy\" style=\"object-fit:cover; width: 40px; height: 40px; margin-right:10px;\"\/><\/a>Observat\u00f3rio dos Famosos  <strong class=\"entryStrongAuthor\"\/><\/p>\n<p>                          <script async src=\"https:\/\/platform.twitter.com\/widgets.js\" charset=\"utf-8\"><\/script><\/p>\n","protected":false},"excerpt":{"rendered":"A morte de D\u00e9bora Maia, m\u00e3e da atriz Mel Maia, foi confirmada nesta sexta-feira (28\/11), e causou grande&hellip;\n","protected":false},"author":2,"featured_media":169028,"comment_status":"","ping_status":"","sticky":false,"template":"","format":"standard","meta":{"footnotes":""},"categories":[145],"tags":[211,210,114,115,15987,1437,32,33,2326],"class_list":{"0":"post-169027","1":"post","2":"type-post","3":"status-publish","4":"format-standard","5":"has-post-thumbnail","7":"category-celebridades","8":"tag-celebridades","9":"tag-celebrities","10":"tag-entertainment","11":"tag-entretenimento","12":"tag-mel-maia","13":"tag-morte","14":"tag-portugal","15":"tag-pt","16":"tag-rio-de-janeiro"},"share_on_mastodon":{"url":"https:\/\/pubeurope.com\/@pt\/115631311195012859","error":""},"_links":{"self":[{"href":"https:\/\/www.europesays.com\/pt\/wp-json\/wp\/v2\/posts\/169027","targetHints":{"allow":["GET"]}}],"collection":[{"href":"https:\/\/www.europesays.com\/pt\/wp-json\/wp\/v2\/posts"}],"about":[{"href":"https:\/\/www.europesays.com\/pt\/wp-json\/wp\/v2\/types\/post"}],"author":[{"embeddable":true,"href":"https:\/\/www.europesays.com\/pt\/wp-json\/wp\/v2\/users\/2"}],"replies":[{"embeddable":true,"href":"https:\/\/www.europesays.com\/pt\/wp-json\/wp\/v2\/comments?post=169027"}],"version-history":[{"count":0,"href":"https:\/\/www.europesays.com\/pt\/wp-json\/wp\/v2\/posts\/169027\/revisions"}],"wp:featuredmedia":[{"embeddable":true,"href":"https:\/\/www.europesays.com\/pt\/wp-json\/wp\/v2\/media\/169028"}],"wp:attachment":[{"href":"https:\/\/www.europesays.com\/pt\/wp-json\/wp\/v2\/media?parent=169027"}],"wp:term":[{"taxonomy":"category","embeddable":true,"href":"https:\/\/www.europesays.com\/pt\/wp-json\/wp\/v2\/categories?post=169027"},{"taxonomy":"post_tag","embeddable":true,"href":"https:\/\/www.europesays.com\/pt\/wp-json\/wp\/v2\/tags?post=169027"}],"curies":[{"name":"wp","href":"https:\/\/api.w.org\/{rel}","templated":true}]}}