{"id":169039,"date":"2025-11-29T05:56:19","date_gmt":"2025-11-29T05:56:19","guid":{"rendered":"https:\/\/www.europesays.com\/pt\/169039\/"},"modified":"2025-11-29T05:56:19","modified_gmt":"2025-11-29T05:56:19","slug":"agencia-minas-gerais-minas-gerais-realiza-dia-d-com-748-municipios-para-intensificar-prevencao-contra-o-aedes-aegypti-2","status":"publish","type":"post","link":"https:\/\/www.europesays.com\/pt\/169039\/","title":{"rendered":"Ag\u00eancia Minas Gerais | Minas Gerais realiza Dia D com 748 munic\u00edpios para intensificar preven\u00e7\u00e3o contra o\u00a0Aedes aegypti\u00a0"},"content":{"rendered":"<p class=\"text-title-section \/ margin-bottom-1\">Relacionadas<\/p>\n<p>O <a href=\"https:\/\/www.mg.gov.br\/\" target=\"_blank\" rel=\"nofollow noopener\">Governo de Minas<\/a>, por meio da <a href=\"https:\/\/www.saude.mg.gov.br\/\" target=\"_blank\" rel=\"nofollow noopener\">Secretaria de Estado de Sa\u00fade (SES-MG)<\/a>, realiza neste s\u00e1bado (29\/11) o Dia D Minas Unida contra o\u00a0Aedes aegypti, mobilizando 748 munic\u00edpios em uma a\u00e7\u00e3o conjunta para reduzir riscos no per\u00edodo sazonal. A iniciativa integra o Plano Estadual de Conting\u00eancia e refor\u00e7a a estrat\u00e9gia de antecipar medidas preventivas antes do in\u00edcio das chuvas.<\/p>\n<p>Mutir\u00f5es de limpeza, vistorias comunit\u00e1rias,\u00a0blitze\u00a0educativas e atividades orientativas\u00a0ser\u00e3o\u00a0realizadas em todo o estado\u00a0com o objetivo de\u00a0eliminar focos do Aedes aegypti, transmissor da dengue,\u00a0zika\u00a0e\u00a0chikungunya. O esfor\u00e7o coletivo fortalece a queda j\u00e1 observada: entre 2023 e 2025, Minas Gerais reduziu em aproximadamente 90% o n\u00famero de casos de dengue.<\/p>\n<p>O governador Romeu Zema destacou que o engajamento da popula\u00e7\u00e3o continua sendo decisivo para manter a queda dos casos no estado.\u00a0<\/p>\n<p>\u00a0<\/p>\n<p>&#13;<br \/>\n\t&#13;<\/p>\n<tr>&#13;<\/p>\n<td colspan=\"5\" style=\"text-align: center; vertical-align: middle;\">&#13;<\/p>\n<p style=\"text-align:center\"><img decoding=\"async\" alt=\"\" height=\"10\" src=\"https:\/\/www.europesays.com\/pt\/wp-content\/uploads\/2025\/07\/content_2_olho_topo.jpg\"\/><\/p>\n<p>&#13;\n\t\t\t<\/td>\n<p>&#13;<br \/>\n\t\t<\/tr>\n<p>&#13;<\/p>\n<tr>&#13;<\/p>\n<td style=\"text-align: center; vertical-align: middle;\">\u00a0<\/td>\n<p>&#13;<\/p>\n<td colspan=\"3\" rowspan=\"3\" style=\"text-align: center; vertical-align: middle;\">&#13;<br \/>\n\t\t\t&#13;\n\t\t\t<\/td>\n<p>&#13;<\/p>\n<td style=\"text-align: center; vertical-align: middle;\">\u00a0<\/td>\n<p>&#13;<br \/>\n\t\t<\/tr>\n<p>&#13;<\/p>\n<tr>&#13;<\/p>\n<td style=\"text-align: center; vertical-align: middle;\">\u00a0<\/td>\n<p>&#13;<\/p>\n<td style=\"text-align: center; vertical-align: middle;\">\u00a0<\/td>\n<p>&#13;<br \/>\n\t\t<\/tr>\n<p>&#13;<\/p>\n<tr>&#13;<\/p>\n<td style=\"text-align: center; vertical-align: middle;\">\u00a0<\/td>\n<p>&#13;<\/p>\n<td style=\"text-align: center; vertical-align: middle;\">\u00a0<\/td>\n<p>&#13;<br \/>\n\t\t<\/tr>\n<p>&#13;<\/p>\n<tr>&#13;<\/p>\n<td colspan=\"5\" style=\"text-align: center; vertical-align: middle;\">&#13;<\/p>\n<p style=\"text-align:center\"><img decoding=\"async\" alt=\"\" height=\"10\" src=\"https:\/\/www.europesays.com\/pt\/wp-content\/uploads\/2025\/07\/content_2_olho_inferior.jpg\"\/><\/p>\n<p>&#13;\n\t\t\t<\/td>\n<p>&#13;<br \/>\n\t\t<\/tr>\n<p>&#13;<br \/>\n\t&#13;<\/p>\n<p>\u00a0<\/p>\n<p><strong>A\u00e7\u00f5es em Vespasiano<\/strong><\/p>\n<p>Nesta sexta-feira (28\/11), Vespasiano, na Regi\u00e3o Metropolitana, antecipou a mobiliza\u00e7\u00e3o e realizou atividades educativas em escolas, unidades de sa\u00fade e empresas. Equipes da SES-MG acompanharam as iniciativas, que envolveram estudantes, profissionais de sa\u00fade e colaboradores de diferentes setores.<\/p>\n<p>O subsecret\u00e1rio de Vigil\u00e2ncia em Sa\u00fade da SES-MG, Eduardo\u00a0Prosdocimi, refor\u00e7ou a import\u00e2ncia do trabalho conjunto. \u201cEstamos fazendo um grande Dia D em todo o estado, mobilizando os munic\u00edpios e engajando a sociedade nessa guerra contra o Aedes&#8221;, disse.<\/p>\n<p>\u00a0<\/p>\n<p>&#13;<br \/>\n\t&#13;<\/p>\n<tr>&#13;<\/p>\n<td colspan=\"5\" style=\"text-align: center; vertical-align: middle;\">&#13;<\/p>\n<p style=\"text-align:center\"><img decoding=\"async\" alt=\"\" height=\"10\" src=\"https:\/\/www.europesays.com\/pt\/wp-content\/uploads\/2025\/07\/content_2_olho_topo.jpg\"\/><\/p>\n<p>&#13;\n\t\t\t<\/td>\n<p>&#13;<br \/>\n\t\t<\/tr>\n<p>&#13;<\/p>\n<tr>&#13;<\/p>\n<td style=\"text-align: center; vertical-align: middle;\">\u00a0<\/td>\n<p>&#13;<\/p>\n<td colspan=\"3\" rowspan=\"3\" style=\"text-align: center; vertical-align: middle;\">&#13;<br \/>\n\t\t\t&#13;\n\t\t\t<\/td>\n<p>&#13;<\/p>\n<td style=\"text-align: center; vertical-align: middle;\">\u00a0<\/td>\n<p>&#13;<br \/>\n\t\t<\/tr>\n<p>&#13;<\/p>\n<tr>&#13;<\/p>\n<td style=\"text-align: center; vertical-align: middle;\">\u00a0<\/td>\n<p>&#13;<\/p>\n<td style=\"text-align: center; vertical-align: middle;\">\u00a0<\/td>\n<p>&#13;<br \/>\n\t\t<\/tr>\n<p>&#13;<\/p>\n<tr>&#13;<\/p>\n<td style=\"text-align: center; vertical-align: middle;\">\u00a0<\/td>\n<p>&#13;<\/p>\n<td style=\"text-align: center; vertical-align: middle;\">\u00a0<\/td>\n<p>&#13;<br \/>\n\t\t<\/tr>\n<p>&#13;<\/p>\n<tr>&#13;<\/p>\n<td colspan=\"5\" style=\"text-align: center; vertical-align: middle;\">&#13;<\/p>\n<p style=\"text-align:center\"><img decoding=\"async\" alt=\"\" height=\"10\" src=\"https:\/\/www.europesays.com\/pt\/wp-content\/uploads\/2025\/07\/content_2_olho_inferior.jpg\"\/><\/p>\n<p>&#13;\n\t\t\t<\/td>\n<p>&#13;<br \/>\n\t\t<\/tr>\n<p>&#13;<br \/>\n\t&#13;<\/p>\n<p>\u00a0<\/p>\n<p>O Governo de Minas destinou R$23,6 milh\u00f5es para a\u00e7\u00f5es emergenciais e repassou R$35,1 milh\u00f5es aos cons\u00f3rcios intermunicipais para o controle vetorial. Outros R$47,3 milh\u00f5es est\u00e3o previstos para os pr\u00f3ximos anos, com foco no fortalecimento cont\u00ednuo das equipes de vigil\u00e2ncia.<\/p>\n<p><strong>A\u00e7\u00f5es educativas<\/strong><\/p>\n<p>Na Escola Municipal Elza Maria Drumond Toledo, estudantes participaram de rodas de conversa, atividades de sensibiliza\u00e7\u00e3o e visitas monitoradas. Para a diretora\u00a0Edv\u00e2nia\u00a0Marcia de Paula Luz, envolver as crian\u00e7as amplia o alcance da mobiliza\u00e7\u00e3o.<\/p>\n<p>\u201cA mobiliza\u00e7\u00e3o na escola \u00e9 uma das a\u00e7\u00f5es mais importantes, porque aqui est\u00e3o as nossas crian\u00e7as, fiscalizadoras daquilo que n\u00e3o est\u00e1 certo. Nossa comunidade \u00e9 participativa e abra\u00e7a as causas da escola. Onde tem crian\u00e7a, a for\u00e7a \u00e9 muito maior\u201d, afirmou.<\/p>\n<p>A Secretaria Municipal de Sa\u00fade tamb\u00e9m promoveu atividades orientativas em locais de grande circula\u00e7\u00e3o, recolhimento de pneus e mobiliza\u00e7\u00f5es comunit\u00e1rias. Segundo o secret\u00e1rio Marcelo de Alc\u00e2ntara, a participa\u00e7\u00e3o superou expectativas.<\/p>\n<p>\u201cVespasiano est\u00e1 realizando in\u00fameras a\u00e7\u00f5es, como atividades em grupos operativos, blitz educativas, panfletagem e mobiliza\u00e7\u00f5es nas esta\u00e7\u00f5es do Move. Fizemos um grande movimento envolvendo a sociedade civil, os servi\u00e7os de sa\u00fade e empresas\u201d, explicou.<\/p>\n<p><strong>Preven\u00e7\u00e3o\u00a0em casa<\/strong><\/p>\n<p>A maior parte dos focos do Aedes \u00e9 encontrada dentro das resid\u00eancias. As equipes refor\u00e7am pr\u00e1ticas simples, como tampar caixas d\u2019\u00e1gua, limpar calhas, eliminar objetos que acumulam \u00e1gua, descartar recipientes corretamente e manter quintais limpos. O per\u00edodo sazonal ocorre de dezembro a maio, quando calor e chuvas favorecem a reprodu\u00e7\u00e3o do mosquito. A mobiliza\u00e7\u00e3o busca ampliar a prote\u00e7\u00e3o antes do pico hist\u00f3rico, registrado entre fevereiro e abril.\u00a0<\/p>\n<p>Mais detalhes sobre preven\u00e7\u00e3o e combate ao Aedes est\u00e3o dispon\u00edveis\u00a0<a href=\"https:\/\/www.saude.mg.gov.br\/aedes\/\" target=\"_blank\" rel=\"nofollow noopener\">neste link<\/a>.\u00a0\u00a0<\/p>\n","protected":false},"excerpt":{"rendered":"Relacionadas O Governo de Minas, por meio da Secretaria de Estado de Sa\u00fade (SES-MG), realiza neste s\u00e1bado (29\/11)&hellip;\n","protected":false},"author":2,"featured_media":169040,"comment_status":"","ping_status":"","sticky":false,"template":"","format":"standard","meta":{"footnotes":""},"categories":[86],"tags":[35379,24705,3163,19385,2299,5286,6156,116,35380,6155,2034,35381,3295,32,1461,33,12488,117],"class_list":{"0":"post-169039","1":"post","2":"type-post","3":"status-publish","4":"format-standard","5":"has-post-thumbnail","7":"category-saude","8":"tag-35379","9":"tag-aegypti","10":"tag-com","11":"tag-contra","12":"tag-d","13":"tag-dia","14":"tag-gerais","15":"tag-health","16":"tag-intensificar","17":"tag-minas","18":"tag-municipios","19":"tag-o-aedes","20":"tag-para","21":"tag-portugal","22":"tag-prevencao","23":"tag-pt","24":"tag-realiza","25":"tag-saude"},"share_on_mastodon":{"url":"https:\/\/pubeurope.com\/@pt\/115631448970174077","error":""},"_links":{"self":[{"href":"https:\/\/www.europesays.com\/pt\/wp-json\/wp\/v2\/posts\/169039","targetHints":{"allow":["GET"]}}],"collection":[{"href":"https:\/\/www.europesays.com\/pt\/wp-json\/wp\/v2\/posts"}],"about":[{"href":"https:\/\/www.europesays.com\/pt\/wp-json\/wp\/v2\/types\/post"}],"author":[{"embeddable":true,"href":"https:\/\/www.europesays.com\/pt\/wp-json\/wp\/v2\/users\/2"}],"replies":[{"embeddable":true,"href":"https:\/\/www.europesays.com\/pt\/wp-json\/wp\/v2\/comments?post=169039"}],"version-history":[{"count":0,"href":"https:\/\/www.europesays.com\/pt\/wp-json\/wp\/v2\/posts\/169039\/revisions"}],"wp:featuredmedia":[{"embeddable":true,"href":"https:\/\/www.europesays.com\/pt\/wp-json\/wp\/v2\/media\/169040"}],"wp:attachment":[{"href":"https:\/\/www.europesays.com\/pt\/wp-json\/wp\/v2\/media?parent=169039"}],"wp:term":[{"taxonomy":"category","embeddable":true,"href":"https:\/\/www.europesays.com\/pt\/wp-json\/wp\/v2\/categories?post=169039"},{"taxonomy":"post_tag","embeddable":true,"href":"https:\/\/www.europesays.com\/pt\/wp-json\/wp\/v2\/tags?post=169039"}],"curies":[{"name":"wp","href":"https:\/\/api.w.org\/{rel}","templated":true}]}}