{"id":169045,"date":"2025-11-29T06:17:13","date_gmt":"2025-11-29T06:17:13","guid":{"rendered":"https:\/\/www.europesays.com\/pt\/169045\/"},"modified":"2025-11-29T06:17:13","modified_gmt":"2025-11-29T06:17:13","slug":"kim-kardashian-revela-um-arrependimento-apos-usar-vestido-de-marilyn-monroe-no-met-gala-e-explica-motivo","status":"publish","type":"post","link":"https:\/\/www.europesays.com\/pt\/169045\/","title":{"rendered":"Kim Kardashian revela um arrependimento ap\u00f3s usar vestido de Marilyn Monroe no Met Gala, e explica motivo"},"content":{"rendered":"<p>                                Ler resumo <\/p>\n<p>Kim Kardashian comenta, no reality \u201cThe Kardashians\u201d, um arrependimento ap\u00f3s ter usado o vestido de Marilyn Monroe no Met Gala de 2022. A empres\u00e1ria explica que recebeu cr\u00edticas pelo look e revela que teria escolhido outro penteado para o evento.<\/p>\n<p><a href=\"https:\/\/hugogloss.uol.com.br\/tag\/Kim-Kardashian\/\" rel=\"nofollow noopener\" target=\"_blank\">Kim Kardashian<\/a> revelou um arrependimento ap\u00f3s ter usado o ic\u00f4nico vestido de Marilyn Monroe no Met Gala de 2022. A empres\u00e1ria falou sobre a situa\u00e7\u00e3o durante o epis\u00f3dio desta quinta-feira (27) do reality show \u201c<a href=\"https:\/\/hugogloss.uol.com.br\/tag\/The-Kardashians\/\" rel=\"nofollow noopener\" target=\"_blank\">The Kardashians<\/a>\u201c. No baile, Kim usou o vestido <a href=\"https:\/\/hugogloss.uol.com.br\/famosos\/kardashians\/kim-kardashian-fotos-revelam-antes-e-depois-de-vestido-de-marilyn-monroe-apos-emprestimo-para-estrela-web-lamenta\/\" rel=\"nofollow noopener\" target=\"_blank\">que a estrela de Hollywood vestiu<\/a> em 1962, na cerim\u00f4nia de anivers\u00e1rio do ent\u00e3o presidente John F. Kennedy. A empres\u00e1ria recebeu v\u00e1rias cr\u00edticas na ocasi\u00e3o por colocar a rel\u00edquia em risco, j\u00e1 que ajustes precisaram ser feitos para que ela conseguisse us\u00e1-la.<\/p>\n<p>A conversa come\u00e7ou com Kim comentando que gostaria de ter combinado o look todo cravejado de cristais com outro penteado. Ela disse lamentar ter usado o cabelo platinado, parecido com o de Marilyn, e afirmou que s\u00f3 percebeu depois do evento que as madeixas escuras teriam sido mais adequadas para o visual.<\/p>\n<p>\u201cVou falar disso at\u00e9 o fim dos tempos. N\u00e3o sei o porqu\u00ea, mas todo mundo me dizia: \u2018N\u00e3o fa\u00e7a o cabelo da Marilyn. Voc\u00ea vai ficar parecendo uma est\u00e1tua de cera da Marilyn\u2019. N\u00f3s s\u00f3 quer\u00edamos ser loiras\u201d, declarou.<\/p>\n<p>\u201cEu deveria ter ficado com um visual mais moreno, tipo Jackie O\u201d, afirmou a estrela. Ela contou que chegou a essa conclus\u00e3o depois de editar a foto \u201cde 500 maneiras diferentes\u201d para ver a diferen\u00e7a com diversas cores de cabelo. Ela afirmou que, desde ent\u00e3o, tem \u201ctorturado\u201d seu cabeleireiro, Chris Appleton, por causa da decis\u00e3o.<\/p>\n<p> <img loading=\"lazy\" decoding=\"async\" class=\"wp-image-875746 size-medium img-fluid lazy\" alt=\"Kim Kardashian deu detalhes do processo para vestir traje ic\u00f4nico de Marilyn Monroe no MET Gala (Foto: Getty)\" width=\"333\" height=\"499\" src=\"https:\/\/www.europesays.com\/pt\/wp-content\/uploads\/2025\/11\/gettyimages-1395061777-333x499.jpg\"  \/>Kim Kardashian com o traje ic\u00f4nico de Marilyn Monroe no MET Gala (Foto: Getty) <\/p>\n<blockquote class=\"twitter-tweet\" data-media-max-width=\"560\">\n<p dir=\"ltr\" lang=\"pt\">Kim Kardashian diz que se ARREPENDE de ter usado o vestido de Marilyn Monroe e do \u201ctormento\u201d que fez seus stylists passarem por causa disso. <a href=\"https:\/\/t.co\/2Wq6q3vNsS\" rel=\"nofollow\">pic.twitter.com\/2Wq6q3vNsS<\/a><\/p>\n<p>\u2014 UpdateCharts (@updatecharts) <a href=\"https:\/\/twitter.com\/updatecharts\/status\/1994510371210891612?ref_src=twsrc%5Etfw\" rel=\"nofollow noopener\" target=\"_blank\">November 28, 2025<\/a><\/p>\n<\/blockquote>\n<p>A pe\u00e7a original desenhada por Jean Louis \u00e9 avaliada em US$ 12.000 (cerca de R$ 64 mil). Alguns relatos dos bastidores revelam que o vestido era t\u00e3o apertado que Marilyn teve que ser costurada dentro dele antes de sua famosa apresenta\u00e7\u00e3o de \u201cParab\u00e9ns a Voc\u00ea\u201d para o presidente.<\/p>\n<p> Continua depois da Publicidade <\/p>\n<p>Em um epis\u00f3dio anterior do programa, Kim admitiu que perdeu 7kg em tr\u00eas semanas e se submeteu a uma dieta r\u00edgida para conseguir usar o look. \u201cTudo isso \u2013 perder peso, tingir o cabelo por 30 horas, sair do hotel de roup\u00e3o, chegar l\u00e1, trocar de roupa no tapete vermelho, apenas caminhar at\u00e9 o tapete vermelho, depois mudar novamente para uma r\u00e9plica do vestido porque n\u00e3o posso arriscar sentar nele e jantar \u2013 \u00e9 tudo por talvez dez minutos da minha vida\u2026 tipo, \u00e9 isso\u201d, refletiu.<\/p>\n<p>                                                                    <a id=\"google-news\" class=\"google-news\" href=\"https:\/\/news.google.com\/publications\/CAAqBwgKMM6ViAswv82GAw?ceid=BR:pt-419&amp;amp;oc=3&amp;amp;hl=pt-BR&amp;amp;gl=BR\" target=\"_blank\" rel=\"nofollow noopener\"><\/p>\n<p>                                            Siga a <strong> Hugo Gloss no Google News<\/strong> e acompanhe nossos destaques<\/p>\n<p>                                    <\/a><br \/>\n                                                            <script async src=\"https:\/\/platform.twitter.com\/widgets.js\" charset=\"utf-8\"><\/script><\/p>\n","protected":false},"excerpt":{"rendered":"Ler resumo Kim Kardashian comenta, no reality \u201cThe Kardashians\u201d, um arrependimento ap\u00f3s ter usado o vestido de Marilyn&hellip;\n","protected":false},"author":2,"featured_media":169046,"comment_status":"","ping_status":"","sticky":false,"template":"","format":"standard","meta":{"footnotes":""},"categories":[145],"tags":[211,210,114,115,5051,21695,32,33],"class_list":{"0":"post-169045","1":"post","2":"type-post","3":"status-publish","4":"format-standard","5":"has-post-thumbnail","7":"category-celebridades","8":"tag-celebridades","9":"tag-celebrities","10":"tag-entertainment","11":"tag-entretenimento","12":"tag-kim-kardashian","13":"tag-marilyn-monroe","14":"tag-portugal","15":"tag-pt"},"share_on_mastodon":{"url":"https:\/\/pubeurope.com\/@pt\/115631531494999493","error":""},"_links":{"self":[{"href":"https:\/\/www.europesays.com\/pt\/wp-json\/wp\/v2\/posts\/169045","targetHints":{"allow":["GET"]}}],"collection":[{"href":"https:\/\/www.europesays.com\/pt\/wp-json\/wp\/v2\/posts"}],"about":[{"href":"https:\/\/www.europesays.com\/pt\/wp-json\/wp\/v2\/types\/post"}],"author":[{"embeddable":true,"href":"https:\/\/www.europesays.com\/pt\/wp-json\/wp\/v2\/users\/2"}],"replies":[{"embeddable":true,"href":"https:\/\/www.europesays.com\/pt\/wp-json\/wp\/v2\/comments?post=169045"}],"version-history":[{"count":0,"href":"https:\/\/www.europesays.com\/pt\/wp-json\/wp\/v2\/posts\/169045\/revisions"}],"wp:featuredmedia":[{"embeddable":true,"href":"https:\/\/www.europesays.com\/pt\/wp-json\/wp\/v2\/media\/169046"}],"wp:attachment":[{"href":"https:\/\/www.europesays.com\/pt\/wp-json\/wp\/v2\/media?parent=169045"}],"wp:term":[{"taxonomy":"category","embeddable":true,"href":"https:\/\/www.europesays.com\/pt\/wp-json\/wp\/v2\/categories?post=169045"},{"taxonomy":"post_tag","embeddable":true,"href":"https:\/\/www.europesays.com\/pt\/wp-json\/wp\/v2\/tags?post=169045"}],"curies":[{"name":"wp","href":"https:\/\/api.w.org\/{rel}","templated":true}]}}