{"id":169057,"date":"2025-11-29T07:10:15","date_gmt":"2025-11-29T07:10:15","guid":{"rendered":"https:\/\/www.europesays.com\/pt\/169057\/"},"modified":"2025-11-29T07:10:15","modified_gmt":"2025-11-29T07:10:15","slug":"corrupcao-zelensky-anuncia-demissao-de-chefe-de-gabinete-apos-buscas","status":"publish","type":"post","link":"https:\/\/www.europesays.com\/pt\/169057\/","title":{"rendered":"Corrup\u00e7\u00e3o. Zelensky anuncia demiss\u00e3o de chefe de gabinete ap\u00f3s buscas"},"content":{"rendered":"<p>                A decis\u00e3o surgiu poucas horas depois de a Ag\u00eancia Nacional Anti-Corrup\u00e7\u00e3o da Ucr\u00e2nia (NABU) ter efetuado buscas e apreens\u00f5es na resid\u00eancia de Andriy Yermak, que liderou a equipa de negocia\u00e7\u00e3o da Ucr\u00e2nia nas negocia\u00e7\u00f5es de paz apoiadas pelos EUA.<br \/>\n          <img decoding=\"async\" itemprop=\"image\" class=\"img-fluid\"   src=\"https:\/\/www.europesays.com\/pt\/wp-content\/uploads\/2025\/11\/77507df66f02c1abe19216d28b161fc4_N.jpg\"\/><\/p>\n<p> Volodymyr Zelensky confirmou a sa\u00edda e adiantou que ir\u00e1 <b>avaliar um sucessor no s\u00e1bado.\u00a0<\/b>O l\u00edder ucraniano anunciou ainda uma reestrutura\u00e7\u00e3o no gabinete presidencial motivada pela sa\u00edda de Yermak.<\/p>\n<p>A queda do chefe do gabinete ocorre num momento em que uma grande investiga\u00e7\u00e3o por corrup\u00e7\u00e3o atinge altos funcion\u00e1rios do Estado, alimentando a indigna\u00e7\u00e3o p\u00fablica. <b>Trata-se do maior esc\u00e2ndalo de corrup\u00e7\u00e3o enfrentado por Zelensky desde o in\u00edcio do seu mandato.<\/b><\/p>\n<p>&#13;<br \/>\n(com ag\u00eancias)<br \/>&#13;<br \/>\n&#13;<br \/>\n<br \/>&#13;<\/p>\n","protected":false},"excerpt":{"rendered":"A decis\u00e3o surgiu poucas horas depois de a Ag\u00eancia Nacional Anti-Corrup\u00e7\u00e3o da Ucr\u00e2nia (NABU) ter efetuado buscas e&hellip;\n","protected":false},"author":2,"featured_media":169058,"comment_status":"","ping_status":"","sticky":false,"template":"","format":"standard","meta":{"footnotes":""},"categories":[50],"tags":[27,28,4469,15,16,830,14,25,26,21,22,62,12,13,19,20,23,24,17,18,840,29,30,31,63,64,65,3814],"class_list":{"0":"post-169057","1":"post","2":"type-post","3":"status-publish","4":"format-standard","5":"has-post-thumbnail","7":"category-mundo","8":"tag-breaking-news","9":"tag-breakingnews","10":"tag-corrupcao","11":"tag-featured-news","12":"tag-featurednews","13":"tag-guerra","14":"tag-headlines","15":"tag-latest-news","16":"tag-latestnews","17":"tag-main-news","18":"tag-mainnews","19":"tag-mundo","20":"tag-news","21":"tag-noticias","22":"tag-noticias-principais","23":"tag-noticiasprincipais","24":"tag-principais-noticias","25":"tag-principaisnoticias","26":"tag-top-stories","27":"tag-topstories","28":"tag-ucrania","29":"tag-ultimas","30":"tag-ultimas-noticias","31":"tag-ultimasnoticias","32":"tag-world","33":"tag-world-news","34":"tag-worldnews","35":"tag-zelensky"},"share_on_mastodon":{"url":"https:\/\/pubeurope.com\/@pt\/115631739818775400","error":""},"_links":{"self":[{"href":"https:\/\/www.europesays.com\/pt\/wp-json\/wp\/v2\/posts\/169057","targetHints":{"allow":["GET"]}}],"collection":[{"href":"https:\/\/www.europesays.com\/pt\/wp-json\/wp\/v2\/posts"}],"about":[{"href":"https:\/\/www.europesays.com\/pt\/wp-json\/wp\/v2\/types\/post"}],"author":[{"embeddable":true,"href":"https:\/\/www.europesays.com\/pt\/wp-json\/wp\/v2\/users\/2"}],"replies":[{"embeddable":true,"href":"https:\/\/www.europesays.com\/pt\/wp-json\/wp\/v2\/comments?post=169057"}],"version-history":[{"count":0,"href":"https:\/\/www.europesays.com\/pt\/wp-json\/wp\/v2\/posts\/169057\/revisions"}],"wp:featuredmedia":[{"embeddable":true,"href":"https:\/\/www.europesays.com\/pt\/wp-json\/wp\/v2\/media\/169058"}],"wp:attachment":[{"href":"https:\/\/www.europesays.com\/pt\/wp-json\/wp\/v2\/media?parent=169057"}],"wp:term":[{"taxonomy":"category","embeddable":true,"href":"https:\/\/www.europesays.com\/pt\/wp-json\/wp\/v2\/categories?post=169057"},{"taxonomy":"post_tag","embeddable":true,"href":"https:\/\/www.europesays.com\/pt\/wp-json\/wp\/v2\/tags?post=169057"}],"curies":[{"name":"wp","href":"https:\/\/api.w.org\/{rel}","templated":true}]}}