{"id":169081,"date":"2025-11-29T07:50:19","date_gmt":"2025-11-29T07:50:19","guid":{"rendered":"https:\/\/www.europesays.com\/pt\/169081\/"},"modified":"2025-11-29T07:50:19","modified_gmt":"2025-11-29T07:50:19","slug":"as-marcas-do-clima-extremo-no-planeta-vermelho","status":"publish","type":"post","link":"https:\/\/www.europesays.com\/pt\/169081\/","title":{"rendered":"as marcas do clima extremo no planeta vermelho"},"content":{"rendered":"<p> <img decoding=\"async\" fetchpriority=\"high\" src=\"https:\/\/www.europesays.com\/pt\/wp-content\/uploads\/2025\/11\/glaciares-escondidos-em-marte-as-marcas-do-clima-extremo-no-planeta-vermelho-1764189172743_1024.png\"  width=\"768\" height=\"432\" data-image=\"wotyamo75nx8\"\/>A geologia marciana revela que o planeta passou por poderosas idades do gelo, com vastos glaciares migrando e deixando assinaturas preservadas sob a superf\u00edcie.   <img decoding=\"async\" fetchpriority=\"high\" src=\"https:\/\/www.europesays.com\/pt\/wp-content\/uploads\/2025\/08\/carlos-alves.jpg\" alt=\"Carlos Alves\" width=\"40\" height=\"40\"\/>    <a class=\"nombre text-hv\" href=\"https:\/\/www.tempo.pt\/autor\/carlos-alves\/\" title=\"Carlos Alves\" rel=\"nofollow noopener\" target=\"_blank\">Carlos Alves<\/a>      29\/11\/2025 06:01   6 min   <\/p>\n<p>As paisagens de Marte, capturadas pela <strong>C\u00e2mara Est\u00e9reo de Alta Resolu\u00e7\u00e3o (HRSC)<\/strong> a bordo da sonda <strong>Mars Express<\/strong> da Ag\u00eancia Espacial Europeia (ESA), revelam evid\u00eancias impressionantes de um passado clim\u00e1tico marcado por intensas idades do gelo. Localizada na regi\u00e3o de <strong>Coloe Fossae<\/strong>, uma \u00e1rea intrigante que se estende do equador marciano em dire\u00e7\u00e3o ao Polo Norte, a 39\u00b0 de latitude N, a superf\u00edcie do Planeta Vermelho guarda os vest\u00edgios geol\u00f3gicos do que foi um clima global radicalmente diferente do que observamos hoje.<\/p>\n<p>Idades do gelo no sistema solar<\/p>\n<p>A Terra n\u00e3o \u00e9 o \u00fanico planeta a sofrer ciclos de glacia\u00e7\u00e3o. Estes per\u00edodos, distintos do aquecimento global causado pelo Homem, s\u00e3o impulsionados por ritmos geol\u00f3gicos ancestrais, principalmente altera\u00e7\u00f5es na \u00f3rbita de um planeta em torno do Sol e a oscila\u00e7\u00e3o do seu eixo de rota\u00e7\u00e3o (os chamados ciclos de Milankovitch). <\/p>\n<p>Durante uma idade do gelo, o gelo estende-se mais, sob a forma de glaciares e mantos de gelo, com temperaturas flutuantes que permitem que os fluxos de gelo avancem e recuem.<\/p>\n<p>Marte, embora hoje seja um mundo predominantemente seco, tamb\u00e9m passou por per\u00edodos alternados de calor e frio, gelo e degelo, regidos por varia\u00e7\u00f5es na inclina\u00e7\u00e3o do seu eixo. Os sinais desta atividade glaciar pret\u00e9rita s\u00e3o claramente vis\u00edveis nas novas imagens de Coloe Fossae.<\/p>\n<p>As provas geol\u00f3gicas em Coloe Fossae<\/p>\n<p>A regi\u00e3o de Coloe Fossae \u00e9 caracterizada por um conjunto de riscos e linhas aproximadamente paralelas que atravessam a imagem diagonalmente, formadas por peda\u00e7os de terreno que ca\u00edram alternadamente. Para al\u00e9m destas estruturas de falha, a \u00e1rea apresenta uma multiplicidade de crateras de impacto \u2013 grandes, pequenas, sobrepostas e erodidas \u2013 que servem de &#8220;arquivo&#8221; para as evid\u00eancias de glacia\u00e7\u00e3o.<\/p>\n<p><img loading=\"lazy\" decoding=\"async\" fetchpriority=\"low\" class=\"lazy \" src=\"https:\/\/www.europesays.com\/pt\/wp-content\/uploads\/2025\/11\/glaciares-escondidos-em-marte-as-marcas-do-clima-extremo-no-planeta-vermelho-1764189052815_1024.png\"  width=\"768\" height=\"432\" data-image=\"p0xfhhwrqiiz\"\/>Antigas varia\u00e7\u00f5es no eixo de Marte permitiram que glaciares se estendessem at\u00e9 latitudes m\u00e9dias, deixando um legado de gelo protegido sob camadas rochosas.<\/p>\n<p>O aspeto mais excitante e revelador da hist\u00f3ria clim\u00e1tica de Marte reside nos fundos dos vales e das crateras: padr\u00f5es de linhas conc\u00eantricas e sinuosas que sinalizam o fluxo de material durante uma idade do gelo anterior. Estes padr\u00f5es s\u00e3o tecnicamente conhecidos como <strong>preenchimento de vales lineado<\/strong> (Lineated Valley Fill &#8211; LVF) e <strong>preenchimento de crateras conc\u00eantrico<\/strong> (Concentric Crater Fill &#8211; CCF).<\/p>\n<p>Forma\u00e7\u00e3o e implica\u00e7\u00f5es para o clima global<\/p>\n<p>O LVF e o CCF n\u00e3o s\u00e3o meras marcas superficiais; s\u00e3o assinaturas de um processo din\u00e2mico semelhante ao que ocorre com os glaciares terrestres. Estes padr\u00f5es formaram-se \u00e0 medida que <strong>detritos gelados<\/strong> (gelo misturado com rocha e poeira) flu\u00edam lentamente pela superf\u00edcie de Marte, reminiscente dos glaciares que vemos na Terra. Com o tempo, este material gelado em movimento foi coberto por uma <strong>espessa camada de material rochoso<\/strong>, que agiu como um isolante, protegendo o gelo subjacente da sublima\u00e7\u00e3o ou derretimento.<\/p>\n<p><img loading=\"lazy\" decoding=\"async\" fetchpriority=\"low\" class=\"lazy \" src=\"https:\/\/www.europesays.com\/pt\/wp-content\/uploads\/2025\/11\/glaciares-escondidos-em-marte-as-marcas-do-clima-extremo-no-planeta-vermelho-1764189202091_1024.png\"  width=\"768\" height=\"432\" data-image=\"ysaz2ai5yv6q\"\/>A Mars Express confirmou que o Planeta Vermelho, hoje \u00e1rido, preserva gelo f\u00f3ssil sob a poeira, prova de que uma idade do gelo estendeu-se at\u00e9 \u00e0s latitudes m\u00e9dias.<\/p>\n<p>A descoberta destes &#8220;glaciares f\u00f3sseis&#8221; em <strong>latitudes m\u00e9dias<\/strong> (39\u00b0N), longe do Polo Norte marciano (90\u00b0N), \u00e9 crucial. Atualmente, o gelo permanente est\u00e1 confinado aos polos e a regi\u00f5es de alta altitude. No entanto, a presen\u00e7a consistente do LVF e do CCF nesta faixa latitudinal indica que o <strong>clima global de Marte mudou drasticamente<\/strong> em ciclos. Durante os per\u00edodos frios, o gelo estendeu-se desde os polos at\u00e9 estas latitudes m\u00e9dias. \u00c0 medida que as condi\u00e7\u00f5es se tornaram mais quentes, o gelo recuou, mas deixou para tr\u00e1s as estruturas como prova irrefut\u00e1vel da sua passagem.<\/p>\n<p><a class=\"imagen \" href=\"https:\/\/www.tempo.pt\/noticias\/astronomia\/teoria-de-cientistas-na-nature-o-gelo-de-marte-poderia-vir-de-erupcoes-vulcanicas.html\" title=\"Teoria de cientistas na Nature: &#039;O gelo de Marte poder\u00e1 ter sido originado a partir de erup\u00e7\u00f5es vulc\u00e2nicas&#039;\" rel=\"nofollow noopener\" target=\"_blank\"><img loading=\"lazy\" decoding=\"async\" fetchpriority=\"low\" class=\"lazy img-body non-editable\" src=\"https:\/\/www.europesays.com\/pt\/wp-content\/uploads\/2025\/11\/la-teoria-de-unos-cientificos-en-nature-el-hielo-de-marte-podria-provenir-de-erupciones-volcanicas-1.png\"  width=\"320\" height=\"225\" alt=\"Teoria de cientistas na Nature: 'O gelo de Marte poder\u00e1 ter sido originado a partir de erup\u00e7\u00f5es vulc\u00e2nicas'\"\/><\/a><\/p>\n<p>Estima-se que esta \u00e1rea possa ter estado coberta por gelo h\u00e1 apenas cerca de <strong>meio milh\u00e3o de anos<\/strong>, o que coincide com o fim da mais recente idade do gelo marciana. Coloe Fossae, juntamente com outras regi\u00f5es, faz parte de uma zona de transi\u00e7\u00e3o mais ampla e fragmentada, conhecida como <strong>Protonilus Mensae<\/strong>, que circunda o planeta e marca a divis\u00e3o entre os terrenos do norte e do sul de Marte. Assim, as cicatrizes e os dep\u00f3sitos glaciares nesta regi\u00e3o representam um testemunho fascinante e relativamente recente da natureza c\u00edclica e din\u00e2mica do clima do Planeta Vermelho.<\/p>\n<p>Refer\u00eancia da not\u00edcia<\/p>\n<p><a href=\"https:\/\/www.esa.int\/Science_Exploration\/Space_Science\/Mars_Express\/What_a_martian_ice_age_left_behind\" rel=\"nofollow noopener\" target=\"_blank\"><a\/><a href=\"https:\/\/www.esa.int\/Science_Exploration\/Space_Science\/Mars_Express\/What_a_martian_ice_age_left_behind\" target=\"_blank\" rel=\"nofollow noopener\">https:\/\/www.esa.int\/Science_Exploration\/Space_Science\/Mars_Express\/What_a_martian_ice_age_left_behind<\/a> &#8211; The European Space Agency<\/p>\n","protected":false},"excerpt":{"rendered":"A geologia marciana revela que o planeta passou por poderosas idades do gelo, com vastos glaciares migrando e&hellip;\n","protected":false},"author":2,"featured_media":169082,"comment_status":"","ping_status":"","sticky":false,"template":"","format":"standard","meta":{"footnotes":""},"categories":[84],"tags":[109,107,108,12114,2559,32,33,105,103,104,106,110],"class_list":{"0":"post-169081","1":"post","2":"type-post","3":"status-publish","4":"format-standard","5":"has-post-thumbnail","7":"category-ciencia-e-tecnologia","8":"tag-ciencia","9":"tag-ciencia-e-tecnologia","10":"tag-cienciaetecnologia","11":"tag-gelo","12":"tag-marte","13":"tag-portugal","14":"tag-pt","15":"tag-science","16":"tag-science-and-technology","17":"tag-scienceandtechnology","18":"tag-technology","19":"tag-tecnologia"},"share_on_mastodon":{"url":"https:\/\/pubeurope.com\/@pt\/115631897075622535","error":""},"_links":{"self":[{"href":"https:\/\/www.europesays.com\/pt\/wp-json\/wp\/v2\/posts\/169081","targetHints":{"allow":["GET"]}}],"collection":[{"href":"https:\/\/www.europesays.com\/pt\/wp-json\/wp\/v2\/posts"}],"about":[{"href":"https:\/\/www.europesays.com\/pt\/wp-json\/wp\/v2\/types\/post"}],"author":[{"embeddable":true,"href":"https:\/\/www.europesays.com\/pt\/wp-json\/wp\/v2\/users\/2"}],"replies":[{"embeddable":true,"href":"https:\/\/www.europesays.com\/pt\/wp-json\/wp\/v2\/comments?post=169081"}],"version-history":[{"count":0,"href":"https:\/\/www.europesays.com\/pt\/wp-json\/wp\/v2\/posts\/169081\/revisions"}],"wp:featuredmedia":[{"embeddable":true,"href":"https:\/\/www.europesays.com\/pt\/wp-json\/wp\/v2\/media\/169082"}],"wp:attachment":[{"href":"https:\/\/www.europesays.com\/pt\/wp-json\/wp\/v2\/media?parent=169081"}],"wp:term":[{"taxonomy":"category","embeddable":true,"href":"https:\/\/www.europesays.com\/pt\/wp-json\/wp\/v2\/categories?post=169081"},{"taxonomy":"post_tag","embeddable":true,"href":"https:\/\/www.europesays.com\/pt\/wp-json\/wp\/v2\/tags?post=169081"}],"curies":[{"name":"wp","href":"https:\/\/api.w.org\/{rel}","templated":true}]}}