{"id":169087,"date":"2025-11-29T08:02:19","date_gmt":"2025-11-29T08:02:19","guid":{"rendered":"https:\/\/www.europesays.com\/pt\/169087\/"},"modified":"2025-11-29T08:02:19","modified_gmt":"2025-11-29T08:02:19","slug":"sofia-oliveira-e-catarina-dias-sagram-se-campeas-mundiais-de-kickboxing","status":"publish","type":"post","link":"https:\/\/www.europesays.com\/pt\/169087\/","title":{"rendered":"Sofia Oliveira e Catarina Dias sagram-se campe\u00e3s mundiais de kickboxing"},"content":{"rendered":"<p>                O primeiro t\u00edtulo mundial de sempre de s\u00e9nior feminino foi alcan\u00e7ado por Sofia Oliveira, do Desportivo de Guimar\u00e3es, que superou na final a ucraniana Alina Martyniuk, logo seguido pelo da sua compatriota Catarina Dias, que venceu a s\u00e9rvia Aleksandra Krstic.<\/p>\n<p>Catarina Dias juntou o titulo em Abu Dhabi ao ouro conquistado nos Jogos Mundiais (World Games), em Chengdu, na China, o que faz com que o ano tenha sido de sonho para a atleta de Montalegre, que representa o Gin\u00e1sio Clube Mirandelense.<\/p>\n<p>Al\u00e9m dos dois t\u00edtulos mundiais, a representa\u00e7\u00e3o portuguesa nos Emirados \u00c1rabes Unidos rendeu mais tr\u00eas medalhas de bronze por C\u00e1tia Batista (seniores) e Emanuel Cortes e Nuno Lopes (veteranos).&#13;\n            <\/p>\n","protected":false},"excerpt":{"rendered":"O primeiro t\u00edtulo mundial de sempre de s\u00e9nior feminino foi alcan\u00e7ado por Sofia Oliveira, do Desportivo de Guimar\u00e3es,&hellip;\n","protected":false},"author":2,"featured_media":169088,"comment_status":"","ping_status":"","sticky":false,"template":"","format":"standard","meta":{"footnotes":""},"categories":[87],"tags":[5696,135,35457,32,33,134],"class_list":{"0":"post-169087","1":"post","2":"type-post","3":"status-publish","4":"format-standard","5":"has-post-thumbnail","7":"category-desporto","8":"tag-abu-dhabi","9":"tag-desporto","10":"tag-kickboxing-campeas","11":"tag-portugal","12":"tag-pt","13":"tag-sports"},"share_on_mastodon":{"url":"https:\/\/pubeurope.com\/@pt\/115631944423372583","error":""},"_links":{"self":[{"href":"https:\/\/www.europesays.com\/pt\/wp-json\/wp\/v2\/posts\/169087","targetHints":{"allow":["GET"]}}],"collection":[{"href":"https:\/\/www.europesays.com\/pt\/wp-json\/wp\/v2\/posts"}],"about":[{"href":"https:\/\/www.europesays.com\/pt\/wp-json\/wp\/v2\/types\/post"}],"author":[{"embeddable":true,"href":"https:\/\/www.europesays.com\/pt\/wp-json\/wp\/v2\/users\/2"}],"replies":[{"embeddable":true,"href":"https:\/\/www.europesays.com\/pt\/wp-json\/wp\/v2\/comments?post=169087"}],"version-history":[{"count":0,"href":"https:\/\/www.europesays.com\/pt\/wp-json\/wp\/v2\/posts\/169087\/revisions"}],"wp:featuredmedia":[{"embeddable":true,"href":"https:\/\/www.europesays.com\/pt\/wp-json\/wp\/v2\/media\/169088"}],"wp:attachment":[{"href":"https:\/\/www.europesays.com\/pt\/wp-json\/wp\/v2\/media?parent=169087"}],"wp:term":[{"taxonomy":"category","embeddable":true,"href":"https:\/\/www.europesays.com\/pt\/wp-json\/wp\/v2\/categories?post=169087"},{"taxonomy":"post_tag","embeddable":true,"href":"https:\/\/www.europesays.com\/pt\/wp-json\/wp\/v2\/tags?post=169087"}],"curies":[{"name":"wp","href":"https:\/\/api.w.org\/{rel}","templated":true}]}}