{"id":169089,"date":"2025-11-29T08:03:12","date_gmt":"2025-11-29T08:03:12","guid":{"rendered":"https:\/\/www.europesays.com\/pt\/169089\/"},"modified":"2025-11-29T08:03:12","modified_gmt":"2025-11-29T08:03:12","slug":"infogripe-casos-de-srag-recuam-no-pais-mas-vacinacao-ainda-e-essencial","status":"publish","type":"post","link":"https:\/\/www.europesays.com\/pt\/169089\/","title":{"rendered":"Infogripe: casos de SRAG recuam no pa\u00eds, mas vacina\u00e7\u00e3o ainda \u00e9 essencial"},"content":{"rendered":"<p>O novo <a href=\"https:\/\/agencia.fiocruz.br\/sites\/agencia.fiocruz.br\/files\/Resumo_InfoGripe_2025_47.pdf\" target=\"_blank\" rel=\"nofollow noopener\">Boletim InfoGripe<\/a>, divulgado nesta sexta-feira (28) pela <strong><a href=\"https:\/\/fiocruz.br\/\" target=\"_blank\" rel=\"nofollow noopener\">Funda\u00e7\u00e3o Oswaldo Cruz<\/a><\/strong> (Fiocruz), refor\u00e7a a <strong>import\u00e2ncia da vacina\u00e7\u00e3o<\/strong>, embora os casos de S\u00edndrome Respirat\u00f3ria Aguda Grave (SRAG) apresentem sinais de queda, tanto nas tend\u00eancias de curto quanto de longo prazo no \u00e2mbito nacional. Segundo o relat\u00f3rio, <strong>manter a imuniza\u00e7\u00e3o em dia \u00e9 crucial para conter a circula\u00e7\u00e3o dos principais v\u00edrus respons\u00e1veis pela SRAG<\/strong>, como o influenza e o Sars-CoV-2, causador da Covid-19.<\/p>\n<p>O relat\u00f3rio mostra ainda que as hospitaliza\u00e7\u00f5es por <strong>influenza A<\/strong> continuam avan\u00e7ando no <strong>Esp\u00edrito Santo<\/strong> e na <strong>Bahia<\/strong>, enquanto j\u00e1 h\u00e1 ind\u00edcios de desacelera\u00e7\u00e3o ou in\u00edcio de queda em <strong>S\u00e3o Paulo<\/strong> e <strong>Rio de Janeiro<\/strong>.<\/p>\n<p>SRAG em crian\u00e7as e adolescentes<\/p>\n<p>O boletim tamb\u00e9m destaca que o <strong>rinov\u00edrus <\/strong>permanece como a principal causa de hospitaliza\u00e7\u00f5es por SRAG entre <strong>crian\u00e7as e adolescentes de at\u00e9 14 anos<\/strong> no pa\u00eds. H\u00e1 ainda um leve aumento das notifica\u00e7\u00f5es associadas ao <strong>metapneumov\u00edrus <\/strong>em <strong>crian\u00e7as de at\u00e9 dois anos<\/strong>.<\/p>\n<p>Embora os casos graves de <strong>influenza A<\/strong> tenham diminu\u00eddo significativamente no <strong>Centro-Oeste<\/strong> e apresentem sinais de queda ou estabiliza\u00e7\u00e3o em parte do Sudeste \u2014 como em S\u00e3o Paulo e no Rio de Janeiro \u2014, o v\u00edrus ainda \u00e9 a principal causa de SRAG entre <strong>jovens e adultos de 15 a 49 anos<\/strong>. Entre os <strong>idosos<\/strong>, ele continua sendo uma das principais causas de hospitaliza\u00e7\u00e3o, ao lado da Covid-19.<\/p>\n<p>Em nota, a pesquisadora do Programa de Computa\u00e7\u00e3o Cient\u00edfica da Fiocruz e coordenadora do InfoGripe, <strong>Tatiana Portella<\/strong>, explica que o aumento de casos no <strong>Par\u00e1 <\/strong>se concentra em<strong> crian\u00e7as de 2 a 4 anos<\/strong> e em <strong>idosos acima de 65 anos<\/strong>. \u201cNas crian\u00e7as, esse crescimento tem sido impulsionado pelo<strong> rinov\u00edrus e adenov\u00edrus<\/strong>. J\u00e1 nos idosos, ainda n\u00e3o h\u00e1 dados laboratoriais suficientes para identificar qual v\u00edrus tem impulsionado esse aumento\u201d, destaca.<\/p>\n<p>Estados e capitais<\/p>\n<p>Oito estados apresentam n\u00edveis de incid\u00eancia de SRAG classificados como alerta, risco ou alto risco, embora sem tend\u00eancia de crescimento no longo prazo:<strong> Esp\u00edrito Santo, Goi\u00e1s, Mato Grosso, Para\u00edba, Rio de Janeiro, Roraima, Santa Catarina e Sergipe.<\/strong><\/p>\n<p>Entre as capitais, apenas <strong>Aracaju (SE), Cuiab\u00e1 (MT)<\/strong> e<strong> Vit\u00f3ria (ES)<\/strong> registram n\u00edveis de atividade de SRAG em alerta, risco ou alto risco.<\/p>\n<p>Casos e \u00f3bitos<\/p>\n<p>Nas \u00faltimas quatro semanas epidemiol\u00f3gicas, entre os casos positivos de SRAG, a preval\u00eancia foi de:<\/p>\n<ul>&#13;<\/p>\n<li><strong>37,1%<\/strong> \u2013 rinov\u00edrus<\/li>\n<p>&#13;<\/p>\n<li><strong>26% <\/strong>\u2013 influenza A<\/li>\n<p>&#13;<\/p>\n<li><strong>14,4% <\/strong>\u2013 Covid-19<\/li>\n<p>&#13;<\/p>\n<li><strong>5,5%<\/strong> \u2013 v\u00edrus sincicial respirat\u00f3rio (VSR)<\/li>\n<p>&#13;<\/p>\n<li><strong>2,3%<\/strong> \u2013 influenza B<\/li>\n<p>&#13;\n<\/ul>\n<p>Entre os \u00f3bitos confirmados no per\u00edodo, os n\u00fameros indicam:<\/p>\n<ul>&#13;<\/p>\n<li><strong>40,3% <\/strong>\u2013 Covid-19<\/li>\n<p>&#13;<\/p>\n<li><strong>30,3%<\/strong> \u2013 influenza A<\/li>\n<p>&#13;<\/p>\n<li><strong>12,9%<\/strong> \u2013 rinov\u00edrus<\/li>\n<p>&#13;<\/p>\n<li><strong>4%<\/strong> \u2013 VSR<\/li>\n<p>&#13;<\/p>\n<li><strong>2%<\/strong> \u2013 influenza B<\/li>\n<p>&#13;\n<\/ul>\n<p>O levantamento do InfoGripe tem como base os dados inseridos no Sistema de Informa\u00e7\u00e3o da Vigil\u00e2ncia Epidemiol\u00f3gica da Gripe, atualizados at\u00e9 22 de novembro, e \u00e9 referente \u00e0 Semana Epidemiol\u00f3gica (SE) 47. Confira outros detalhes no <a href=\"https:\/\/agencia.fiocruz.br\/infogripe-expansao-de-casos-de-srag-pode-ser-evitada-pela-vacinacao\" target=\"_blank\" rel=\"nofollow noopener\">link<\/a>.<\/p>\n","protected":false},"excerpt":{"rendered":"O novo Boletim InfoGripe, divulgado nesta sexta-feira (28) pela Funda\u00e7\u00e3o Oswaldo Cruz (Fiocruz), refor\u00e7a a import\u00e2ncia da vacina\u00e7\u00e3o,&hellip;\n","protected":false},"author":2,"featured_media":169090,"comment_status":"","ping_status":"","sticky":false,"template":"","format":"standard","meta":{"footnotes":""},"categories":[86],"tags":[1430,1425,1420,1419,1427,1426,1422,1424,1421,1423,2641,1418,116,2850,1428,1703,52,32,1429,33,117,1333,2820],"class_list":{"0":"post-169089","1":"post","2":"type-post","3":"status-publish","4":"format-standard","5":"has-post-thumbnail","7":"category-saude","8":"tag-agronegocios","9":"tag-audio-para-radio","10":"tag-brasi-61","11":"tag-brasil61","12":"tag-brasilia","13":"tag-congresso","14":"tag-conteudo-para-blog","15":"tag-conteudo-para-gratuito","16":"tag-conteudo-para-radios","17":"tag-conteudo-para-site","18":"tag-covid-19","19":"tag-gripe","20":"tag-health","21":"tag-influenza","22":"tag-jornalismo","23":"tag-ministerio-da-saude","24":"tag-politica","25":"tag-portugal","26":"tag-previsao-do-tempo","27":"tag-pt","28":"tag-saude","29":"tag-vacina","30":"tag-vacinacao"},"share_on_mastodon":{"url":"https:\/\/pubeurope.com\/@pt\/115631948013357538","error":""},"_links":{"self":[{"href":"https:\/\/www.europesays.com\/pt\/wp-json\/wp\/v2\/posts\/169089","targetHints":{"allow":["GET"]}}],"collection":[{"href":"https:\/\/www.europesays.com\/pt\/wp-json\/wp\/v2\/posts"}],"about":[{"href":"https:\/\/www.europesays.com\/pt\/wp-json\/wp\/v2\/types\/post"}],"author":[{"embeddable":true,"href":"https:\/\/www.europesays.com\/pt\/wp-json\/wp\/v2\/users\/2"}],"replies":[{"embeddable":true,"href":"https:\/\/www.europesays.com\/pt\/wp-json\/wp\/v2\/comments?post=169089"}],"version-history":[{"count":0,"href":"https:\/\/www.europesays.com\/pt\/wp-json\/wp\/v2\/posts\/169089\/revisions"}],"wp:featuredmedia":[{"embeddable":true,"href":"https:\/\/www.europesays.com\/pt\/wp-json\/wp\/v2\/media\/169090"}],"wp:attachment":[{"href":"https:\/\/www.europesays.com\/pt\/wp-json\/wp\/v2\/media?parent=169089"}],"wp:term":[{"taxonomy":"category","embeddable":true,"href":"https:\/\/www.europesays.com\/pt\/wp-json\/wp\/v2\/categories?post=169089"},{"taxonomy":"post_tag","embeddable":true,"href":"https:\/\/www.europesays.com\/pt\/wp-json\/wp\/v2\/tags?post=169089"}],"curies":[{"name":"wp","href":"https:\/\/api.w.org\/{rel}","templated":true}]}}