{"id":169109,"date":"2025-11-29T08:37:08","date_gmt":"2025-11-29T08:37:08","guid":{"rendered":"https:\/\/www.europesays.com\/pt\/169109\/"},"modified":"2025-11-29T08:37:08","modified_gmt":"2025-11-29T08:37:08","slug":"trump-conversou-ao-telefone-com-maduro-para-marcar-reuniao","status":"publish","type":"post","link":"https:\/\/www.europesays.com\/pt\/169109\/","title":{"rendered":"Trump conversou ao telefone com Maduro para marcar reuni\u00e3o"},"content":{"rendered":"<p data-remotead-prev-elm=\"true\" data-remotead-elm-id=\"inread\">A chamada, na semana passada, incluiu o secret\u00e1rio de Estado norte-americano, Marco Rubio, e n\u00e3o resultou em planos concretos para o encontro, acrescentou o jornal nova-iorquino citando fontes an\u00f3nimas, sem mais detalhes sobre o que foi discutido entre os dois l\u00edderes.<\/p>\n<p>A conversa ocorreu &#8220;dias antes&#8221; de o Departamento de Estado designar como terrorista, na segunda-feira, o chamado Cartel dos S\u00f3is, associado \u00e0 lideran\u00e7a do regime da Venezuela, que rejeita a liga\u00e7\u00e3o.<\/p>\n<p>Nem o Governo dos Estados Unidos, nem o da Venezuela comentaram at\u00e9 agora a not\u00edcia sobre a alegada chamada, embora tamb\u00e9m n\u00e3o a tenham negado.<\/p>\n<p data-remotead-prev-elm=\"true\" data-remotead-elm-id=\"centro1\">A conversa \u00e9 divulgada um dia depois do aviso de Trump de que as For\u00e7as Armadas &#8220;come\u00e7ar\u00e3o muito em breve&#8221; a deter os &#8220;traficantes de droga da Venezuela&#8221; por terra, ap\u00f3s as opera\u00e7\u00f5es no mar, nas quais bombardearam mais de 20 lanchas e mataram mais de 80 pessoas.<\/p>\n<p>&#8220;Come\u00e7aremos a det\u00ea-los por terra. Al\u00e9m disso, por terra \u00e9 mais f\u00e1cil, mas isso vai come\u00e7ar muito em breve. Avis\u00e1mo-los para que deixem de enviar veneno para o nosso pa\u00eds&#8221;, afirmou Trump numa chamada no dia de A\u00e7\u00e3o de Gra\u00e7as com militares.<\/p>\n<p>Apesar deste aviso, Trump indicou na ter\u00e7a-feira que &#8220;poderia falar [com Maduro] para salvar muitas vidas&#8221;.<\/p>\n<p data-remotead-prev-elm=\"true\" data-remotead-elm-id=\"centro2\">Uma conversa que para Caracas, segundo o procurador-geral venezuelano, Tarek William Saab, seria &#8220;bem-vinda&#8221;.<\/p>\n<p>O an\u00fancio das discuss\u00f5es com Maduro ocorre ap\u00f3s relatos da imprensa norte-americana em outubro sobre supostas negocia\u00e7\u00f5es que o Governo da Venezuela ter\u00e1 procurado com o governo Trump.<\/p>\n<p>O jornal Miami Herald relatou que a vice-presidente venezuelana, Delcy Rodriguez, prop\u00f4s a Washington liderar um Governo de transi\u00e7\u00e3o sem Maduro.<\/p>\n<p data-remotead-prev-elm=\"true\" data-remotead-elm-id=\"centro3\">O &#8220;The New York Times&#8221; afirmou que Caracas ofereceu a Washington abrir \u00e0s empresas norte-americanas a explora\u00e7\u00e3o do seu petr\u00f3leo e ouro e redirecionar da China para a Am\u00e9rica do Norte as suas exporta\u00e7\u00f5es de combust\u00edveis.<\/p>\n<p>A tens\u00e3o tem vindo a crescer entre a Venezuela e os Estados Unidos, que desde 16 de novembro posicionaram nas Cara\u00edbas o USS Gerald R. Ford, o seu maior porta-avi\u00f5es, e na segunda-feira realizaram demonstra\u00e7\u00f5es de ataque com os seus avi\u00f5es bombardeiros B-52H.<\/p>\n","protected":false},"excerpt":{"rendered":"A chamada, na semana passada, incluiu o secret\u00e1rio de Estado norte-americano, Marco Rubio, e n\u00e3o resultou em planos&hellip;\n","protected":false},"author":2,"featured_media":169110,"comment_status":"","ping_status":"","sticky":false,"template":"","format":"standard","meta":{"footnotes":""},"categories":[8],"tags":[27,28,413,15,16,14,25,26,21,22,62,12,3025,13,19,20,32,23,24,33,17,18,29,30,31,3023],"class_list":{"0":"post-169109","1":"post","2":"type-post","3":"status-publish","4":"format-standard","5":"has-post-thumbnail","7":"category-principais-noticias","8":"tag-breaking-news","9":"tag-breakingnews","10":"tag-eua","11":"tag-featured-news","12":"tag-featurednews","13":"tag-headlines","14":"tag-latest-news","15":"tag-latestnews","16":"tag-main-news","17":"tag-mainnews","18":"tag-mundo","19":"tag-news","20":"tag-nicolas-maduro","21":"tag-noticias","22":"tag-noticias-principais","23":"tag-noticiasprincipais","24":"tag-portugal","25":"tag-principais-noticias","26":"tag-principaisnoticias","27":"tag-pt","28":"tag-top-stories","29":"tag-topstories","30":"tag-ultimas","31":"tag-ultimas-noticias","32":"tag-ultimasnoticias","33":"tag-venezuela"},"share_on_mastodon":{"url":"https:\/\/pubeurope.com\/@pt\/115632081911161458","error":""},"_links":{"self":[{"href":"https:\/\/www.europesays.com\/pt\/wp-json\/wp\/v2\/posts\/169109","targetHints":{"allow":["GET"]}}],"collection":[{"href":"https:\/\/www.europesays.com\/pt\/wp-json\/wp\/v2\/posts"}],"about":[{"href":"https:\/\/www.europesays.com\/pt\/wp-json\/wp\/v2\/types\/post"}],"author":[{"embeddable":true,"href":"https:\/\/www.europesays.com\/pt\/wp-json\/wp\/v2\/users\/2"}],"replies":[{"embeddable":true,"href":"https:\/\/www.europesays.com\/pt\/wp-json\/wp\/v2\/comments?post=169109"}],"version-history":[{"count":0,"href":"https:\/\/www.europesays.com\/pt\/wp-json\/wp\/v2\/posts\/169109\/revisions"}],"wp:featuredmedia":[{"embeddable":true,"href":"https:\/\/www.europesays.com\/pt\/wp-json\/wp\/v2\/media\/169110"}],"wp:attachment":[{"href":"https:\/\/www.europesays.com\/pt\/wp-json\/wp\/v2\/media?parent=169109"}],"wp:term":[{"taxonomy":"category","embeddable":true,"href":"https:\/\/www.europesays.com\/pt\/wp-json\/wp\/v2\/categories?post=169109"},{"taxonomy":"post_tag","embeddable":true,"href":"https:\/\/www.europesays.com\/pt\/wp-json\/wp\/v2\/tags?post=169109"}],"curies":[{"name":"wp","href":"https:\/\/api.w.org\/{rel}","templated":true}]}}