{"id":169123,"date":"2025-11-29T08:59:16","date_gmt":"2025-11-29T08:59:16","guid":{"rendered":"https:\/\/www.europesays.com\/pt\/169123\/"},"modified":"2025-11-29T08:59:16","modified_gmt":"2025-11-29T08:59:16","slug":"campeoes-mundiais-foram-fazer-o-que-por-supersticao-nao-puderam-fazer-antes","status":"publish","type":"post","link":"https:\/\/www.europesays.com\/pt\/169123\/","title":{"rendered":"Campe\u00f5es mundiais foram fazer o que (por supersti\u00e7\u00e3o) n\u00e3o puderam fazer antes"},"content":{"rendered":"<p>Depois de conquistarem o t\u00edtulo mundial de sub-17, os jogadores portugueses foram finalmente conhecer o deserto.<\/p>\n<p>Diz-se finalmente porque h\u00e1 uma hist\u00f3ria curiosa: os pais dos atletas foram percebendo durante a competi\u00e7\u00e3o que as sele\u00e7\u00f5es que visitavam o deserto eram eliminadas logo a seguir. Por isso, e por uma quest\u00e3o de supersti\u00e7\u00e3o, as fam\u00edlias pediram aos jogadores para n\u00e3o fazerem esse passeio.<\/p>\n<p>Esta sexta-feira, e j\u00e1 depois de conquistarem o t\u00edtulo mundial, os jovens atletas aproveitaram a liberdade dada por Bino Ma\u00e7\u00e3es ao grupo para finalmente irem conhecer o deserto.<\/p>\n<p>Houve um pequeno grupo que, ainda assim, preferiu ir \u00e0 praia, mas a esmagadora maioria optou pelo deserto.<\/p>\n<p>Durante quatro horas, os campe\u00f5es mundiais exploraram uma paisagem a perder de vista e que tem uma caracteristica \u00fanica: faz fronteira com o mar, pelo que as \u00e1guas chegam a entrar pelas dunas adentro.<\/p>\n<p>Os dois grupos, de resto, levaram respons\u00e1veis da comitiva da sele\u00e7\u00e3o, porque no Qatar os turistas menores t\u00eam de ser acompanhados por um adulto maior de idade.<\/p>\n<p>J\u00e1 era de noite em Doha quando os atletas voltaram ao hotel.<\/p>\n","protected":false},"excerpt":{"rendered":"Depois de conquistarem o t\u00edtulo mundial de sub-17, os jogadores portugueses foram finalmente conhecer o deserto. Diz-se finalmente&hellip;\n","protected":false},"author":2,"featured_media":169124,"comment_status":"","ping_status":"","sticky":false,"template":"","format":"standard","meta":{"footnotes":""},"categories":[87],"tags":[33558,135,46,30972,3774,32,33239,33,47,4338,5420,32722,134],"class_list":{"0":"post-169123","1":"post","2":"type-post","3":"status-publish","4":"format-standard","5":"has-post-thumbnail","7":"category-desporto","8":"tag-deserto","9":"tag-desporto","10":"tag-maisfutebol","11":"tag-mundial-sub-17","12":"tag-passeio","13":"tag-portugal","14":"tag-portugal-sub-17","15":"tag-pt","16":"tag-pura-paixao","17":"tag-selecao","18":"tag-selecao-nacional","19":"tag-selecao-sub-17","20":"tag-sports"},"share_on_mastodon":{"url":"https:\/\/pubeurope.com\/@pt\/115632168296595379","error":""},"_links":{"self":[{"href":"https:\/\/www.europesays.com\/pt\/wp-json\/wp\/v2\/posts\/169123","targetHints":{"allow":["GET"]}}],"collection":[{"href":"https:\/\/www.europesays.com\/pt\/wp-json\/wp\/v2\/posts"}],"about":[{"href":"https:\/\/www.europesays.com\/pt\/wp-json\/wp\/v2\/types\/post"}],"author":[{"embeddable":true,"href":"https:\/\/www.europesays.com\/pt\/wp-json\/wp\/v2\/users\/2"}],"replies":[{"embeddable":true,"href":"https:\/\/www.europesays.com\/pt\/wp-json\/wp\/v2\/comments?post=169123"}],"version-history":[{"count":0,"href":"https:\/\/www.europesays.com\/pt\/wp-json\/wp\/v2\/posts\/169123\/revisions"}],"wp:featuredmedia":[{"embeddable":true,"href":"https:\/\/www.europesays.com\/pt\/wp-json\/wp\/v2\/media\/169124"}],"wp:attachment":[{"href":"https:\/\/www.europesays.com\/pt\/wp-json\/wp\/v2\/media?parent=169123"}],"wp:term":[{"taxonomy":"category","embeddable":true,"href":"https:\/\/www.europesays.com\/pt\/wp-json\/wp\/v2\/categories?post=169123"},{"taxonomy":"post_tag","embeddable":true,"href":"https:\/\/www.europesays.com\/pt\/wp-json\/wp\/v2\/tags?post=169123"}],"curies":[{"name":"wp","href":"https:\/\/api.w.org\/{rel}","templated":true}]}}