{"id":169125,"date":"2025-11-29T09:00:13","date_gmt":"2025-11-29T09:00:13","guid":{"rendered":"https:\/\/www.europesays.com\/pt\/169125\/"},"modified":"2025-11-29T09:00:13","modified_gmt":"2025-11-29T09:00:13","slug":"gripe-quase-75-das-pessoas-com-mais-de-80-anos-vacinadas-observador","status":"publish","type":"post","link":"https:\/\/www.europesays.com\/pt\/169125\/","title":{"rendered":"Gripe. Quase 75% das pessoas com mais de 80 anos vacinadas \u2013 Observador"},"content":{"rendered":"<p>Quase tr\u00eas em cada quatro pessoas com <strong>mais de 80 anos<\/strong> j\u00e1 se vacinaram este ano contra a <strong>gripe<\/strong>, segundo a estimativa da monitoriza\u00e7\u00e3o da campanha, que aponta para uma subida na vacina\u00e7\u00e3o dos profissionais de sa\u00fade.<\/p>\n<p>De acordo com os resultados da segunda vaga do Vacin\u00f3metro, uma iniciativa da Sociedade Portuguesa de Pneumologia e da Associa\u00e7\u00e3o Portuguesa de Medicina Geral e Familiar (APMGF), <strong>74,9% das pessoas com mais de 80 anos de idade<\/strong> j\u00e1 receberam a vacina da gripe, o mesmo acontecendo a 70,7% dos portadores de doen\u00e7a cr\u00f3nica.<\/p>\n<p>Os dados revelam uma subida na taxa de vacina\u00e7\u00e3o dos profissionais de sa\u00fade, com 41,5%, mais do que os 32,8% da vaga anterior.<\/p>\n<p>\u201cO facto de haver um aumento na vacina\u00e7\u00e3o dos profissionais de sa\u00fade \u00e9 um bom resultado. \u00c9 significativo. Os profissionais t\u00eam interiorizado esta mensagem, que eles pr\u00f3prios tamb\u00e9m t\u00eam de se vacinar, porque tamb\u00e9m s\u00e3o um grupo de risco, s\u00e3o um fator de transmiss\u00e3o, e tamb\u00e9m pela quest\u00e3o do exemplo que temos que dar\u201d, disse \u00e0 Lusa Nuno Jacinto, presidente da APMGF.<\/p>\n<p>O respons\u00e1vel reconhece que um dos fatores que pode ter contribu\u00eddo para este aumento foi o alerta do Centro Europeu de Preven\u00e7\u00e3o e Controlo de Doen\u00e7as, que na semana passada veio apelar aos pa\u00edses da Uni\u00e3o Europeia para acelerarem a vacina\u00e7\u00e3o, revelando que os casos de gripe estavam j\u00e1 a aumentar de forma invulgar e precoce com uma nova estirpe.<\/p>\n<p>Contudo, Nuno Jacinto diz que o afastamento da pandemia tamb\u00e9m pode estar a contribuir para a redu\u00e7\u00e3o da chamada fadiga vacinal, voltando a fazer subir as taxas de vacina\u00e7\u00e3o.<\/p>\n<p>\u201cEste afastamento que vamos tendo cada vez maior da pandemia tamb\u00e9m nos vai fazendo reduzir essa fadiga vacinal, sobretudo entre os profissionais, que v\u00e3o olhando novamente para a vacina da gripe com outros olhos e com a import\u00e2ncia que ela merece\u201d, afirmou.<\/p>\n<p>Em rela\u00e7\u00e3o \u00e0 vacina de dose elevada, que \u00e9 administrada gratuitamente \u00e0s pessoas com 85 anos ou mais, da amostra total estudada, 80,3% j\u00e1 se vacinou, sendo que cerca de metade dos inquiridos (53,2%) diz n\u00e3o ter conhecimento sobre a exist\u00eancia de uma vacina de dose elevada a ser administrada \u00e0 popula\u00e7\u00e3o acima dos 85 anos.<\/p>\n<p>Os dados indicam ainda que <strong>64,9%<\/strong> das pessoas <strong>com 65 ou mais anos de idade<\/strong> tamb\u00e9m j\u00e1 se vacinaram contra a gripe.<\/p>\n<p>Quase metade (49,8%) das gr\u00e1vidas tamb\u00e9m j\u00e1 receberam a vacina da gripe, sendo que 90,2% diz que o fez por recomenda\u00e7\u00e3o do m\u00e9dico.<\/p>\n<p>Entre os 60 e 64 anos foram 42,4% os que j\u00e1 se vacinaram, mais de metade (53,6%) dos quais por iniciativa pr\u00f3pria.<\/p>\n<p>Do total dos vacinados pertencentes ao grupo dos doentes cr\u00f3nicos, 74,3% das pessoas com doen\u00e7a respirat\u00f3ria j\u00e1 se vacinou, o mesmo acontecendo a 70,9% dos que t\u00eam doen\u00e7a cardiovascular e 70,9% dos diab\u00e9ticos.<\/p>\n<p>Em declara\u00e7\u00f5es \u00e0 Lusa, Nuno Jacinto recordou a import\u00e2ncia do acompanhamento das pessoas por m\u00e9dicos de fam\u00edlia, lembrando que mais de 37% das pessoas que se vacinou o fez por recomenda\u00e7\u00e3o do m\u00e9dico.<\/p>\n<p>\u201cClaro que h\u00e1 outros colegas e outros especialistas que tamb\u00e9m fazem esta recomenda\u00e7\u00e3o, mas h\u00e1 muitos doentes que o acompanhamento que t\u00eam \u00e9 pelo m\u00e9dico de fam\u00edlia, n\u00e3o t\u00eam um acompanhamento por um colega hospitalar\u201d, disse.<\/p>\n<p>Questionado sobre as falhas detetadas na disponibilidade de vacinas da gripe de dose refor\u00e7ada (para as pessoas com 85 anos ou mais) Nuno Jacinto disse n\u00e3o conseguir garantir que essas falhas estejam j\u00e1 todas ultrapassadas, adiantando que a \u00e9poca gripal ainda n\u00e3o terminou.<\/p>\n<p>\u201cAinda vamos a tempo de recuperar poss\u00edveis atrasos que possam ter ocorrido devido \u00e0quelas ruturas de stock ou erro de distribui\u00e7\u00e3o que possa ter existido\u201d, adiantou.<\/p>\n<p>Relativamente aos locais preferenciais de aquisi\u00e7\u00e3o\/administra\u00e7\u00e3o da vacina, todos os profissionais de sa\u00fade inquiridos receberam a vacina no local de trabalho. J\u00e1 57,5% da popula\u00e7\u00e3o estudada recebeu a vacina gratuitamente no centro de sa\u00fade, enquanto 34,1% recebeu na farm\u00e1cia, tamb\u00e9m gratuitamente.<\/p>\n<p>Quanto \u00e0s crian\u00e7as entre os 6 e os 24 meses de idade, a quem foi este ano alargada a vacina\u00e7\u00e3o gratuita, 34,2% j\u00e1 recebeu a vacina da gripe.<\/p>\n<p>Mais de metade dos vacinados (57,1%) optaram pela coadministra\u00e7\u00e3o com a vacina da Covid-19.<\/p>\n<p>Lan\u00e7ado em 2009, o Vacin\u00f3metro permite monitorizar, em tempo real, a taxa de cobertura da vacina\u00e7\u00e3o contra a gripe em grupos priorit\u00e1rios recomendados pela DGS.<\/p>\n","protected":false},"excerpt":{"rendered":"Quase tr\u00eas em cada quatro pessoas com mais de 80 anos j\u00e1 se vacinaram este ano contra a&hellip;\n","protected":false},"author":2,"featured_media":101543,"comment_status":"","ping_status":"","sticky":false,"template":"","format":"standard","meta":{"footnotes":""},"categories":[86],"tags":[9731,1418,116,32,33,2946,6824,117,2782],"class_list":{"0":"post-169125","1":"post","2":"type-post","3":"status-publish","4":"format-standard","5":"has-post-thumbnail","7":"category-saude","8":"tag-coronavu00edrus","9":"tag-gripe","10":"tag-health","11":"tag-portugal","12":"tag-pt","13":"tag-sau00fade","14":"tag-sau00fade-pu00fablica","15":"tag-saude","16":"tag-vacinas"},"share_on_mastodon":{"url":"https:\/\/pubeurope.com\/@pt\/115632172413652902","error":""},"_links":{"self":[{"href":"https:\/\/www.europesays.com\/pt\/wp-json\/wp\/v2\/posts\/169125","targetHints":{"allow":["GET"]}}],"collection":[{"href":"https:\/\/www.europesays.com\/pt\/wp-json\/wp\/v2\/posts"}],"about":[{"href":"https:\/\/www.europesays.com\/pt\/wp-json\/wp\/v2\/types\/post"}],"author":[{"embeddable":true,"href":"https:\/\/www.europesays.com\/pt\/wp-json\/wp\/v2\/users\/2"}],"replies":[{"embeddable":true,"href":"https:\/\/www.europesays.com\/pt\/wp-json\/wp\/v2\/comments?post=169125"}],"version-history":[{"count":0,"href":"https:\/\/www.europesays.com\/pt\/wp-json\/wp\/v2\/posts\/169125\/revisions"}],"wp:featuredmedia":[{"embeddable":true,"href":"https:\/\/www.europesays.com\/pt\/wp-json\/wp\/v2\/media\/101543"}],"wp:attachment":[{"href":"https:\/\/www.europesays.com\/pt\/wp-json\/wp\/v2\/media?parent=169125"}],"wp:term":[{"taxonomy":"category","embeddable":true,"href":"https:\/\/www.europesays.com\/pt\/wp-json\/wp\/v2\/categories?post=169125"},{"taxonomy":"post_tag","embeddable":true,"href":"https:\/\/www.europesays.com\/pt\/wp-json\/wp\/v2\/tags?post=169125"}],"curies":[{"name":"wp","href":"https:\/\/api.w.org\/{rel}","templated":true}]}}