{"id":169126,"date":"2025-11-29T09:02:24","date_gmt":"2025-11-29T09:02:24","guid":{"rendered":"https:\/\/www.europesays.com\/pt\/169126\/"},"modified":"2025-11-29T09:02:24","modified_gmt":"2025-11-29T09:02:24","slug":"acores-assumem-presidencia-da-rede-de-estacoes-geodinamicas-e-espaciais-em-2026-2","status":"publish","type":"post","link":"https:\/\/www.europesays.com\/pt\/169126\/","title":{"rendered":"A\u00e7ores assumem presid\u00eancia da Rede de Esta\u00e7\u00f5es Geodin\u00e2micas e Espaciais em 2026"},"content":{"rendered":"<p class=\"text-paragraph\">Citado&#13;<br \/>\n numa nota do executivo, o secret\u00e1rio regional dos Assuntos &#13;<br \/>\nParlamentares e Comunidades, Paulo Est\u00eav\u00e3o, que participou por via &#13;<br \/>\ndigital numa reuni\u00e3o do comit\u00e9, a decis\u00e3o \u201cmarca um momento hist\u00f3rico &#13;<br \/>\npara a coopera\u00e7\u00e3o cient\u00edfica entre Portugal e Espanha, refor\u00e7ando o &#13;<br \/>\npapel estrat\u00e9gico dos A\u00e7ores no desenvolvimento de projetos &#13;<br \/>\ninternacionais de geodesia e observa\u00e7\u00e3o espacial\u201d.<\/p>\n<p class=\"text-paragraph\">O&#13;<br \/>\n comit\u00e9 executivo \u00e9 um \u00f3rg\u00e3o que estabelece as diretrizes de gest\u00e3o e &#13;<br \/>\nadministra\u00e7\u00e3o da RAEGE e controla as respetivas atividades, sendo &#13;<br \/>\ncomposto por seis membros, tr\u00eas nomeados pelo Instituto Geogr\u00e1fico &#13;<br \/>\nNacional de Espanha e tr\u00eas nomeados pelo Governo dos A\u00e7ores.<\/p>\n<p class=\"text-paragraph\">O&#13;<br \/>\n projeto RAEGE come\u00e7ou em 2010 com a assinatura de um memorando de &#13;<br \/>\nentendimento entre o Governo de Espanha e o Governo dos A\u00e7ores para a &#13;<br \/>\nconstru\u00e7\u00e3o, instala\u00e7\u00e3o e explora\u00e7\u00e3o de quatro esta\u00e7\u00f5es geod\u00e9sicas &#13;<br \/>\nfundamentais: duas em Espanha (Yebes e Gran Can\u00e1ria) e duas nos A\u00e7ores &#13;<br \/>\n(Santa Maria e Flores).<\/p>\n<p class=\"text-paragraph\">Ainda segundo Paulo&#13;<br \/>\n Est\u00eav\u00e3o, os A\u00e7ores est\u00e3o a \u201cafirmar-se cada vez mais nestas \u00e1reas\u201d, &#13;<br \/>\nsendo que os pr\u00f3ximos dois anos \u201cs\u00e3o absolutamente decisivos e marcar\u00e3o &#13;<br \/>\numa nova etapa\u201d.<\/p>\n<p><\/p>\n","protected":false},"excerpt":{"rendered":"Citado&#13; numa nota do executivo, o secret\u00e1rio regional dos Assuntos &#13; Parlamentares e Comunidades, Paulo Est\u00eav\u00e3o, que participou&hellip;\n","protected":false},"author":2,"featured_media":164071,"comment_status":"","ping_status":"","sticky":false,"template":"","format":"standard","meta":{"footnotes":""},"categories":[84],"tags":[109,107,108,32,33,105,103,104,106,110],"class_list":{"0":"post-169126","1":"post","2":"type-post","3":"status-publish","4":"format-standard","5":"has-post-thumbnail","7":"category-ciencia-e-tecnologia","8":"tag-ciencia","9":"tag-ciencia-e-tecnologia","10":"tag-cienciaetecnologia","11":"tag-portugal","12":"tag-pt","13":"tag-science","14":"tag-science-and-technology","15":"tag-scienceandtechnology","16":"tag-technology","17":"tag-tecnologia"},"share_on_mastodon":{"url":"https:\/\/pubeurope.com\/@pt\/115632180099793021","error":""},"_links":{"self":[{"href":"https:\/\/www.europesays.com\/pt\/wp-json\/wp\/v2\/posts\/169126","targetHints":{"allow":["GET"]}}],"collection":[{"href":"https:\/\/www.europesays.com\/pt\/wp-json\/wp\/v2\/posts"}],"about":[{"href":"https:\/\/www.europesays.com\/pt\/wp-json\/wp\/v2\/types\/post"}],"author":[{"embeddable":true,"href":"https:\/\/www.europesays.com\/pt\/wp-json\/wp\/v2\/users\/2"}],"replies":[{"embeddable":true,"href":"https:\/\/www.europesays.com\/pt\/wp-json\/wp\/v2\/comments?post=169126"}],"version-history":[{"count":0,"href":"https:\/\/www.europesays.com\/pt\/wp-json\/wp\/v2\/posts\/169126\/revisions"}],"wp:featuredmedia":[{"embeddable":true,"href":"https:\/\/www.europesays.com\/pt\/wp-json\/wp\/v2\/media\/164071"}],"wp:attachment":[{"href":"https:\/\/www.europesays.com\/pt\/wp-json\/wp\/v2\/media?parent=169126"}],"wp:term":[{"taxonomy":"category","embeddable":true,"href":"https:\/\/www.europesays.com\/pt\/wp-json\/wp\/v2\/categories?post=169126"},{"taxonomy":"post_tag","embeddable":true,"href":"https:\/\/www.europesays.com\/pt\/wp-json\/wp\/v2\/tags?post=169126"}],"curies":[{"name":"wp","href":"https:\/\/api.w.org\/{rel}","templated":true}]}}