{"id":169127,"date":"2025-11-29T09:03:09","date_gmt":"2025-11-29T09:03:09","guid":{"rendered":"https:\/\/www.europesays.com\/pt\/169127\/"},"modified":"2025-11-29T09:03:09","modified_gmt":"2025-11-29T09:03:09","slug":"supermercados-publicos-de-mamdani-geram-duvidas-em-nova-iorque","status":"publish","type":"post","link":"https:\/\/www.europesays.com\/pt\/169127\/","title":{"rendered":"Supermercados p\u00fablicos de Mamdani geram d\u00favidas em Nova Iorque"},"content":{"rendered":"<p data-remotead-prev-elm=\"true\" data-remotead-elm-id=\"inread\">Eleito com a promessa de reduzir o custo de vida na metr\u00f3pole norte-americana, o presidente da c\u00e2mara, de 34 anos, que toma posse em 1 de janeiro, prometeu, entre outras coisas, ajudar os 1,4 milh\u00f5es de nova-iorquinos que enfrentam a inseguran\u00e7a alimentar.<\/p>\n<p>Mas o seu plano de criar cinco supermercados p\u00fablicos (um por distrito) j\u00e1 est\u00e1 a gerar cr\u00edticas por parte do setor e perplexidade entre os especialistas, que o consideram ainda demasiado vago nesta fase, noticiou na sexta-feira a ag\u00eancia France-Presse (AFP).<\/p>\n<p>A ideia geral \u00e9 que estas lojas sejam constru\u00eddas em terrenos municipais, isentas de rendas e impostos.<\/p>\n<p data-remotead-prev-elm=\"true\" data-remotead-elm-id=\"centro1\">O armazenamento e a distribui\u00e7\u00e3o centralizados reduziriam os custos operacionais e a poupan\u00e7a seria repercutida nos consumidores na forma de pre\u00e7os mais elevados.<\/p>\n<p>Como seria de esperar, profissionais do retalho, como o magnata dos supermercados John Catsimatidis, aliado de Donald Trump, protestaram de imediato contra o que consideram ser um ataque \u00e0s regras de mercado.<\/p>\n<p>&#8220;Como \u00e9 que esperam que concorramos com isto?&#8221;, questionou.<\/p>\n<p data-remotead-prev-elm=\"true\" data-remotead-elm-id=\"centro2\">Nevin Cohen, professor associado do Instituto de Pol\u00edticas Alimentares da Universidade da Cidade de Nova Iorque (CUNY), acredita que o plano ainda \u00e9 &#8220;bastante vago&#8221;.<\/p>\n<p>&#8220;O novo executivo n\u00e3o especificou o tipo de supermercados previsto, a sua localiza\u00e7\u00e3o ou o seu modelo de neg\u00f3cio&#8221;, sublinhou \u00e0 AFP.<\/p>\n<p>Al\u00e9m disso, o projeto complementa um programa j\u00e1 existente denominado FRESH, que utiliza incentivos fiscais e de planeamento urbano para incentivar a abertura de supermercados (propriedade privada) em zonas carenciadas, que s\u00e3o tamb\u00e9m as mais desfavorecidas.<\/p>\n<p data-remotead-prev-elm=\"true\" data-remotead-elm-id=\"centro3\">Em East New York, um bairro de baixo rendimento em Brooklyn, um supermercado Fine Fare foi inaugurado em 2023 no r\u00e9s-do-ch\u00e3o de um pr\u00e9dio de apartamentos.<\/p>\n<p>A sele\u00e7\u00e3o de produtos frescos \u00e9 variada e os pre\u00e7os s\u00e3o particularmente baixos para a cidade de Nova Iorque.<\/p>\n<p>Laura Smith, diretora adjunta do departamento de planeamento urbano da cidade, est\u00e1 satisfeita com o facto de o programa FRESH ter &#8220;incentivado a abertura de mais supermercados&#8221;, cerca de quarenta no total, em bairros de baixo rendimento.<\/p>\n<p data-remotead-prev-elm=\"true\" data-remotead-elm-id=\"centro4\">Segundo o programa, os promotores imobili\u00e1rios que concordem em incluir uma loja num edif\u00edcio de apartamentos est\u00e3o isentos de muitos impostos, desde que cumpram as regras, incluindo um grande espa\u00e7o dedicado a produtos frescos.<\/p>\n<p>O programa, lan\u00e7ado em 2009 durante a administra\u00e7\u00e3o de Michael Bloomberg, continua em vigor desde ent\u00e3o e est\u00e1 previsto na lei.<\/p>\n<p>Mas Zohran Mamdani manifestou reservas quanto \u00e0 sua filosofia subjacente.<\/p>\n<p data-remotead-prev-elm=\"true\" data-remotead-elm-id=\"centro5\">&#8220;Enquanto a cidade de Nova Iorque j\u00e1 gasta milh\u00f5es de d\u00f3lares a subsidiar os operadores privados de supermercados, dever\u00edamos redirecionar os fundos p\u00fablicos para uma alternativa p\u00fablica genu\u00edna&#8221;, defendeu.<\/p>\n<p>&#8220;N\u00e3o posso comentar os planos da pr\u00f3xima administra\u00e7\u00e3o, mas posso afirmar com certeza que h\u00e1 espa\u00e7o para diversas formas&#8221; de facilitar o acesso aos alimentos, frisou Laura Smith.<\/p>\n<p>O programa FRESH tem sido &#8220;moderadamente eficaz&#8221;, segundo o especialista Nevin Cohen, que acredita que permite sobretudo que as pessoas evitem longas viagens para fazer compras.<\/p>\n<p>Mas o seu alcance continua a ser limitado, dada a dimens\u00e3o da cidade, que possui mil supermercados.<\/p>\n","protected":false},"excerpt":{"rendered":"Eleito com a promessa de reduzir o custo de vida na metr\u00f3pole norte-americana, o presidente da c\u00e2mara, de&hellip;\n","protected":false},"author":2,"featured_media":169128,"comment_status":"","ping_status":"","sticky":false,"template":"","format":"standard","meta":{"footnotes":""},"categories":[83],"tags":[88,89,90,413,62,32,33,31172],"class_list":{"0":"post-169127","1":"post","2":"type-post","3":"status-publish","4":"format-standard","5":"has-post-thumbnail","7":"category-empresas","8":"tag-business","9":"tag-economy","10":"tag-empresas","11":"tag-eua","12":"tag-mundo","13":"tag-portugal","14":"tag-pt","15":"tag-zohran-mamdani"},"share_on_mastodon":{"url":"https:\/\/pubeurope.com\/@pt\/115632183909886660","error":""},"_links":{"self":[{"href":"https:\/\/www.europesays.com\/pt\/wp-json\/wp\/v2\/posts\/169127","targetHints":{"allow":["GET"]}}],"collection":[{"href":"https:\/\/www.europesays.com\/pt\/wp-json\/wp\/v2\/posts"}],"about":[{"href":"https:\/\/www.europesays.com\/pt\/wp-json\/wp\/v2\/types\/post"}],"author":[{"embeddable":true,"href":"https:\/\/www.europesays.com\/pt\/wp-json\/wp\/v2\/users\/2"}],"replies":[{"embeddable":true,"href":"https:\/\/www.europesays.com\/pt\/wp-json\/wp\/v2\/comments?post=169127"}],"version-history":[{"count":0,"href":"https:\/\/www.europesays.com\/pt\/wp-json\/wp\/v2\/posts\/169127\/revisions"}],"wp:featuredmedia":[{"embeddable":true,"href":"https:\/\/www.europesays.com\/pt\/wp-json\/wp\/v2\/media\/169128"}],"wp:attachment":[{"href":"https:\/\/www.europesays.com\/pt\/wp-json\/wp\/v2\/media?parent=169127"}],"wp:term":[{"taxonomy":"category","embeddable":true,"href":"https:\/\/www.europesays.com\/pt\/wp-json\/wp\/v2\/categories?post=169127"},{"taxonomy":"post_tag","embeddable":true,"href":"https:\/\/www.europesays.com\/pt\/wp-json\/wp\/v2\/tags?post=169127"}],"curies":[{"name":"wp","href":"https:\/\/api.w.org\/{rel}","templated":true}]}}