{"id":169141,"date":"2025-11-29T09:25:43","date_gmt":"2025-11-29T09:25:43","guid":{"rendered":"https:\/\/www.europesays.com\/pt\/169141\/"},"modified":"2025-11-29T09:25:43","modified_gmt":"2025-11-29T09:25:43","slug":"raquel-tavares-atrevida-volta-ao-fado-tradicional-e-a-antiga","status":"publish","type":"post","link":"https:\/\/www.europesays.com\/pt\/169141\/","title":{"rendered":"Raquel Tavares &#8220;atrevida&#8221; volta ao fado tradicional e &#8220;\u00e0 antiga&#8221;"},"content":{"rendered":"<p data-remotead-prev-elm=\"true\" data-remotead-elm-id=\"inread\">A fadista Raquel Tavares est\u00e1 de volta em dose dupla ap\u00f3s ter anunciado pausa na carreira, h\u00e1 cinco anos. A int\u00e9rprete lan\u00e7a novo \u00e1lbum no qual recupera as origens o fado e regressa aos palcos para concerto no Coliseu dos Recreios, em Lisboa, marcado para 5 de dezembro.<\/p>\n<p>Sobre o novo trabalho, que surge oito anos a edi\u00e7\u00e3o do \u00faltimo \u00e1lbum, Tavares volta a mergulhar nas ra\u00edzes do fado para o trazer de volta em vers\u00e3o tradicional, mas rebelde: &#8220;Aqueles com quem me fiz fadista diziam: &#8211; Esse [fado] n\u00e3o podes cantar, porque \u00e9 fado de homem. Mas eu s\u00f3 queria saborear os versos&#8230; No momento em que decidi voltar a gravar um \u00e1lbum, soube de caras que era isto que queria fazer, quase num atrevido &#8216;agora j\u00e1 posso'&#8221;, refere a fadista, citada em comunicado e a prop\u00f3sito do processo de inspira\u00e7\u00e3o e cria\u00e7\u00e3o deste novo disco.<\/p>\n<p>&#8220;A mulher no seu todo, foi sempre uma das maiores fontes de inspira\u00e7\u00e3o para quem escreve, com imagens po\u00e9ticas que s\u00f3 \u00e0 mulher caberiam e da\u00ed nasceram alguns dos maiores cl\u00e1ssicos da hist\u00f3ria do fado com interpreta\u00e7\u00f5es sublimes que me desafiavam&#8221;, recorda Tavares, que reitera que o \u00e1lbum Deles Por Mim (e \u00e0 antiga) \u00e9 &#8220;t\u00e3o somente uma imensa vontade de cantar, de voltar ao ber\u00e7o e \u00e0 minha primeira identidade. Sem estigmas. Os fados deles, cantados por mim. S\u00f3 isto&#8221;.<\/p>\n<p data-remotead-prev-elm=\"true\" data-remotead-elm-id=\"centro1\"><img decoding=\"async\" class=\"ngx-body\" guid=\"5325d45d-cb39-45d7-8c45-ff860ae77e26\" src=\"https:\/\/www.europesays.com\/pt\/wp-content\/uploads\/2025\/11\/1764408343_926_image.webp\" width=\"100%\"\/>Fadista Raquel Tavares [Foto: Divulga\u00e7\u00e3o]<\/p>\n<p>O novo \u00e1lbum foi &#8220;gravado em takes directos, m\u00fasicos e voz em simult\u00e2neo, sem cortes ou retifica\u00e7\u00f5es&#8221;, carregando a &#8220;crueza e as imperfei\u00e7\u00f5es que este m\u00e9todo acarreta&#8221;, l\u00ea-se no comunicado. Quanto ao repert\u00f3rio, trata-se de &#8220;uma mulher a cantar a poesia destinada aos homens&#8221; e que relata, &#8220;acima de tudo, o amor dos homens pelas mulheres, com tudo o que isso envolve: a paix\u00e3o, o ci\u00fame, o encantamento, a posse, o despeito e at\u00e9 a trai\u00e7\u00e3o&#8221;, explica a mesma nota enviado \u00e0s reda\u00e7\u00f5es.<\/p>\n","protected":false},"excerpt":{"rendered":"A fadista Raquel Tavares est\u00e1 de volta em dose dupla ap\u00f3s ter anunciado pausa na carreira, h\u00e1 cinco&hellip;\n","protected":false},"author":2,"featured_media":169142,"comment_status":"","ping_status":"","sticky":false,"template":"","format":"standard","meta":{"footnotes":""},"categories":[145],"tags":[211,210,20491,114,115,2131,3968,32,33,35464],"class_list":{"0":"post-169141","1":"post","2":"type-post","3":"status-publish","4":"format-standard","5":"has-post-thumbnail","7":"category-celebridades","8":"tag-celebridades","9":"tag-celebrities","10":"tag-delas","11":"tag-entertainment","12":"tag-entretenimento","13":"tag-fado","14":"tag-mulher","15":"tag-portugal","16":"tag-pt","17":"tag-raquel-tavares"},"share_on_mastodon":{"url":"https:\/\/pubeurope.com\/@pt\/115632270569266307","error":""},"_links":{"self":[{"href":"https:\/\/www.europesays.com\/pt\/wp-json\/wp\/v2\/posts\/169141","targetHints":{"allow":["GET"]}}],"collection":[{"href":"https:\/\/www.europesays.com\/pt\/wp-json\/wp\/v2\/posts"}],"about":[{"href":"https:\/\/www.europesays.com\/pt\/wp-json\/wp\/v2\/types\/post"}],"author":[{"embeddable":true,"href":"https:\/\/www.europesays.com\/pt\/wp-json\/wp\/v2\/users\/2"}],"replies":[{"embeddable":true,"href":"https:\/\/www.europesays.com\/pt\/wp-json\/wp\/v2\/comments?post=169141"}],"version-history":[{"count":0,"href":"https:\/\/www.europesays.com\/pt\/wp-json\/wp\/v2\/posts\/169141\/revisions"}],"wp:featuredmedia":[{"embeddable":true,"href":"https:\/\/www.europesays.com\/pt\/wp-json\/wp\/v2\/media\/169142"}],"wp:attachment":[{"href":"https:\/\/www.europesays.com\/pt\/wp-json\/wp\/v2\/media?parent=169141"}],"wp:term":[{"taxonomy":"category","embeddable":true,"href":"https:\/\/www.europesays.com\/pt\/wp-json\/wp\/v2\/categories?post=169141"},{"taxonomy":"post_tag","embeddable":true,"href":"https:\/\/www.europesays.com\/pt\/wp-json\/wp\/v2\/tags?post=169141"}],"curies":[{"name":"wp","href":"https:\/\/api.w.org\/{rel}","templated":true}]}}