{"id":169180,"date":"2025-11-29T10:10:15","date_gmt":"2025-11-29T10:10:15","guid":{"rendered":"https:\/\/www.europesays.com\/pt\/169180\/"},"modified":"2025-11-29T10:10:15","modified_gmt":"2025-11-29T10:10:15","slug":"terra-forte-sammy-alerta-ninguem-esta-acima-da-lei-nao-ha-excecoes-nem-a-minha-mulher-novelas","status":"publish","type":"post","link":"https:\/\/www.europesays.com\/pt\/169180\/","title":{"rendered":"Terra Forte- Sammy alerta: \u00abNingu\u00e9m est\u00e1 acima da lei. N\u00e3o h\u00e1 exce\u00e7\u00f5es, nem a minha mulher\u00bb &#8211; Novelas"},"content":{"rendered":"<p>Em \u00abTerra Forte\u00bb, Sammy (Jos\u00e9 Fidalgo) diz a Cobra (Ricardo Burgos) querer mesmo falar com o homem da conserveira a s\u00f3s antes de se afastar do caso, acabando por admitir ao amigo suspeitar de algu\u00e9m pr\u00f3ximo, negando comprometido estar a pensar em Maria de F\u00e1tima (Rita Pereira). Sammy acalma a tens\u00e3o de quase ter denunciado Maria de F\u00e1tima a Cobra.<\/p>\n","protected":false},"excerpt":{"rendered":"Em \u00abTerra Forte\u00bb, Sammy (Jos\u00e9 Fidalgo) diz a Cobra (Ricardo Burgos) querer mesmo falar com o homem da&hellip;\n","protected":false},"author":2,"featured_media":169181,"comment_status":"","ping_status":"","sticky":false,"template":"","format":"standard","meta":{"footnotes":""},"categories":[142],"tags":[160,166,114,115,157,167,164,2931,161,158,165,159,32,33,156,18614,163,151,162],"class_list":{"0":"post-169180","1":"post","2":"type-post","3":"status-publish","4":"format-standard","5":"has-post-thumbnail","7":"category-tv","8":"tag-ana-guiomar","9":"tag-cristina-ferreira","10":"tag-entertainment","11":"tag-entretenimento","12":"tag-festa-e-festa","13":"tag-ficcao","14":"tag-jose-fidalgo","15":"tag-novela","16":"tag-novelas","17":"tag-para-sempre","18":"tag-pedro-sousa","19":"tag-pedro-teixeira","20":"tag-portugal","21":"tag-pt","22":"tag-queridos-papas","23":"tag-terra-forte","24":"tag-tiago-teotonio-pereira","25":"tag-tv","26":"tag-tvi"},"share_on_mastodon":{"url":"https:\/\/pubeurope.com\/@pt\/115632447384075898","error":""},"_links":{"self":[{"href":"https:\/\/www.europesays.com\/pt\/wp-json\/wp\/v2\/posts\/169180","targetHints":{"allow":["GET"]}}],"collection":[{"href":"https:\/\/www.europesays.com\/pt\/wp-json\/wp\/v2\/posts"}],"about":[{"href":"https:\/\/www.europesays.com\/pt\/wp-json\/wp\/v2\/types\/post"}],"author":[{"embeddable":true,"href":"https:\/\/www.europesays.com\/pt\/wp-json\/wp\/v2\/users\/2"}],"replies":[{"embeddable":true,"href":"https:\/\/www.europesays.com\/pt\/wp-json\/wp\/v2\/comments?post=169180"}],"version-history":[{"count":0,"href":"https:\/\/www.europesays.com\/pt\/wp-json\/wp\/v2\/posts\/169180\/revisions"}],"wp:featuredmedia":[{"embeddable":true,"href":"https:\/\/www.europesays.com\/pt\/wp-json\/wp\/v2\/media\/169181"}],"wp:attachment":[{"href":"https:\/\/www.europesays.com\/pt\/wp-json\/wp\/v2\/media?parent=169180"}],"wp:term":[{"taxonomy":"category","embeddable":true,"href":"https:\/\/www.europesays.com\/pt\/wp-json\/wp\/v2\/categories?post=169180"},{"taxonomy":"post_tag","embeddable":true,"href":"https:\/\/www.europesays.com\/pt\/wp-json\/wp\/v2\/tags?post=169180"}],"curies":[{"name":"wp","href":"https:\/\/api.w.org\/{rel}","templated":true}]}}