{"id":169188,"date":"2025-11-29T10:16:08","date_gmt":"2025-11-29T10:16:08","guid":{"rendered":"https:\/\/www.europesays.com\/pt\/169188\/"},"modified":"2025-11-29T10:16:08","modified_gmt":"2025-11-29T10:16:08","slug":"o-celular-top-de-linha-que-vale-cada-centavo-pelo-que-entrega","status":"publish","type":"post","link":"https:\/\/www.europesays.com\/pt\/169188\/","title":{"rendered":"O celular top de linha que vale cada centavo pelo que entrega"},"content":{"rendered":"<p>O <strong>celular top de linha<\/strong> ideal para quem busca o melhor desempenho, c\u00e2meras de alto n\u00edvel e longevidade real \u00e9 o iPhone 16 Pro Max. Ele combina design premium, recursos avan\u00e7ados e funcionalidade completa para quem exige qualidade m\u00e1xima.<\/p>\n<p>Por que o iPhone 16 Pro Max se destaca como um celular top de linha?<\/p>\n<p>O iPhone 16 Pro Max traz <strong>c\u00e2mera de 48 MP<\/strong> com grava\u00e7\u00e3o em ProRes e modo cinematogr\u00e1fico, o que o torna quase uma c\u00e2mera profissional no bolso. O chip <strong>A18 Pro<\/strong> oferece desempenho de ponta para edi\u00e7\u00e3o, multitarefa e jogos exigentes. Esses fatores fazem a diferen\u00e7a para quem trabalha ou cria conte\u00fado.<\/p>\n<p>Al\u00e9m disso, o sistema iOS oferece fluidez, atualiza\u00e7\u00f5es garantidas por muitos anos e integra\u00e7\u00e3o com acess\u00f3rios premium, o que prolonga a vida \u00fatil do aparelho.<\/p>\n<p>Quais s\u00e3o os recursos que justificam o investimento desse celular top de linha?<\/p>\n<p>Para quem paga cerca de <strong>R$ 8.500<\/strong> no Brasil, espera o m\u00e1ximo. Esse aparelho entrega:<\/p>\n<ul class=\"wp-block-list\">\n<li>C\u00e2meras com qualidade de est\u00fadio<\/li>\n<li>Processador topo de linha para qualquer tarefa<\/li>\n<li>Armazenamento amplo para arquivos pesados<\/li>\n<li>Tela grande e fluida com alt\u00edssima qualidade<\/li>\n<li>Suporte e atualiza\u00e7\u00f5es garantidas por longos anos<\/li>\n<\/ul>\n<p>Esses recursos elevam o uso para al\u00e9m de um <a href=\"https:\/\/www.tupi.fm\/tecnologia\/qual-o-melhor-celular-barato-de-2026-veja-comparativo-entre-modelos-de-entrada\/\" target=\"_blank\" rel=\"noreferrer noopener nofollow\">smartphone <\/a>comum, \u00e9 um equipamento profissional.<\/p>\n<p><img loading=\"lazy\" decoding=\"async\" width=\"1024\" height=\"576\" src=\"data:image\/svg+xml,%3Csvg%20xmlns=\" http:=\"\" alt=\"O celular top de linha que vale cada centavo pelo que entrega\" class=\"wp-image-2215436\" data-lazy- data-lazy- data-lazy-src=\"https:\/\/www.europesays.com\/pt\/wp-content\/uploads\/2025\/11\/iPhone-16-Pro-Max_1764102908785-1024x576.jpg\"\/>Um modelo pensado para quem exige mais. \u2013 Cr\u00e9ditos: depositphotos.com \/ Wongphoto<\/p>\n<p>Especifica\u00e7\u00f5es t\u00e9cnicas essenciais que importam<\/p>\n<tr>RecursoDetalhePor que isso importa<\/tr>\n<tr>\n<td>C\u00e2mera 48 MP + v\u00eddeo ProRes<\/td>\n<td>Imagens e v\u00eddeos de alt\u00edssimo n\u00edvel<\/td>\n<td>Ideal para criadores ou quem quer fotos perfeitas<\/td>\n<\/tr>\n<tr>\n<td>Processador A18 Pro<\/td>\n<td>Pot\u00eancia m\u00e1xima<\/td>\n<td>Edi\u00e7\u00e3o, multitarefa e desenvolvimento sem travar<\/td>\n<\/tr>\n<tr>\n<td>Armazenamento at\u00e9 1 TB<\/td>\n<td>Espa\u00e7o enorme para arquivos<\/td>\n<td>Evita limita\u00e7\u00e3o para v\u00eddeos, fotos e apps<\/td>\n<\/tr>\n<tr>\n<td>Tela ProMotion 120 Hz<\/td>\n<td>Fluidez visual extrema<\/td>\n<td>Melhor experi\u00eancia para consumo e edi\u00e7\u00e3o<\/td>\n<\/tr>\n<tr>\n<td>Suporte de software estendido<\/td>\n<td>Atualiza\u00e7\u00f5es por \u22655 anos<\/td>\n<td>Vida \u00fatil prolongada e segura<\/td>\n<\/tr>\n<p>Essas especifica\u00e7\u00f5es destacam o motivo pelo qual o iPhone 16 Pro Max est\u00e1 no topo da categoria.<\/p>\n<p>Vale a pena investir no iPhone 16 Pro Max?<\/p>\n<p>Se voc\u00ea busca <strong>o melhor desempenho, as melhores c\u00e2meras e prepara-se para usar esse aparelho por muitos anos<\/strong>, ent\u00e3o sim, o investimento vale. Ele entrega tecnologia que poucos modelos oferecem, e para quem cria conte\u00fado ou exige o m\u00e1ximo, o <a href=\"https:\/\/www.tudocelular.com\/Apple\/fichas-tecnicas\/n9407\/Apple-iPhone-16-Pro-Max.html\" target=\"_blank\" rel=\"noreferrer noopener nofollow\">iPhone 16 Pro Max<\/a> \u00e9 uma escolha que <strong>justifica cada centavo<\/strong>.<\/p>\n<p>Para quem usa de forma mais casual, vale considerar vers\u00f5es anteriores ou <a href=\"https:\/\/www.tupi.fm\/tecnologia\/android-tem-um-ajuste-que-faz-a-bateria-durar-2x-mais\/\" target=\"_blank\" rel=\"noreferrer noopener nofollow\">modelos intermedi\u00e1rios<\/a>. Mas se o objetivo for topo absoluto, este modelo cumpre todos os requisitos.<\/p>\n","protected":false},"excerpt":{"rendered":"O celular top de linha ideal para quem busca o melhor desempenho, c\u00e2meras de alto n\u00edvel e longevidade&hellip;\n","protected":false},"author":2,"featured_media":169189,"comment_status":"","ping_status":"","sticky":false,"template":"","format":"standard","meta":{"footnotes":""},"categories":[84],"tags":[35474,7712,35475,109,107,108,8046,25320,32,33,2145,105,103,104,106,110,35473,25858],"class_list":{"0":"post-169188","1":"post","2":"type-post","3":"status-publish","4":"format-standard","5":"has-post-thumbnail","7":"category-ciencia-e-tecnologia","8":"tag-cada","9":"tag-celular","10":"tag-centavo","11":"tag-ciencia","12":"tag-ciencia-e-tecnologia","13":"tag-cienciaetecnologia","14":"tag-entrega","15":"tag-linha","16":"tag-portugal","17":"tag-pt","18":"tag-que","19":"tag-science","20":"tag-science-and-technology","21":"tag-scienceandtechnology","22":"tag-technology","23":"tag-tecnologia","24":"tag-top","25":"tag-vale"},"share_on_mastodon":{"url":"https:\/\/pubeurope.com\/@pt\/115632471046949733","error":""},"_links":{"self":[{"href":"https:\/\/www.europesays.com\/pt\/wp-json\/wp\/v2\/posts\/169188","targetHints":{"allow":["GET"]}}],"collection":[{"href":"https:\/\/www.europesays.com\/pt\/wp-json\/wp\/v2\/posts"}],"about":[{"href":"https:\/\/www.europesays.com\/pt\/wp-json\/wp\/v2\/types\/post"}],"author":[{"embeddable":true,"href":"https:\/\/www.europesays.com\/pt\/wp-json\/wp\/v2\/users\/2"}],"replies":[{"embeddable":true,"href":"https:\/\/www.europesays.com\/pt\/wp-json\/wp\/v2\/comments?post=169188"}],"version-history":[{"count":0,"href":"https:\/\/www.europesays.com\/pt\/wp-json\/wp\/v2\/posts\/169188\/revisions"}],"wp:featuredmedia":[{"embeddable":true,"href":"https:\/\/www.europesays.com\/pt\/wp-json\/wp\/v2\/media\/169189"}],"wp:attachment":[{"href":"https:\/\/www.europesays.com\/pt\/wp-json\/wp\/v2\/media?parent=169188"}],"wp:term":[{"taxonomy":"category","embeddable":true,"href":"https:\/\/www.europesays.com\/pt\/wp-json\/wp\/v2\/categories?post=169188"},{"taxonomy":"post_tag","embeddable":true,"href":"https:\/\/www.europesays.com\/pt\/wp-json\/wp\/v2\/tags?post=169188"}],"curies":[{"name":"wp","href":"https:\/\/api.w.org\/{rel}","templated":true}]}}