{"id":169194,"date":"2025-11-29T10:21:22","date_gmt":"2025-11-29T10:21:22","guid":{"rendered":"https:\/\/www.europesays.com\/pt\/169194\/"},"modified":"2025-11-29T10:21:22","modified_gmt":"2025-11-29T10:21:22","slug":"angelica-faz-confissao-intima-e-deixa-luciano-huck-chocado-nunca-imaginei","status":"publish","type":"post","link":"https:\/\/www.europesays.com\/pt\/169194\/","title":{"rendered":"Ang\u00e9lica faz confiss\u00e3o \u00edntima e deixa Luciano Huck chocado: &#8216;Nunca imaginei&#8217;"},"content":{"rendered":"<p>A apresentadora \u00a0<a href=\"https:\/\/caras.com.br\/tags\/angelica\" rel=\"nofollow noopener\" target=\"_blank\"><strong>Ang\u00e9lica<\/strong><\/a> surpreendeu o marido, o apresentador\u00a0<a href=\"https:\/\/caras.com.br\/tags\/luciano-huck\" rel=\"nofollow noopener\" target=\"_blank\"><strong>Luciano Huck, <\/strong><\/a>no\u00a0programa \u2018Ang\u00e9lica Ao Vivo\u2019, exibido no GNT nesta quinta-feira, 27. No quadro \u201cEu Nunca\u201d, em que a dona da atra\u00e7\u00e3o <a href=\"https:\/\/caras.com.br\/tv\/luciano-huck-fala-sobre-ser-candidato-a-presidencia-desejo-de-mudanca-nao-e-so-meu.phtml\" rel=\"nofollow noopener\" target=\"_blank\">faz uma afirma\u00e7\u00e3o<\/a> e os convidados que j\u00e1 viveram a situa\u00e7\u00e3o devem tomar um gole da bebida, ela admitiu ter fingido dormir para evitar rela\u00e7\u00f5es sexuais.<\/p>\n<p>Na rodada em que Ang\u00e9lica perguntou se algu\u00e9m j\u00e1 havia fingido dormir para escapar de momentos \u00edntimos, ela pr\u00f3pria tomou um gole, admitindo que j\u00e1 tinha feito isso. Surpreso, Luciano Huck repetiu: \u201cVoc\u00ea vai beber?\u201d. A apresentadora respondeu: \u201c\u00c9 que eu tenho que ser verdadeira aqui\u201d.<\/p>\n<p>O epis\u00f3dio arrancou risadas dos demais convidados. Andr\u00e9 Marques brincou: \u201cA Ana Maria acabou de ensinar a n\u00e3o mentir, Luciano, pelo amor de Deus\u201d. Surpreso, o marido de Ang\u00e9lica comentou: \u201cFingir que est\u00e1 dormindo para transar? Minha mulher? Eu nunca imaginei isso!\u201d<\/p>\n<p>Luciano, por sua vez, garantiu que nunca fingiu estar dormindo nesses momentos: \u201cSempre alerta!\u201d, provocando risadas entre os convidados, incluindo Simone Mendes e Ana Maria Braga, que tamb\u00e9m participavam do jogo.<\/p>\n<p>\t Veja como foi o momento: <\/p>\n<blockquote class=\"twitter-tweet\" data-media-max-width=\"560\">\n<p dir=\"ltr\" lang=\"pt\">\u201cEu nunca fingi que tava dormindo pra n\u00e3o transar\u201d<\/p>\n<p>Luciano e Ang\u00e9lica tendo uma DR ao vivo \ud83e\udd23\ud83e\udd23\ud83e\udd23<a href=\"https:\/\/twitter.com\/hashtag\/Ang%C3%A9licaAoVivo?src=hash&amp;ref_src=twsrc%5Etfw\" rel=\"nofollow noopener\" target=\"_blank\">#Ang\u00e9licaAoVivo<\/a> <a href=\"https:\/\/t.co\/g8n4vbviqB\" rel=\"nofollow\">pic.twitter.com\/g8n4vbviqB<\/a><\/p>\n<p>\u2014 Tiago Pereira (@Tiagupereira) <a href=\"https:\/\/twitter.com\/Tiagupereira\/status\/1994237503855812780?ref_src=twsrc%5Etfw\" rel=\"nofollow noopener\" target=\"_blank\">November 28, 2025<\/a><\/p>\n<\/blockquote>\n<p>  Simone Mendes tamb\u00e9m fez uma confiss\u00e3o <\/p>\n<p>No mesmo epis\u00f3dio, Simone Mendes relembrou um epis\u00f3dio pouco conhecido de sua adolesc\u00eancia. Ela contou que foi presa nos Estados Unidos aos 15 anos, quando acompanhava<strong> Frank Aguiar<\/strong> em um show como backing vocal.<\/p>\n<p>\u201cQuando tinha 15 anos, Frank Aguiar foi fazer show nos Estados Unidos. E tem vezes que eles encucam com algumas pessoas e mandam para a salinha\u201d, iniciou. Segundo a artista, as autoridades americanas queriam esclarecer o motivo da viagem, j\u00e1 que havia menores de idade na equipe. <a href=\"https:\/\/caras.com.br\/tv\/fiquei-traumatizada-simone-mendes-revela-que-ja-foi-presa-saiba-o-motivo.phtml\" rel=\"nofollow noopener\" target=\"_blank\">Leia o resto do relato clicando aqui!<\/a><\/p>\n<p>Leia tamb\u00e9m: <a href=\"https:\/\/caras.com.br\/tv\/veja-a-reacao-de-luciano-huck-ao-nome-diferente-da-filha-de-rafa-kalimann.phtml\" rel=\"nofollow noopener\" target=\"_blank\">Veja a rea\u00e7\u00e3o de Luciano Huck ao nome diferente da filha de Rafa Kalimann<\/a><\/p>\n<p>        <a href=\"https:\/\/caras.com.br\/autor\/juliana-dracz\" rel=\"nofollow noopener\" target=\"_blank\">&#13;<br \/>\n          <img loading=\"lazy\" decoding=\"async\" alt=\"Juliana Dracz\" src=\"https:\/\/www.europesays.com\/pt\/wp-content\/uploads\/2025\/09\/436551461_2434711450057729_5105646040807821088_n_sqmd.png\" class=\"avatar avatar-115 photo rounded-circle\" height=\"115\" width=\"115\"\/>        <\/a><\/p>\n<p>Juliana Dracz \u00e9 rep\u00f3rter de conte\u00fado do site CARAS. Formada em Jornalismo pela Universidade Cat\u00f3lica de Bras\u00edlia, ela j\u00e1 trabalhou em grandes sites de entretenimento. Atualmente, escreve sobre novelas, celebridades e TV.<\/p>\n<p>\t                                            <script async src=\"https:\/\/platform.twitter.com\/widgets.js\" charset=\"utf-8\"><\/script><\/p>\n","protected":false},"excerpt":{"rendered":"A apresentadora \u00a0Ang\u00e9lica surpreendeu o marido, o apresentador\u00a0Luciano Huck, no\u00a0programa \u2018Ang\u00e9lica Ao Vivo\u2019, exibido no GNT nesta quinta-feira,&hellip;\n","protected":false},"author":2,"featured_media":169195,"comment_status":"","ping_status":"","sticky":false,"template":"","format":"standard","meta":{"footnotes":""},"categories":[145],"tags":[13885,211,210,114,115,4346,2815,32,33],"class_list":{"0":"post-169194","1":"post","2":"type-post","3":"status-publish","4":"format-standard","5":"has-post-thumbnail","7":"category-celebridades","8":"tag-angelica","9":"tag-celebridades","10":"tag-celebrities","11":"tag-entertainment","12":"tag-entretenimento","13":"tag-gnt","14":"tag-luciano-huck","15":"tag-portugal","16":"tag-pt"},"share_on_mastodon":{"url":"https:\/\/pubeurope.com\/@pt\/115632490958179349","error":""},"_links":{"self":[{"href":"https:\/\/www.europesays.com\/pt\/wp-json\/wp\/v2\/posts\/169194","targetHints":{"allow":["GET"]}}],"collection":[{"href":"https:\/\/www.europesays.com\/pt\/wp-json\/wp\/v2\/posts"}],"about":[{"href":"https:\/\/www.europesays.com\/pt\/wp-json\/wp\/v2\/types\/post"}],"author":[{"embeddable":true,"href":"https:\/\/www.europesays.com\/pt\/wp-json\/wp\/v2\/users\/2"}],"replies":[{"embeddable":true,"href":"https:\/\/www.europesays.com\/pt\/wp-json\/wp\/v2\/comments?post=169194"}],"version-history":[{"count":0,"href":"https:\/\/www.europesays.com\/pt\/wp-json\/wp\/v2\/posts\/169194\/revisions"}],"wp:featuredmedia":[{"embeddable":true,"href":"https:\/\/www.europesays.com\/pt\/wp-json\/wp\/v2\/media\/169195"}],"wp:attachment":[{"href":"https:\/\/www.europesays.com\/pt\/wp-json\/wp\/v2\/media?parent=169194"}],"wp:term":[{"taxonomy":"category","embeddable":true,"href":"https:\/\/www.europesays.com\/pt\/wp-json\/wp\/v2\/categories?post=169194"},{"taxonomy":"post_tag","embeddable":true,"href":"https:\/\/www.europesays.com\/pt\/wp-json\/wp\/v2\/tags?post=169194"}],"curies":[{"name":"wp","href":"https:\/\/api.w.org\/{rel}","templated":true}]}}