{"id":169210,"date":"2025-11-29T10:33:18","date_gmt":"2025-11-29T10:33:18","guid":{"rendered":"https:\/\/www.europesays.com\/pt\/169210\/"},"modified":"2025-11-29T10:33:18","modified_gmt":"2025-11-29T10:33:18","slug":"presidenciais-2026-catarina-martins-e-andre-ventura-disputam-o-amor-a-portugal","status":"publish","type":"post","link":"https:\/\/www.europesays.com\/pt\/169210\/","title":{"rendered":"Presidenciais 2026. Catarina Martins e Andr\u00e9 Ventura disputam o amor a Portugal"},"content":{"rendered":"<p>                As hostilidades surgiram logo no primeiro tema, que mais os divide, a imigra\u00e7\u00e3o.<\/p>\n<p>Andr\u00e9 Ventura,\u00a0l\u00edder do Chega. recusou comentar o recente caso dos agentes da GNR detidos por cumplicidade na explora\u00e7\u00e3o de imigrantes ilegais e apontou o dedo \u00e0s leis aprovadas durante a &#8216;geringon\u00e7a&#8217; e sob impulso do BE, sob as quais, afirmou, &#8220;o tr\u00e1fico de seres humanos aumentou 158 por cento&#8221; e &#8220;o aux\u00edlio \u00e0 imigra\u00e7\u00e3o ilegal 300 por cento&#8221;.&#13;<br \/>\nSem &#8220;palavras mansas&#8221;, Ventura sublinhou que &#8220;tem de se cumprir a lei&#8221;.<br \/>&#13;<br \/>\n&#13;<br \/>\n<br \/>&#13;\n<\/p>\n<p>&#13;<br \/>\nCatarina Martins,\u00a0ex-dirigente do Bloco de Esquerda e eurodeputada, defendeu-se, recordando que, se se fala de crimes \u00e9 porque n\u00e3o s\u00e3o atitudes &#8220;que a lei permita&#8221;.&#13;\n<\/p>\n<p>&#13;<br \/>\n&#8220;Leis humanistas n\u00e3o permitem crimes&#8221;, sublinhou a bloquista, tentado encostar o advers\u00e1rio \u00e0s cordas ao lembrar que dois deputados doi Chega foram condenados por imigra\u00e7\u00e3o ilegal.&#13;\n<\/p>\n<p>&#13;<br \/>\n&#8220;Isso \u00e9 falso, est\u00e1 a mentir, n\u00e3o deve mentir em direto na televis\u00e3o&#8221;, reagiu de imediato Andr\u00e9 Ventura, num primeiro sobressalto que iria marcar o in\u00edcio do debate, de parte a parte.&#13;\n<\/p>\n<p>Catarina Martins recorreu ao futebol e \u00e0 vit\u00f3ria de Portugal no campeonato de sub -17, esta quinta-feira, recordando que o golo \u00fanico do jogo foi marcado por um jovem de origem guineense. &#8220;Pela lei do doutor Ventura ele nunca poderia ser portugu\u00eas&#8221;, atirou, levando o rival a sorrir e a abanar a cabe\u00e7a.<\/p>\n<p>&#13;<br \/>\nO debate aqueceu imediatamente, quando <b>Catarina Martins disse que Ventura &#8220;odeia Portugal,<\/b> odeia as pessoas que trabalham, odeia a forma como o pa\u00eds \u00e9 feito&#8221;.&#13;\n<\/p>\n<p>&#13;<br \/>\n&#8220;Eu?! Odeio Portugal?&#8221;, reagiu estupefacto o l\u00edder do Chega, frequentemente acusado de nacionalismo.&#13;\n<\/p>\n<p>&#8220;Eu gosto daquilo de que somos feitos, da nossa diversidade&#8221;, acrescentou Catarina Martins, esclarecendo a ideia.<\/p>\n<p>&#13;<br \/>\nAndr\u00e9 Ventura procurou desfazer a ideia de &#8220;humanismo&#8221; reivindicada pelo Bloco de Esquerda, recordando o caso de funcion\u00e1rias despedidas pelo partido. &#8220;Se algu\u00e9m tem experi\u00eancia em explorar gr\u00e1vidas e em despedir pessoas pelo telefone, \u00e9 o Bloco de Esquerda&#8221;, acusou.&#13;\n<\/p>\n<p>&#13;<br \/>\n&#8220;Isso \u00e9 mentira&#8221;, respondeu a bloquista, dando origem a um di\u00e1logo de surdos com ambos a falar um por cima do outro. &#8220;Eu sei que est\u00e1 nervosa mas deixe-me falar&#8221;, interrompeu a dada altura Andr\u00e9 Ventura. &#8220;Eu n\u00e3o estou nervosa&#8221;,retorquiu a advers\u00e1ria, &#8220;t\u00e1 t\u00e1&#8221;, corrigiu o rival, num exemplo do tipo de di\u00e1logo que marcou o debate.&#13;\n<\/p>\n<p>&#13;<br \/>\nAndr\u00e9 Ventura acusou Catarina Martins e o BE de terem tra\u00eddo Portugal, ao permitirem a entrada sem regras &#8220;de bandidagem&#8221;.\u00a0&#13;\n<\/p>\n<p>&#13;<br \/>\n&#8220;Quando era l\u00edder do Bloco de Esquerda, bem sei que saiu em desgra\u00e7a mas <b>n\u00e3o se livra daquilo que fez, Catarina Martins<\/b>&#8220;, atacou Ventura, levando-a a rir-se.&#13;\n<\/p>\n<p>&#13;<br \/>\nAndr\u00e9 Ventura perdeu ent\u00e3o a paci\u00eancia.&#13;\n<\/p>\n<p>&#13;<br \/>\n&#8220;Pode rir-se de mulheres violadas, de lojas roubadas, de crian\u00e7as abusadas, de pessoas que deixaram de se sentir em seguran\u00e7a nas suas cidades&#8221;, acusou. &#8220;Ainda bem que se est\u00e1 a rir assim, porque assim as pessoas v\u00eam quem \u00e9 e o carater que tem&#8221; .&#13;\n<\/p>\n<p>&#13;<br \/>\n<b>&#13;<br \/>\n&#8220;Entre n\u00f3s, quem ama Portugal sou eu&#8221;, frisou o l\u00edder do Chega. Catarina Martins lembrou a ida de Ventura a Espanha, a um evento de um partido da extrema-direita.\u00a0<\/b>&#13;\n<\/p>\n<p>&#13;<br \/>\nMais um momento de tens\u00e3o: o l\u00edder do Chega a lembrar que a advers\u00e1ria \u00e9 &#8220;m\u00e1 atriz&#8221;, a antiga coordenadora do BE a apelidar Ventura de ser &#8220;pantomineiro&#8221;.\u00a0&#13;\n<\/p>\n<p>&#13;<br \/>\nCatarina Martins assinalou que a criminalidade associada \u00e0 imigra\u00e7\u00e3o \u00e9 de 1 por cento, quando a bancada parlamentar do Chega tem &#8220;40 por cento de deputados que est\u00e3o ou j\u00e1 estiveram a bra\u00e7os com a justi\u00e7a&#8221;. Vincou ainda a import\u00e2ncia dos imigrantes como for\u00e7a de trabalho, por oposi\u00e7\u00e3o a &#8220;oligarcas russos&#8221; que chegam a Portugal pelos vistos gold e que c\u00e1 chegam para &#8220;lavar o seu dinheiro da corrup\u00e7\u00e3o&#8221;.\u00a0&#13;\n<\/p>\n<p>&#13;<br \/>\n&#8220;S\u00f3 n\u00e3o gosta dos imigrantes pobres, quando se fala dos milion\u00e1rios vota para haver vistos gold&#8221;, acusou.&#13;\n<\/p>\n<p>          <img decoding=\"async\" itemprop=\"image\" class=\"img-fluid\"   src=\"https:\/\/www.europesays.com\/pt\/wp-content\/uploads\/2025\/11\/0af8716c500ec8b2c30fe3498fbaefbe_N.jpg\"\/><\/p>\n<p>&#13;<br \/>\nVentura rematou que a advers\u00e1ria &#8220;n\u00e3o pode falar dos crimes da sua bancada porque n\u00e3o tem bancada&#8221;.\u00a0&#13;\n<\/p>\n<p>&#13;<br \/>\n&#8220;Mas\u00a0quando teve foi suspeita de receber dinheiro que n\u00e3o devia. Do Parlamento, de jornais, de media&#8221;, acusou. Mais uma vez na imigra\u00e7\u00e3o, o candidato presidencial apontou a contribui\u00e7\u00e3o do Bloco para a aprova\u00e7\u00e3o da lei\u00a0da imigra\u00e7\u00e3o com manifesta\u00e7\u00e3o de interesses, em 2017, da lei da nacionalidade, em 2018, e criticou a extin\u00e7\u00e3o do SEF.\u00a0&#13;\n<\/p>\n<p>&#13;<br \/>\n<b>&#8220;Voc\u00eas acabaram com o controlo de fronteiras&#8221;, apontou Ventura. Catarina Martins ripostou: &#8220;Tenha respeito pelas for\u00e7as de seguran\u00e7a&#8221;.\u00a0<\/b>&#13;\n<\/p>\n<p>&#13;<br \/>\nDiscurso de \u00f3dio e novos ataques&#13;\n<\/p>\n<p>&#13;<br \/>\nQuestionado sobre recentes declara\u00e7\u00f5es do Patriarca de Lisboa, Rui Val\u00e9rio, com avisos sobre o crescimento do discurso de \u00f3dio na sociedade portuguesa, Andr\u00e9 Ventura optou por voltar a referir os efeitos da imigra\u00e7\u00e3o ilegal e da corrup\u00e7\u00e3o.\u00a0&#13;\n<\/p>\n<p>&#13;<br \/>\n&#8220;Eu n\u00e3o quero saber o\u00a0que \u00e9 que algu\u00e9m disse especificamente sobre alguma coisa&#8221;, respondeu, ao ser novamente instado a responder. Observou que lhe estavam a ser feitas perguntas &#8220;s\u00f3 para nos por a um canto&#8221;.&#13;\n<\/p>\n<p>&#13;<br \/>\nPor sua vez, Catarina Martins observou que o discurso da extrema-direita cont\u00e9m elementos de &#8220;ataque\u00a0\u00e0s conquistas dos direitos das mulheres&#8221; e que uma parte desse discurso &#8220;atinge as mulheres, a sua dignidade e a sua seguran\u00e7a&#8221;. Apontou tamb\u00e9m a &#8220;liga\u00e7\u00e3o entre\u00a0direta entre a extrema-direita e a cibercriminalidade&#8221;.&#13;\n<\/p>\n<p>Com novas observa\u00e7\u00f5es sobre o seu passado como atriz antes de ter chegado \u00e0 pol\u00edtica, a eurodeputada bloquista vincou que n\u00e3o se sente &#8220;insultada&#8221; pela sua anterior vida profissional.\u00a0<\/p>\n<p>&#8220;Ningu\u00e9m me menoriza por trabalhar com cultura ou arte. (&#8230;)\u00a0A cultura \u00e9 das coisas mais importantes. Quem ama Portugal tem de amar cultura e arte&#8221;, apontou.\u00a0&#13;\n<\/p>\n<p>&#13;<br \/>\nPediu ainda mecanismos de regula\u00e7\u00e3o das redes sociais e dos algoritmos. &#8220;A comunica\u00e7\u00e3o social \u00e9 responsabilizada pelo que faz&#8221;, apontou.\u00a0&#13;\n<\/p>\n<p>&#13;<br \/>\nVentura afirmou que n\u00e3o quer &#8220;censura nas redes sociais&#8221; e que a esquerda teme a ascens\u00e3o da direita nesse meio porque acabou com &#8220;o vosso dom\u00ednio de 50 anos da comunica\u00e7\u00e3o social&#8221;.\u00a0&#13;\n<\/p>\n<p>&#13;<br \/>\nContrata\u00e7\u00e3o como assessora e acusa\u00e7\u00f5es de racismo&#13;\n<\/p>\n<p>&#13;<br \/>\nEm resposta \u00e0s quest\u00f5es da vida profissional, o l\u00edder do Chega acusou Catarina Martins de ter sa\u00eddo do Parlamento e ter sido contratada pelo seu partido como assessora.\u00a0&#13;\n<\/p>\n<p>&#13;<br \/>\n&#8220;Foi contratada pelo partido \u00e0s escondidas, sem ningu\u00e9m saber, para ficar a trabalhar at\u00e9 ser eurodeputada. Quis garantir um tachinho antes de ser eurodeputada&#8221;, criticou.\u00a0&#13;\n<\/p>\n<p>&#13;<br \/>\nAcusou tamb\u00e9m a advers\u00e1ria de apoiar pa\u00edses isl\u00e2micos que &#8220;tratam as mulheres a baixo de c\u00e3o&#8221; e defender o &#8220;islamismo que est\u00e1 a invadir a Europa&#8221;.\u00a0&#13;\n<\/p>\n<p>&#13;<br \/>\nEm resposta, Catarina Martins recordou que foi alvo de um processo por parte de Andr\u00e9 Ventura por se ter referido ao oponente como &#8220;racista&#8221;, repetindo a mesma a acusa\u00e7\u00e3o. Sobre a proximidade ao islamismo, a bloquista indicou ter participado em apoio dos direitos das mulheres no Ir\u00e3o e Afeganist\u00e3o, para al\u00e9m da luta pela causa palestiniana.\u00a0Ventura interrompeu para lembrar que o Bloco de Esquerda votou contra o fim da obrigatoriedade da burca.\u00a0&#13;\n<\/p>\n<p>&#13;<br \/>\nCatarina Martins aponta ao discurso em que &#8220;o vizinho ao lado \u00e9 culpado de tudo&#8221;, ao mesmo tempo que &#8220;est\u00e1 ao lado\u00a0do Governo que quer baixar sal\u00e1rios  quando deixar de pagar horas extraordin\u00e1rias, d\u00e1 benef\u00edcios fiscais aos estrangeiros muito ricos para quem trabalha ter uma vida dura e n\u00e3o ter um m\u00e9dico no hospital&#8221;.\u00a0&#13;\n<\/p>\n<p>&#13;<br \/>\nAliados de Portugal e not\u00edcias falsas&#13;\n<\/p>\n<p>&#13;<br \/>\nEntre interpela\u00e7\u00f5es e interrup\u00e7\u00f5es, Andr\u00e9 Ventura foi desafiado a apontar quais s\u00e3o, na sua vis\u00e3o, os principais aliados de Portugal. &#8220;N\u00e3o \u00e9 o Ir\u00e3o, a Venezuela, a R\u00fassia&#8221;, considerou, lembrando que Catarina Martins &#8220;esteve contra&#8221; que o pr\u00e9mio Nobel da Paz fosse atribu\u00eddo a Maria Corina Machado.\u00a0&#13;\n<\/p>\n<p>&#13;<br \/>\nAfirmou que Catarina Martins quer Portugal fora da NATO e &#8220;quer sair do euro&#8221; e deu como exemplo de aliados a Inglaterra ou a Su\u00e9cia.\u00a0&#13;\n<\/p>\n<p>&#13;<br \/>\nCatarina Martins procurou esclarecer que defendeu que o Pr\u00e9mio Nobel da Paz fosse atribu\u00eddo &#8220;aos jornalistas que est\u00e3o a cobrir o genoc\u00eddio em Gaza&#8221;. Acusou, em rela\u00e7\u00e3o \u00e0 Venezuela, que Ventura j\u00e1 esteve num partido pr\u00f3ximo de Maduro quando fez parte do PSD.\u00a0&#13;\n<\/p>\n<p>&#13;<br \/>\nQuando o debate voltou \u00e0 quest\u00e3o da imigra\u00e7\u00e3o com Ventura a sublinhar o &#8220;turismo de sa\u00fade&#8221;, Catarina Martins assinalou que os n\u00fameros\u00a0da Inspe\u00e7\u00e3o-Geral de sa\u00fade mostram que s\u00f3 0,7% dos n\u00e3o residentes que recorrem ao SNS \u00e9 que n\u00e3o t\u00eam ou conven\u00e7\u00e3o ou seguro de sa\u00fade.&#13;\n<\/p>\n<p>&#13;<br \/>\n&#8220;Quem usa o SNS sem pagar s\u00e3o os milion\u00e1rios franceses a quem o doutor Ventura decidiu dar borlas fiscais&#8221;, acusou. E pediu ao advers\u00e1rio que &#8220;n\u00e3o seja irrespons\u00e1vel&#8221;. &#8220;Se uma trabalhadora imigrante est\u00e1 num lar a cuidar dos idosos, eu quero que ela v\u00e1 ao SNS e seja vacinada para a gripe, por ela e pelos idosos que l\u00e1 est\u00e3o&#8221;, rematou.\u00a0&#13;\n<\/p>\n<p>&#13;<br \/>\nQuanto \u00e0s acusa\u00e7\u00f5es sobre a sa\u00edda da NATO, a eurodeputada bloquista respondeu: &#8220;Quer Trump a mandar em n\u00f3s?\u00a0Um general norte-americano a mandar nas tropas portuguesas enquanto entrega a Ucr\u00e2nia a Putin?&#8221;.&#13;\n<\/p>\n<p>&#13;<br \/>\nCom a \u00faltima palavra do debate, Catarina Martins optou por alertar para o dom\u00ednio da pol\u00edtica portuguesa pelas &#8220;not\u00edcias falsas&#8221; e a fazer &#8220;com que\u00a0os debates se transformem neste festival em que se fale pouco&#8221;.&#13;\n<\/p>\n<p>&#13;<br \/>\n&#8220;N\u00e3o deixem que a democracia seja contaminada por este ex\u00e9rcito de mentiras&#8221;, completou.\u00a0&#13;<\/p>\n","protected":false},"excerpt":{"rendered":"As hostilidades surgiram logo no primeiro tema, que mais os divide, a imigra\u00e7\u00e3o. Andr\u00e9 Ventura,\u00a0l\u00edder do Chega. recusou&hellip;\n","protected":false},"author":2,"featured_media":169211,"comment_status":"","ping_status":"","sticky":false,"template":"","format":"standard","meta":{"footnotes":""},"categories":[10],"tags":[3386,27,28,21811,15,16,14,25,26,21,22,12,13,19,20,32,1076,23,24,33,17,18,29,30,31],"class_list":{"0":"post-169210","1":"post","2":"type-post","3":"status-publish","4":"format-standard","5":"has-post-thumbnail","7":"category-portugal","8":"tag-andre-ventura","9":"tag-breaking-news","10":"tag-breakingnews","11":"tag-catarina-martins","12":"tag-featured-news","13":"tag-featurednews","14":"tag-headlines","15":"tag-latest-news","16":"tag-latestnews","17":"tag-main-news","18":"tag-mainnews","19":"tag-news","20":"tag-noticias","21":"tag-noticias-principais","22":"tag-noticiasprincipais","23":"tag-portugal","24":"tag-presidenciais-2026","25":"tag-principais-noticias","26":"tag-principaisnoticias","27":"tag-pt","28":"tag-top-stories","29":"tag-topstories","30":"tag-ultimas","31":"tag-ultimas-noticias","32":"tag-ultimasnoticias"},"share_on_mastodon":{"url":"https:\/\/pubeurope.com\/@pt\/115632538124732117","error":""},"_links":{"self":[{"href":"https:\/\/www.europesays.com\/pt\/wp-json\/wp\/v2\/posts\/169210","targetHints":{"allow":["GET"]}}],"collection":[{"href":"https:\/\/www.europesays.com\/pt\/wp-json\/wp\/v2\/posts"}],"about":[{"href":"https:\/\/www.europesays.com\/pt\/wp-json\/wp\/v2\/types\/post"}],"author":[{"embeddable":true,"href":"https:\/\/www.europesays.com\/pt\/wp-json\/wp\/v2\/users\/2"}],"replies":[{"embeddable":true,"href":"https:\/\/www.europesays.com\/pt\/wp-json\/wp\/v2\/comments?post=169210"}],"version-history":[{"count":0,"href":"https:\/\/www.europesays.com\/pt\/wp-json\/wp\/v2\/posts\/169210\/revisions"}],"wp:featuredmedia":[{"embeddable":true,"href":"https:\/\/www.europesays.com\/pt\/wp-json\/wp\/v2\/media\/169211"}],"wp:attachment":[{"href":"https:\/\/www.europesays.com\/pt\/wp-json\/wp\/v2\/media?parent=169210"}],"wp:term":[{"taxonomy":"category","embeddable":true,"href":"https:\/\/www.europesays.com\/pt\/wp-json\/wp\/v2\/categories?post=169210"},{"taxonomy":"post_tag","embeddable":true,"href":"https:\/\/www.europesays.com\/pt\/wp-json\/wp\/v2\/tags?post=169210"}],"curies":[{"name":"wp","href":"https:\/\/api.w.org\/{rel}","templated":true}]}}