{"id":169212,"date":"2025-11-29T10:34:21","date_gmt":"2025-11-29T10:34:21","guid":{"rendered":"https:\/\/www.europesays.com\/pt\/169212\/"},"modified":"2025-11-29T10:34:21","modified_gmt":"2025-11-29T10:34:21","slug":"uniao-africana-suspende-guine-bissau-com-efeitos-imediatos","status":"publish","type":"post","link":"https:\/\/www.europesays.com\/pt\/169212\/","title":{"rendered":"Uni\u00e3o Africana suspende Guin\u00e9-Bissau &#8220;com efeitos imediatos&#8221;"},"content":{"rendered":"<p>&#13;<br \/>\nA informa\u00e7\u00e3o foi avan\u00e7ada pelo presidente da Comiss\u00e3o da Uni\u00e3o Africana,\u00a0Mahamoud Ali Youssouf,  \u00e0 ag\u00eancia France Presse.\u00a0&#13;\n<\/p>\n<p>Na quarta-feira, os militares anunciaram a deposi\u00e7\u00e3o de Embal\u00f3 e a suspens\u00e3o das elei\u00e7\u00f5es presidenciais e legislativas que decorreram a 23 de novembro. Os resultados eram esperados em breve no pa\u00eds lus\u00f3fono.\u00a0<\/p>\n<p>No dia seguinte, o general Horta Inta-A foi empossado como presidente de transi\u00e7\u00e3o, numa cerim\u00f3nia que decorreu no Estado-Maior General das For\u00e7as Armadas. E tamb\u00e9m na quinta-feira, o presidente deposto chegou &#8220;s\u00e3o e salvo&#8221; ao Senegal a bordo de um voo especial.\u00a0&#13;\n<\/p>\n<p>&#13;<br \/>\n&#8220;Uma combina\u00e7\u00e3o&#8221;&#13;\n<\/p>\n<p>&#13;<br \/>\nO primeiro-ministro senegal\u00eas, Ousmane Sonko, considerou esta sexta-feira que o golpe de Estado na Guin\u00e9-Bissau foi uma &#8220;combina\u00e7\u00e3o&#8221;. Em declara\u00e7\u00f5es transmitidas pela televis\u00e3o online Senego, citadas pela ag\u00eancia Lusa, o chefe de Governo senegal\u00eas respondeu \u00e0s quest\u00f5es dos deputados sobre os recentes acontecimentos no pa\u00eds vizinho e a chegada e Embal\u00f3 a Dacar.&#13;\n<\/p>\n<p>&#13;<br \/>\n&#8220;No que diz respeito \u00e0 Guin\u00e9-Bissau, n\u00e3o me vou alongar porque essa quest\u00e3o \u00e9 da compet\u00eancia do Presidente da Rep\u00fablica (&#8230;), mas posso afirmar claramente que foi uma combina\u00e7\u00e3o&#8221;, afirmou Ousmane Sonko, acrescentando que a situa\u00e7\u00e3o &#8220;n\u00e3o \u00e9 normal&#8221;.&#13;\n<\/p>\n<p>&#13;<br \/>\nApelou ainda \u00e0 liberta\u00e7\u00e3o de Domingos Sim\u00f5es Pereira, opositor do presidente deposto: &#8220;Que o libertem o mais rapidamente poss\u00edvel&#8221;&#13;\n<\/p>\n<p>Com a tomada de poder pelo Ex\u00e9rcito, <a href=\"https:\/\/www.rtp.pt\/noticias\/mundo\/guine-bissau-exercito-suspende-recolher-obrigatorio-e-proibe-todas-as-manifestacoes_n1701141\" target=\"_blank\" rel=\"nofollow noopener\">foram proibidas<\/a> &#8220;todas as manifesta\u00e7\u00f5es, marchas, greves ou a\u00e7\u00f5es que perturbem a paz e a estabilidade no pa\u00eds&#8221; a partir de quarta-feira. No entanto, o recolher obrigat\u00f3rio noturno que tinha sido imposto foi levantado.\u00a0<\/p>\n<p>&#13;<br \/>\n(com ag\u00eancias)&#13;<\/p>\n","protected":false},"excerpt":{"rendered":"&#13; A informa\u00e7\u00e3o foi avan\u00e7ada pelo presidente da Comiss\u00e3o da Uni\u00e3o Africana,\u00a0Mahamoud Ali Youssouf, \u00e0 ag\u00eancia France Presse.\u00a0&#13;&hellip;\n","protected":false},"author":2,"featured_media":169213,"comment_status":"","ping_status":"","sticky":false,"template":"","format":"standard","meta":{"footnotes":""},"categories":[8],"tags":[27,28,15,16,13374,11134,14,25,26,21,22,12,13,19,20,32,23,24,33,17,18,29,30,31,34578],"class_list":{"0":"post-169212","1":"post","2":"type-post","3":"status-publish","4":"format-standard","5":"has-post-thumbnail","7":"category-principais-noticias","8":"tag-breaking-news","9":"tag-breakingnews","10":"tag-featured-news","11":"tag-featurednews","12":"tag-golpe","13":"tag-guine-bissau","14":"tag-headlines","15":"tag-latest-news","16":"tag-latestnews","17":"tag-main-news","18":"tag-mainnews","19":"tag-news","20":"tag-noticias","21":"tag-noticias-principais","22":"tag-noticiasprincipais","23":"tag-portugal","24":"tag-principais-noticias","25":"tag-principaisnoticias","26":"tag-pt","27":"tag-top-stories","28":"tag-topstories","29":"tag-ultimas","30":"tag-ultimas-noticias","31":"tag-ultimasnoticias","32":"tag-uniao-africana"},"share_on_mastodon":{"url":"https:\/\/pubeurope.com\/@pt\/115632541880806263","error":""},"_links":{"self":[{"href":"https:\/\/www.europesays.com\/pt\/wp-json\/wp\/v2\/posts\/169212","targetHints":{"allow":["GET"]}}],"collection":[{"href":"https:\/\/www.europesays.com\/pt\/wp-json\/wp\/v2\/posts"}],"about":[{"href":"https:\/\/www.europesays.com\/pt\/wp-json\/wp\/v2\/types\/post"}],"author":[{"embeddable":true,"href":"https:\/\/www.europesays.com\/pt\/wp-json\/wp\/v2\/users\/2"}],"replies":[{"embeddable":true,"href":"https:\/\/www.europesays.com\/pt\/wp-json\/wp\/v2\/comments?post=169212"}],"version-history":[{"count":0,"href":"https:\/\/www.europesays.com\/pt\/wp-json\/wp\/v2\/posts\/169212\/revisions"}],"wp:featuredmedia":[{"embeddable":true,"href":"https:\/\/www.europesays.com\/pt\/wp-json\/wp\/v2\/media\/169213"}],"wp:attachment":[{"href":"https:\/\/www.europesays.com\/pt\/wp-json\/wp\/v2\/media?parent=169212"}],"wp:term":[{"taxonomy":"category","embeddable":true,"href":"https:\/\/www.europesays.com\/pt\/wp-json\/wp\/v2\/categories?post=169212"},{"taxonomy":"post_tag","embeddable":true,"href":"https:\/\/www.europesays.com\/pt\/wp-json\/wp\/v2\/tags?post=169212"}],"curies":[{"name":"wp","href":"https:\/\/api.w.org\/{rel}","templated":true}]}}