{"id":169218,"date":"2025-11-29T10:42:09","date_gmt":"2025-11-29T10:42:09","guid":{"rendered":"https:\/\/www.europesays.com\/pt\/169218\/"},"modified":"2025-11-29T10:42:09","modified_gmt":"2025-11-29T10:42:09","slug":"quase-75-das-pessoas-com-mais-de-80-anos-vacinadas-contra-a-gripe-2","status":"publish","type":"post","link":"https:\/\/www.europesays.com\/pt\/169218\/","title":{"rendered":"Quase 75% das pessoas com mais de 80 anos vacinadas contra a gripe"},"content":{"rendered":"<p>                Quase 75 por cento das pessoas com mais de 80 anos j\u00e1 se vacinaram este ano contra a gripe. \u00c9 o que mostram os resultados da segunda vaga do Vacin\u00f3metro, uma iniciativa da Sociedade Portuguesa de Pneumologia e da Associa\u00e7\u00e3o Portuguesa de Medicina Geral e Familiar.<\/p>\n<p>\u00c0 ag\u00eancia Lusa, Nuno Jacinto, presidente desta associa\u00e7\u00e3o, destacou ainda a subida na taxa de vacina\u00e7\u00e3o dos profissionais de sa\u00fade. <\/p>\n<p>          <img decoding=\"async\" itemprop=\"image\" class=\"img-fluid\"   src=\"https:\/\/www.europesays.com\/pt\/wp-content\/uploads\/2025\/11\/1764412929_55_bg_playeraudio_2.jpg\"\/><\/p>\n<p>Para este resultado pode ter contribu\u00eddo o alerta do Centro Europeu de Preven\u00e7\u00e3o e Controlo de Doen\u00e7as na semana passada, que chamou a aten\u00e7\u00e3o para o facto de os casos de gripe estarem a aumentar de forma invulgar e precoce com uma nova estirpe.<\/p>\n<p>Nuno Jacinto diz que com o passar do tempo e a pandemia cada vez mais longe, tamb\u00e9m pode estar a haver uma redu\u00e7\u00e3o da chamada fadiga vacinal. <\/p>\n<p>Em rela\u00e7\u00e3o \u00e0 vacina de dose elevada, que \u00e9 administrada de forma gratuita \u00e0s pessoas com 85 anos ou mais, da amostra total estudada 80,3 por cento j\u00e1 se vacinaram.<\/p>\n<p>c\/ Lusa&#13;\n            <\/p>\n","protected":false},"excerpt":{"rendered":"Quase 75 por cento das pessoas com mais de 80 anos j\u00e1 se vacinaram este ano contra a&hellip;\n","protected":false},"author":2,"featured_media":169219,"comment_status":"","ping_status":"","sticky":false,"template":"","format":"standard","meta":{"footnotes":""},"categories":[86],"tags":[116,13,32,33,420,421,117],"class_list":{"0":"post-169218","1":"post","2":"type-post","3":"status-publish","4":"format-standard","5":"has-post-thumbnail","7":"category-saude","8":"tag-health","9":"tag-noticias","10":"tag-portugal","11":"tag-pt","12":"tag-rtp","13":"tag-rtp-noticias","14":"tag-saude"},"share_on_mastodon":{"url":"https:\/\/pubeurope.com\/@pt\/115632573415045403","error":""},"_links":{"self":[{"href":"https:\/\/www.europesays.com\/pt\/wp-json\/wp\/v2\/posts\/169218","targetHints":{"allow":["GET"]}}],"collection":[{"href":"https:\/\/www.europesays.com\/pt\/wp-json\/wp\/v2\/posts"}],"about":[{"href":"https:\/\/www.europesays.com\/pt\/wp-json\/wp\/v2\/types\/post"}],"author":[{"embeddable":true,"href":"https:\/\/www.europesays.com\/pt\/wp-json\/wp\/v2\/users\/2"}],"replies":[{"embeddable":true,"href":"https:\/\/www.europesays.com\/pt\/wp-json\/wp\/v2\/comments?post=169218"}],"version-history":[{"count":0,"href":"https:\/\/www.europesays.com\/pt\/wp-json\/wp\/v2\/posts\/169218\/revisions"}],"wp:featuredmedia":[{"embeddable":true,"href":"https:\/\/www.europesays.com\/pt\/wp-json\/wp\/v2\/media\/169219"}],"wp:attachment":[{"href":"https:\/\/www.europesays.com\/pt\/wp-json\/wp\/v2\/media?parent=169218"}],"wp:term":[{"taxonomy":"category","embeddable":true,"href":"https:\/\/www.europesays.com\/pt\/wp-json\/wp\/v2\/categories?post=169218"},{"taxonomy":"post_tag","embeddable":true,"href":"https:\/\/www.europesays.com\/pt\/wp-json\/wp\/v2\/tags?post=169218"}],"curies":[{"name":"wp","href":"https:\/\/api.w.org\/{rel}","templated":true}]}}