{"id":169225,"date":"2025-11-29T10:49:20","date_gmt":"2025-11-29T10:49:20","guid":{"rendered":"https:\/\/www.europesays.com\/pt\/169225\/"},"modified":"2025-11-29T10:49:20","modified_gmt":"2025-11-29T10:49:20","slug":"nova-sondagem-vem-baralhar-as-contas-dos-candidatos-na-corrida-a-belem-e-ja-esta-a-ser-contestada","status":"publish","type":"post","link":"https:\/\/www.europesays.com\/pt\/169225\/","title":{"rendered":"Nova sondagem vem baralhar as contas dos candidatos na corrida a Bel\u00e9m e j\u00e1 est\u00e1 a ser contestada"},"content":{"rendered":"<p>\n  De&amp;nbsp<b>Euronews<\/b>\n<\/p>\n<p>\n                    Publicado a                 28\/11\/2025 &#8211; 12:44 GMT+1<br \/>\n                \u2022\u00daltimas not\u00edcias<br \/>\n                                     13:04\n                                        <\/p>\n<p>A menos de dois meses para as elei\u00e7\u00f5es presidenciais de 18 de janeiro,<a href=\"https:\/\/pt.euronews.com\/my-europe\/2025\/11\/26\/entrevista-euronews-ha-mais-de-20-anos-que-estamos-estagnados-alerta-gouveia-e-melo\" rel=\"nofollow noopener\" target=\"_blank\"> <strong>Henrique Gouveia e Melo<\/strong><\/a> <strong>e Andr\u00e9 Ventura surgem empatados<\/strong> numa sondagem realizada pelo ICS\/ISCTE para a SIC e Expresso, ambos com 18% das inten\u00e7\u00f5es de voto.<\/p>\n<p>Os dois s\u00e3o s<strong>eguidos de muito perto, e dentro da margem de erro, por Lu\u00eds Marques Mendes<\/strong>, que surge em 3.\u00ba lugar, com 16% das inten\u00e7\u00f5es de voto. H\u00e1, portanto, um empate t\u00e9cnico a tr\u00eas.<\/p>\n<p>J\u00e1 <strong>em quarto lugar, mas a grande dist\u00e2ncia a sondagem aparece Ant\u00f3nio Jos\u00e9 Seguro<\/strong>, com apenas 10% das inten\u00e7\u00f5es de voto. <strong>Jo\u00e3o Cotrim Figueiredo n\u00e3o vai al\u00e9m dos 3%, Ant\u00f3nio Filipe dos 2% e Catarina Martins s\u00f3 obt\u00e9m 1%<\/strong>. <strong>Jorge Pinto<\/strong>, candidato apoiado pelo Livre, <strong>n\u00e3o chega a 1%<\/strong>, raz\u00e3o por que n\u00e3o aparece discriminado.<\/p>\n<p>Neste estudo de opini\u00e3o, 8% assumem a absten\u00e7\u00e3o e 22% n\u00e3o sabe em quem vai votar.<\/p>\n<p>Com distribui\u00e7\u00e3o de indecisos, na primeira volta, Henrique Gouveia e Melo obteria 26% das inten\u00e7\u00f5es de voto, Andr\u00e9 Ventura 25% e Lu\u00eds Marques Mendes 23%. Em quarto lugar ficaria o antigo secret\u00e1rio-geral do PS, Ant\u00f3nio Jos\u00e9 Seguro, com 14% das inten\u00e7\u00f5es de voto.<\/p>\n<p>Mais longe est\u00e3o o ex-presidente da Iniciativa Liberal, Jo\u00e3o Cotrim de Figueiredo (5%), o antigo vice-presidente do Parlamento do PCP Ant\u00f3nio Filipe (2%) e a bloquista Catarina Martins (2%). Jorge Pinto (do Livre) e Joana Amaral Dias (do ADN) n\u00e3o aparecem nesta sondagem, uma vez que reuniram menos de 1% das inten\u00e7\u00f5es de voto.<\/p>\n<p>Sondagem gera pol\u00e9mica<\/p>\n<p>O trabalho de campo desta sondagem do ICS e ISCTE para a SIC e Expresso terminou antes ainda de come\u00e7arem os debates entre os candidatos, pelo que n\u00e3o reflete o impacto que estes possam ter na opini\u00e3o dos inquiridos.<\/p>\n<p>Al\u00e9m disso, os resultados deste estudo de opini\u00e3o esbarram com os dados de outras sondagens que foram publicadas at\u00e9 agora.<\/p>\n<p>Em sondagens anteriores, Lu\u00eds Marques Mendes surgia \u00e0 frente nacorrida a Bel\u00e9m. Tanto o bar\u00f3metro Intercampus como o estudo da Pitag\u00f3rica apontavam para um cen\u00e1rio em que o candidato apoiado pelo PSD teria de enfrentar Andr\u00e9 Ventura na segunda volta, com Henrique Gouveia e Melo em queda acentuada nos estudos de opini\u00e3o.<\/p>\n<p>Os dados da sondagem publicada pela SIC e Expresso tamb\u00e9m j\u00e1 est\u00e3o a ser contestados por um dos candidatos. Jo\u00e3o Cotrim de Figueiredo recorreu \u00e0s redes sociais para reagir ao estudo de opini\u00e3o que o coloca em quinto lugar, com apenas 3% das inten\u00e7\u00f5es de votos.<\/p>\n<p>O ex-presidente da Iniciativa Liberal diz que \u00e9 &#8220;absolutamente inacredit\u00e1vel&#8221; que obtenha um &#8220;resultado inferior&#8221; ao que tinha em sondagens &#8220;antes de anunciar a candidatura&#8221; \u00e0 Presid\u00eancia da Rep\u00fablica.<\/p>\n<p>&#8220;Se se enganaram sem querer \u00e9 grave porque \u00e9 incompet\u00eancia. N\u00e3o seria imposs\u00edvel porque esta empresa de sondagens sempre subestimou os meus resultados. A tr\u00eas semanas do ato eleitoral das europeias deram-me menos de metade do resultado que efetivamente tive. Se \u00e9 por erro de prop\u00f3sito, pior ainda. \u00c9 para qu\u00ea? \u00c9 para gerar aqui um clima de favorecimento de voto \u00fatil do lado de uma candidatura?&#8221;, questiona Cotrim, num v\u00eddeo publicado nas redes sociais.<\/p>\n","protected":false},"excerpt":{"rendered":"De&amp;nbspEuronews Publicado a 28\/11\/2025 &#8211; 12:44 GMT+1 \u2022\u00daltimas not\u00edcias 13:04 A menos de dois meses para as elei\u00e7\u00f5es&hellip;\n","protected":false},"author":2,"featured_media":169226,"comment_status":"","ping_status":"","sticky":false,"template":"","format":"standard","meta":{"footnotes":""},"categories":[8],"tags":[27,28,25887,1705,15,16,14,25,26,21,22,12,13,19,20,14538,32,23,24,33,17,18,29,30,31],"class_list":{"0":"post-169225","1":"post","2":"type-post","3":"status-publish","4":"format-standard","5":"has-post-thumbnail","7":"category-principais-noticias","8":"tag-breaking-news","9":"tag-breakingnews","10":"tag-eleicoes-em-portugal","11":"tag-eleicoes-presidenciais","12":"tag-featured-news","13":"tag-featurednews","14":"tag-headlines","15":"tag-latest-news","16":"tag-latestnews","17":"tag-main-news","18":"tag-mainnews","19":"tag-news","20":"tag-noticias","21":"tag-noticias-principais","22":"tag-noticiasprincipais","23":"tag-politica-portuguesa","24":"tag-portugal","25":"tag-principais-noticias","26":"tag-principaisnoticias","27":"tag-pt","28":"tag-top-stories","29":"tag-topstories","30":"tag-ultimas","31":"tag-ultimas-noticias","32":"tag-ultimasnoticias"},"share_on_mastodon":{"url":"https:\/\/pubeurope.com\/@pt\/115632600858730615","error":""},"_links":{"self":[{"href":"https:\/\/www.europesays.com\/pt\/wp-json\/wp\/v2\/posts\/169225","targetHints":{"allow":["GET"]}}],"collection":[{"href":"https:\/\/www.europesays.com\/pt\/wp-json\/wp\/v2\/posts"}],"about":[{"href":"https:\/\/www.europesays.com\/pt\/wp-json\/wp\/v2\/types\/post"}],"author":[{"embeddable":true,"href":"https:\/\/www.europesays.com\/pt\/wp-json\/wp\/v2\/users\/2"}],"replies":[{"embeddable":true,"href":"https:\/\/www.europesays.com\/pt\/wp-json\/wp\/v2\/comments?post=169225"}],"version-history":[{"count":0,"href":"https:\/\/www.europesays.com\/pt\/wp-json\/wp\/v2\/posts\/169225\/revisions"}],"wp:featuredmedia":[{"embeddable":true,"href":"https:\/\/www.europesays.com\/pt\/wp-json\/wp\/v2\/media\/169226"}],"wp:attachment":[{"href":"https:\/\/www.europesays.com\/pt\/wp-json\/wp\/v2\/media?parent=169225"}],"wp:term":[{"taxonomy":"category","embeddable":true,"href":"https:\/\/www.europesays.com\/pt\/wp-json\/wp\/v2\/categories?post=169225"},{"taxonomy":"post_tag","embeddable":true,"href":"https:\/\/www.europesays.com\/pt\/wp-json\/wp\/v2\/tags?post=169225"}],"curies":[{"name":"wp","href":"https:\/\/api.w.org\/{rel}","templated":true}]}}