{"id":169228,"date":"2025-11-29T10:53:11","date_gmt":"2025-11-29T10:53:11","guid":{"rendered":"https:\/\/www.europesays.com\/pt\/169228\/"},"modified":"2025-11-29T10:53:11","modified_gmt":"2025-11-29T10:53:11","slug":"fim-de-semana-na-tv-branko-os-fabelmans-e-o-vale-televisao","status":"publish","type":"post","link":"https:\/\/www.europesays.com\/pt\/169228\/","title":{"rendered":"Fim-de-semana na TV: Branko, Os Fabelmans e O Vale | Televis\u00e3o"},"content":{"rendered":"<p>CINEMA<\/p>\n<p dir=\"ltr\"><strong><a href=\"https:\/\/cinecartaz.publico.pt\/filme\/freeheld---amor-e-justica-358101\" rel=\"nofollow noopener\" target=\"_blank\">Freeheld &#8211; Amor e Justi\u00e7a<\/a><\/strong><br \/><strong>TVCine Edition, s\u00e1bado, 16h50<\/strong><\/p>\n<p dir=\"ltr\">EUA, 2005. Laurel Hester \u00e9 pol\u00edcia em New Jersey. A n\u00edvel pessoal, mant\u00e9m uma rela\u00e7\u00e3o conjugal com Stacie Andree. Tudo muda quando \u00e9 diagnosticada com cancro em estado avan\u00e7ado. Consciente do fim que se aproxima, Laurel deseja que Stacie herde a casa onde ambas vivem e que receba os benef\u00edcios de viuvez. O problema \u00e9 que a rela\u00e7\u00e3o n\u00e3o \u00e9 legalmente reconhecida. Decidida a marcar posi\u00e7\u00e3o e defender os seus direitos e da comunidade homossexual, ela vai lutar at\u00e9 ao fim para que a lei seja alterada e Stacie receba o que \u00e9 seu por direito.<\/p>\n<p dir=\"ltr\">A hist\u00f3ria real de Laurel Hester (1956-2006), j\u00e1 antes contada no oscarizado document\u00e1rio de Cynthia Wade, serve de base a este drama biogr\u00e1fico, com realiza\u00e7\u00e3o de Peter Sollett e argumento de Ron Nyswaner. Julianne Moore, Ellen Page, Steve Carell, Luke Grimes e Michael Shannon d\u00e3o vida \u00e0s personagens.<\/p>\n<p dir=\"ltr\">Abre uma maratona de Coragem Feminina que continua com <a href=\"https:\/\/cinecartaz.publico.pt\/filme\/maria-montessori-413709\" rel=\"nofollow noopener\" target=\"_blank\">Maria Montessori<\/a>, biografia da criadora do m\u00e9todo de ensino revolucion\u00e1rio, com realiza\u00e7\u00e3o de L\u00e9a Todorov (\u00e0s 18h30); <a href=\"https:\/\/cinecartaz.publico.pt\/filme\/ler-lolita-em-teerao-413305\" rel=\"nofollow noopener\" target=\"_blank\">Ler Lolita em Teer\u00e3o<\/a>, em que Eran Riklis filma a resist\u00eancia atrav\u00e9s da literatura, a partir da hist\u00f3ria real de uma professora no Ir\u00e3o fundamentalista (20h10); e <a href=\"https:\/\/cinecartaz.publico.pt\/filme\/aventuras-viajante-coreia-sul-413923\" rel=\"nofollow noopener\" target=\"_blank\">As Aventuras de Uma Viajante na Coreia do Sul<\/a>, que re\u00fane o cineasta Hong Sang-soo \u00e0 actriz Isabelle Huppert e versa sobre uma mulher \u00e0 procura de iluminismo num mundo secular (22h).<\/p>\n<p dir=\"ltr\"><strong><a href=\"https:\/\/cinecartaz.publico.pt\/filme\/fabelmans-409240\" rel=\"nofollow noopener\" target=\"_blank\">Os Fabelmans<\/a><\/strong><br \/><strong>SIC, s\u00e1bado, 1h50<\/strong><\/p>\n<p dir=\"ltr\">Realizado por Steven Spielberg, que co-escreve o argumento com Tony Kushner, inspira-se na vida do pr\u00f3prio cineasta. Estamos nos EUA dos anos 1950. Sammy Fabelman come\u00e7a a usar uma c\u00e2mara de 8mm para filmar tudo \u00e0 sua volta. Os filmes que faz s\u00e3o reveladores do seu talento, mas tamb\u00e9m da sua dist\u00e2ncia em rela\u00e7\u00e3o a eventos t\u00e3o emotivos como o div\u00f3rcio dos pais. Com Gabriel LaBelle como Sammy, o elenco conta ainda com Michelle Williams, Paul Dano, Seth Rogen e Judd Hirsch. O filme esteve nomeado para sete \u00d3scares e ganhou dois Globos de Ouro.<\/p>\n<p dir=\"ltr\"><strong><a href=\"https:\/\/cinecartaz.publico.pt\/filme\/axilas-359982\" rel=\"nofollow noopener\" target=\"_blank\">Axilas<\/a><br \/>RTP2, s\u00e1bado, 1h54<\/strong><\/p>\n<p dir=\"ltr\">L\u00e1zaro de Jesus sente uma estranha atrac\u00e7\u00e3o por axilas femininas, que considera sensuais e po\u00e9ticas. \u00c9 o que o leva a apaixonar-se por uma violinista num concerto. Estreado postumamente, este filme de 2016 foi o derradeiro de Jos\u00e9 Fonseca e Costa e adapta livremente um conto do romancista e ensa\u00edsta brasileiro Rubem Fonseca.<\/p>\n<p dir=\"ltr\"><strong><a href=\"https:\/\/cinecartaz.publico.pt\/filme\/cidades-de-papel-350013\" rel=\"nofollow noopener\" target=\"_blank\">Cidades de Papel<\/a><\/strong><br \/><strong>AXN White, domingo, 21h25<\/strong><\/p>\n<p dir=\"ltr\">Este drama rom\u00e2ntico sobre amor, autodescoberta e o despertar da adolesc\u00eancia \u00e9 dirigido por Jake Schreier. O argumento \u00e9 de Scott Neustadter e Michael H. Weber, que voltam a pegar num best-seller de John Green (tal como em A Culpa \u00c9 das Estrelas). Nat Wolff, que participou nesse filme como actor secund\u00e1rio, salta aqui para protagonista e contracena com a actriz e modelo Cara Delevingne.<\/p>\n<p dir=\"ltr\"><strong><a href=\"https:\/\/cinecartaz.publico.pt\/filme\/o-espiao-ingles-406044\" rel=\"nofollow noopener\" target=\"_blank\">O Espi\u00e3o Ingl\u00eas<\/a><\/strong><br \/><strong>AMC, domingo, 22h10<\/strong><\/p>\n<p dir=\"ltr\">Thriller pol\u00edtico de Dominic Cooke (Na Praia de Chesil), segundo um argumento de Tom O\u2019Connor, a partir de factos reais. Depois de uma alian\u00e7a de conveni\u00eancia durante a II Guerra Mundial, os EUA e a URSS ajustam-se ao antagonismo que marcar\u00e1 Guerra Fria. N\u00e3o \u00e9 incomum que simples cidad\u00e3os sejam treinados para espi\u00f5es. Esta \u00e9 a hist\u00f3ria de Greville Wynne (Benedict Cumberbatch), um engenheiro e empres\u00e1rio brit\u00e2nico recrutado pelo MI6 e pela CIA. Em 1962, atrav\u00e9s de informa\u00e7\u00f5es cruciais obtidas por uma das suas fontes, foi poss\u00edvel prever a Crise dos M\u00edsseis de Cuba, evitando uma guerra nuclear em grande escala.<\/p>\n<p dir=\"ltr\"><strong><a href=\"https:\/\/cinecartaz.publico.pt\/Filme\/144142_o-segredo-de-brokeback-mountain\" rel=\"nofollow noopener\" target=\"_blank\">O Segredo de Brokeback Mountain<\/a><\/strong><br \/><strong>Star Life, domingo, 22h20<\/strong><\/p>\n<p dir=\"ltr\">Ang Lee realiza este neo-western de 2005 em torno do amor proibido entre dois cowboys, passada no Wyoming de 1963 e protagonizada por Heath Ledger e Jake Gyllenhaal. Venceu o Le\u00e3o de Ouro no Festival de Veneza e arrecadou tr\u00eas \u00d3scares \u2013 melhor realizador (Lee), argumento adaptado (Larry McMurtry e Diana Ossana) e banda sonora (Gustavo Santaolalla) \u2013 entre os oito para que estava nomeado.<\/p>\n<p>S\u00c9RIE<\/p>\n<p dir=\"ltr\"><strong>O Mundo em Chamas<\/strong><br \/><strong>RTP2, domingo, 20h30<\/strong><\/p>\n<p dir=\"ltr\">Pessoas comuns de v\u00e1rios pa\u00edses europeus v\u00eaem o seu quotidiano, os seus sentimentos e os seus sonhos postos em pausa (e em causa) pelo eclodir da II Guerra Mundial. S\u00e3o elas as protagonistas desta s\u00e9rie brit\u00e2nica criada por Peter Bowker e timbrada pela BBC, cuja narrativa, passada no primeiro ano do conflito, entrela\u00e7a as hist\u00f3rias das personagens.<\/p>\n<p>DOCUMENT\u00c1RIOS<\/p>\n<p dir=\"ltr\"><strong><a href=\"https:\/\/cinecartaz.publico.pt\/filme\/sempre-413546\" rel=\"nofollow noopener\" target=\"_blank\">Sempre<\/a><\/strong><br \/><strong>RTP2, s\u00e1bado, 00h<\/strong><\/p>\n<p dir=\"ltr\">Sa\u00eddo no cinquenten\u00e1rio do 25 de Abril, este \u00e9 o filme em que Luciana Fina, italiana chegada a Portugal em 1991, se det\u00e9m sobre o momento \u201cmais bonito da hist\u00f3ria portuguesa e \u00fanico a hist\u00f3ria europeia\u201d. Construiu-o a partir de imagens recolhidas nos arquivos da RTP, da Cinemateca Portuguesa e de particulares.<\/p>\n<p>        &#13;<\/p>\n<p>&#13;<br \/>\n                &#13;\n            <\/p>\n<p>&#13;<\/p>\n<p dir=\"ltr\"><strong>Metrocosmos<\/strong><br \/><strong>RTP2, domingo, 19h28<\/strong><\/p>\n<p dir=\"ltr\">Em estreia nos fins de tarde domingueiros, uma s\u00e9rie que parte \u00e0 descoberta de cinco cidades europeias atrav\u00e9s dos seus sistemas de metropolitano: N\u00e1poles (It\u00e1lia), Praga (Ch\u00e9quia), Berlim (Alemanha), Paris (Fran\u00e7a) e Viena (\u00c1ustria).<\/p>\n<p>        &#13;<\/p>\n<p>&#13;<br \/>\n                &#13;\n            <\/p>\n<p>&#13;<\/p>\n<p dir=\"ltr\"><strong><a href=\"https:\/\/cinecartaz.publico.pt\/filme\/o-vale-410648\" rel=\"nofollow noopener\" target=\"_blank\">O Vale<\/a><\/strong><br \/><strong>TVCine Edition, domingo, 22h<\/strong><\/p>\n<p dir=\"ltr\">Nuno Escudeiro filma a crise humanit\u00e1ria na fronteira franco-italiana. No caminho de milhares de migrantes que tentam atravess\u00e1-la a p\u00e9 est\u00e3o comunidades alpinas que reagem com a oferta de v\u00edveres, abrigo, consolo, apoio. Mais do que um gesto solid\u00e1rio, \u00e9 um desafio \u00e0s autoridades, j\u00e1 que amparar gente sem documentos faz com que estes cidad\u00e3os incorram em crimes. O Vale valeu a Escudeiro o pr\u00e9mio de melhor realizador emergente internacional no Hot Docs, o festival canadiano onde o filme se estreou.<\/p>\n<p>        &#13;<\/p>\n<p>&#13;<br \/>\n                &#13;\n            <\/p>\n<p>&#13;<\/p>\n<p>\u00d3PERA<\/p>\n<p dir=\"ltr\"><strong>Shirine<\/strong><br \/><strong>RTP2, s\u00e1bado, 22h01<\/strong><\/p>\n<p dir=\"ltr\">Gravada em Maio de 2022, na \u00d3pera Nacional de Lyon (Fran\u00e7a), \u00e9 uma \u00f3pera do compositor Thierry Escaich, com libreto do escritor Atiq Rahimi, por sua vez inspirado no poema \u00e9pico medieval de Nizami Ganjavi. Deve o nome \u00e0 princesa arm\u00e9nia que protagoniza esta hist\u00f3ria de amor proibido ao lado de Cosroes, rei da P\u00e9rsia. A encena\u00e7\u00e3o \u00e9 de Richard Brunel. A soprano H\u00e9l\u00e8ne Guilmette e o tenor Julien Behr assumem os pap\u00e9is principais.<\/p>\n<p>M\u00daSICA<\/p>\n<p dir=\"ltr\"><strong>Branko no Coliseu dos Recreios<\/strong><br \/><strong>RTP2, domingo, 00h11<\/strong><\/p>\n<p dir=\"ltr\">H\u00e1 um ano e pouco, Branko dava um concerto duplamente especial no Coliseu dos Recreios: primeira vez em nome pr\u00f3prio no palco simb\u00f3lico da sala lisboeta e 20 anos de carreira prontos a serem celebrados. Para a festa levou Soma, o \u00e1lbum mais recente, e combinou-o com p\u00e1ginas do passado. A RTP esteve l\u00e1 e estreia agora o registo desse momento.<\/p>\n<p>        &#13;<\/p>\n<p>&#13;<br \/>\n                &#13;\n            <\/p>\n<p>&#13;<\/p>\n<p>ENTRETENIMENTO<\/p>\n<p dir=\"ltr\"><strong>Taskmaster<\/strong><br \/><strong>RTP1, s\u00e1bado, 22h40<\/strong><\/p>\n<p dir=\"ltr\">A sexta temporada do programa conduzido por Vasco Palmeirim e Nuno Markl termina com a actriz Vict\u00f3ria Guerra como convidada e com o painel fixo de concorrentes \u2013 C\u00e2ndido Costa, Gabriela Barros, Madalena Almeida e Rui Melo \u2013 a digladiar-se em desafios mirabolantes pela conquista do ambicionado busto dourado.<\/p>\n<p>        &#13;<\/p>\n<p>&#13;<br \/>\n                &#13;\n            <\/p>\n<p>&#13;<\/p>\n<p>INFANTIL<\/p>\n<p dir=\"ltr\"><strong><a href=\"https:\/\/cinecartaz.publico.pt\/Filme\/296342_o-gato-das-botas\" rel=\"nofollow noopener\" target=\"_blank\">O Gato das Botas<\/a> (VP)<\/strong><br \/><strong>Disney Channel, s\u00e1bado, 11h<\/strong><\/p>\n<p dir=\"ltr\">Anima\u00e7\u00e3o dirigida por Chris Miller, sobre os antecedentes do gato revelado em Shrek 2. As qualidades deste felino sedutor e enternecedor s\u00e3o postas \u00e0 prova ao cruzar-se com Kitty Patas Fofas, uma misteriosa gata mascarada. A aventura continua, \u00e0s 20h35, na sequela <a href=\"https:\/\/cinecartaz.publico.pt\/filme\/gato-botas-ultimo-desejo-409059\" rel=\"nofollow noopener\" target=\"_blank\">O Gato das Botas: O \u00daltimo Desejo<\/a> (com realiza\u00e7\u00e3o de Joel Crawford e Januel Mercado), agora com um problema acrescido: j\u00e1 s\u00f3 lhe resta uma das nove vidas.<\/p>\n<p dir=\"ltr\"><strong><a href=\"https:\/\/cinecartaz.publico.pt\/filme\/um-susto-de-familia-2-407342\" rel=\"nofollow noopener\" target=\"_blank\">Um Susto de Fam\u00edlia 2<\/a> (VP)<\/strong><br \/><strong>Panda Kids, domingo, 13h30<\/strong><\/p>\n<p dir=\"ltr\">Para libertar a bruxa Baba Yaga e o mordomo Renfield, raptados no pr\u00f3prio dia de casamento pela tem\u00edvel ca\u00e7adora de monstros Mila Starr, a fam\u00edlia Wishbone tem de voltar \u00e0s suas vers\u00f5es mais aterrorizantes. Assim, Emma transfigura-se em vampira; Frank, o marido, na criatura de Frankenstein; Fay, a filha adolescente, em m\u00famia; e o pequeno Max em lobisomem. Com realiza\u00e7\u00e3o de Holger Tappe, que j\u00e1 tinha realizado a com\u00e9dia de anima\u00e7\u00e3o original de 2017, esta sequela saiu quatro anos depois e voltou a contar com as vozes de Rita Redshoes e Fernando Ribeiro na dobragem portuguesa.<\/p>\n<p>        &#13;<\/p>\n<p>&#13;<br \/>\n                &#13;\n            <\/p>\n<p>&#13;<\/p>\n","protected":false},"excerpt":{"rendered":"CINEMA Freeheld &#8211; Amor e Justi\u00e7aTVCine Edition, s\u00e1bado, 16h50 EUA, 2005. Laurel Hester \u00e9 pol\u00edcia em New Jersey.&hellip;\n","protected":false},"author":2,"featured_media":169229,"comment_status":"","ping_status":"","sticky":false,"template":"","format":"standard","meta":{"footnotes":""},"categories":[142],"tags":[470,4768,1413,1414,114,115,3209,294,150,25536,32,33,291,941,218,151],"class_list":{"0":"post-169228","1":"post","2":"type-post","3":"status-publish","4":"format-standard","5":"has-post-thumbnail","7":"category-tv","8":"tag-cinema","9":"tag-cinema-de-animacao","10":"tag-cultura-ipsilon","11":"tag-documentario","12":"tag-entertainment","13":"tag-entretenimento","14":"tag-infantil","15":"tag-lazer","16":"tag-musica","17":"tag-opera","18":"tag-portugal","19":"tag-pt","20":"tag-relaxar","21":"tag-series","22":"tag-televisao","23":"tag-tv"},"share_on_mastodon":{"url":"https:\/\/pubeurope.com\/@pt\/115632616447025492","error":""},"_links":{"self":[{"href":"https:\/\/www.europesays.com\/pt\/wp-json\/wp\/v2\/posts\/169228","targetHints":{"allow":["GET"]}}],"collection":[{"href":"https:\/\/www.europesays.com\/pt\/wp-json\/wp\/v2\/posts"}],"about":[{"href":"https:\/\/www.europesays.com\/pt\/wp-json\/wp\/v2\/types\/post"}],"author":[{"embeddable":true,"href":"https:\/\/www.europesays.com\/pt\/wp-json\/wp\/v2\/users\/2"}],"replies":[{"embeddable":true,"href":"https:\/\/www.europesays.com\/pt\/wp-json\/wp\/v2\/comments?post=169228"}],"version-history":[{"count":0,"href":"https:\/\/www.europesays.com\/pt\/wp-json\/wp\/v2\/posts\/169228\/revisions"}],"wp:featuredmedia":[{"embeddable":true,"href":"https:\/\/www.europesays.com\/pt\/wp-json\/wp\/v2\/media\/169229"}],"wp:attachment":[{"href":"https:\/\/www.europesays.com\/pt\/wp-json\/wp\/v2\/media?parent=169228"}],"wp:term":[{"taxonomy":"category","embeddable":true,"href":"https:\/\/www.europesays.com\/pt\/wp-json\/wp\/v2\/categories?post=169228"},{"taxonomy":"post_tag","embeddable":true,"href":"https:\/\/www.europesays.com\/pt\/wp-json\/wp\/v2\/tags?post=169228"}],"curies":[{"name":"wp","href":"https:\/\/api.w.org\/{rel}","templated":true}]}}