{"id":169270,"date":"2025-11-29T11:40:13","date_gmt":"2025-11-29T11:40:13","guid":{"rendered":"https:\/\/www.europesays.com\/pt\/169270\/"},"modified":"2025-11-29T11:40:13","modified_gmt":"2025-11-29T11:40:13","slug":"juquinha-vai-pra-cima-e-tasca-beijo-em-lorena-namorada","status":"publish","type":"post","link":"https:\/\/www.europesays.com\/pt\/169270\/","title":{"rendered":"Juquinha vai pra cima e tasca beijo em Lorena: &#8220;Namorada&#8221;"},"content":{"rendered":"<p>Nos pr\u00f3ximos cap\u00edtulos de Tr\u00eas Gra\u00e7as, o clima entre Juquinha (Gabriela Medvedovisky) e Lorena (Alanis Guillen) esquenta e o casal d\u00e1 seu primeiro beijo. A iniciativa parte da policial. Ferette (Murilo Ben\u00edcio) percebe a aproxima\u00e7\u00e3o das duas e acende o alerta.<\/p>\n<p>continua depois da publicidade<\/p>\n<p><a href=\"https:\/\/natelinha.uol.com.br\/novelas\/2025\/11\/20\/tres-gracas-ferette-vira-uma-fera-com-romances-dos-filhos-saiba-por-que-234192.php\" rel=\"nofollow noopener\" target=\"_blank\">As jovens se conheceram na casa de Kasper<\/a> (Miguel Falabella) e Jo\u00e3o (Samuel de Assis), durante encontro s\u00f3 para meninas organizado por Maggye (Mell Muzillo), filha dos donos da galeria de arte.<\/p>\n<p>Al\u00e9m das tr\u00eas amigas, Luc\u00e9lia (Daphne Bozaski), <a href=\"https:\/\/natelinha.uol.com.br\/novelas\/2025\/11\/26\/tres-gracas-sequestro-e-risco-de-morte-deixa-maggye-em-panico-234457.php\" rel=\"nofollow noopener\" target=\"_blank\">prima da amiga de J\u00fanior<\/a> (Guthierry Sotero), tamb\u00e9m estar\u00e1 presente. A vil\u00e3zinha praticamente se ofereceu para ser convidada.<\/p>\n<p>Apesar da proximidade, <a href=\"https:\/\/natelinha.uol.com.br\/novelas\/tres-gracas\/personagem\/juquinha\" rel=\"nofollow noopener\" target=\"_blank\">Juquinha<\/a> e <a href=\"https:\/\/natelinha.uol.com.br\/novelas\/tres-gracas\/personagem\/lorena\" rel=\"nofollow noopener\" target=\"_blank\">Lorena<\/a> s\u00f3 engatam um romance depois do roubo da est\u00e1tua das Tr\u00eas Gra\u00e7as. As duas conversam sobre o crime, pinta um clima e a estagi\u00e1ria de Paulinho (Romulo Estrela) \u00e9 quem toma a iniciativa. Saiba mais!<\/p>\n<p>continua depois da publicidade<\/p>\n<p>Em Tr\u00eas Gra\u00e7as, namoro de Lorena com Juquinha \u00e9 amea\u00e7ado por Ferette<\/p>\n<p><img decoding=\"async\" loading=\"lazy\" class=\"horizontal\" src=\"https:\/\/www.europesays.com\/pt\/wp-content\/uploads\/2025\/11\/tv-globo-tres-gracas-namoro-de-lorena-e-juquinha-e-ameacado_8995.jpeg\" width=\"1280\" height=\"719\" alt=\"Tr\u00eas Gra\u00e7as: Juquinha vai pra cima e tasca beijo em Lorena: \\\" namorada=\"\"\/><\/p>\n<p>Nos pr\u00f3ximos cap\u00edtulos de <a href=\"https:\/\/natelinha.uol.com.br\/novelas\/tres-gracas\" rel=\"nofollow noopener\" target=\"_blank\">Tr\u00eas Gra\u00e7as<\/a>, Lorena e Juquinha v\u00e3o engatar um romance, mas namoro logo desperta a aten\u00e7\u00e3o de Ferette que, desconfiado das inten\u00e7\u00f5es da policial passa a investigar a mo\u00e7a.<\/p>\n<p>A estagi\u00e1ria de Paulinho tem seus segredos, mas nada que represente uma amea\u00e7a ao empres\u00e1rio. A mocinha, na verdade, vem de uma fam\u00edlia de posses, mas preferiu abra\u00e7ar uma vida mais humilde por ser contra o &#8220;sistema&#8221;.<\/p>\n<p>Ideologia parecida com a que Lorena, filha rebelde de Ferette e Zenilda (Andreia Horta), segue. Avessa aos excessos e preocupada com as diferen\u00e7as sociais, a jovem vive batendo de frente com o pai, a quem acusa de ostentar.<\/p>\n<p>continua depois da publicidade<\/p>\n<p><a href=\"https:\/\/natelinha.uol.com.br\/novelas\/2025\/11\/26\/tres-gracas-encontro-de-arminda-com-rogerio-quase-termina-em-tragedia-234390.php\" rel=\"nofollow noopener\" target=\"_blank\">+\u00a0Tr\u00eas Gra\u00e7as: Encontro de Arminda com Rog\u00e9rio quase termina em trag\u00e9dia<\/a><\/p>\n<p>As duas se conhecem durante um encontro de meninas organizado por Maggye, em sua casa. Apesar das afinidades entre elas, nada demais acontece entre elas naquela noite.<\/p>\n<p>A amizade, por\u00e9m, flui, at\u00e9 que Juquinha \u00e9 quem toma a iniciativa para o primeiro beijo. A essa altura, a est\u00e1tua das Tr\u00eas Gra\u00e7as j\u00e1 ter\u00e1 sido roubada da casa de Arminda (Grazi Massafera).<\/p>\n<p>Durante encontro, Lorena e a policial conversam a respeito do crime, a filha de Ferette sugere que elas formariam uma \u00f3tima parceria como colegas de trabalho e acaba surpreendida pela insinua\u00e7\u00e3o da ruiva.<\/p>\n<p>continua depois da publicidade<\/p>\n<p>&#8220;Mas eu n\u00e3o queria te chamar de &#8216;colega de trabalho'&#8221;, rebate a estagi\u00e1ria de Paulinho. &#8220;Queria chamar do qu\u00ea? De amiga?&#8221;, questiona a irm\u00e3 de Leonardo (Pedro Novaes).<\/p>\n<blockquote>\n<p class=\"cit\">&#8220;De namorada!&#8221;, dispara Juquinha.<\/p>\n<\/blockquote>\n<p><a href=\"https:\/\/natelinha.uol.com.br\/novelas\/2025\/11\/27\/tres-gracas-arminda-selou-destino-do-marido-pra-escapar-da-cadeia-que-va-para-o-inferno-234449.php\" rel=\"nofollow noopener\" target=\"_blank\">+\u00a0Tr\u00eas Gra\u00e7as: Arminda selou destino do marido pra escapar da cadeia: &#8220;Que v\u00e1 para o inferno&#8221;<\/a><\/p>\n<p>A sequ\u00eancia mostra as duas no carro da policial j\u00e1 como um casal. &#8220;Ent\u00e3o quer dizer que \u00e9 oficial: agora somos namoradas?&#8217;, pergunta a ruiva.<\/p>\n<blockquote>\n<p class=\"cit\">&#8220;Nunca senti nada assim. E por uma menina!&#8221;, reage Lorena antes do beijo.<\/p>\n<\/blockquote>\n<p>A rela\u00e7\u00e3o das jovens, por\u00e9m, logo ser\u00e1 amea\u00e7ada por Ferette, que v\u00ea a filha se despedindo da &#8220;amiga&#8221; na porta de casa e, como n\u00e3o gosta da aproxima\u00e7\u00e3o dela com uma policial, passa a investigar Juquinha.<\/p>\n<p>continua depois da publicidade<\/p>\n<p>A cena est\u00e1 prevista para ir ao ar em meados de dezembro.<\/p>\n<p>O\u00a0<strong>NaTelinha<\/strong>\u00a0divulga todos os dias os\u00a0<a href=\"https:\/\/natelinha.uol.com.br\/novelas\" rel=\"nofollow noopener\" target=\"_blank\">resumos dos cap\u00edtulos<\/a>, detalhes dos personagens, entrevistas exclusivas com o elenco e spoiler da novela Tr\u00eas Gra\u00e7as.\u00a0<\/p>\n<p><strong>Assista ao\u00a0v\u00eddeo de abertura da novela das\u00a0nove:\u00a0 \u00a0<\/strong><\/p>\n<p><strong><\/p>\n<p>                                <img decoding=\"async\" loading=\"lazy\" class=\"horizontal\" alt=\"Imagem da thumbnail do v\u00eddeo!\" src=\"https:\/\/www.europesays.com\/pt\/wp-content\/uploads\/2025\/10\/1761295702_715_hqdefault.jpg\" namorada=\"\"\/><\/p>\n<p>                            <\/strong><\/p>\n","protected":false},"excerpt":{"rendered":"Nos pr\u00f3ximos cap\u00edtulos de Tr\u00eas Gra\u00e7as, o clima entre Juquinha (Gabriela Medvedovisky) e Lorena (Alanis Guillen) esquenta e&hellip;\n","protected":false},"author":2,"featured_media":169271,"comment_status":"","ping_status":"","sticky":false,"template":"","format":"standard","meta":{"footnotes":""},"categories":[142],"tags":[114,115,35480,35481,32,33,4376,151],"class_list":{"0":"post-169270","1":"post","2":"type-post","3":"status-publish","4":"format-standard","5":"has-post-thumbnail","7":"category-tv","8":"tag-entertainment","9":"tag-entretenimento","10":"tag-juquinha-tres-gracas","11":"tag-lorena-tres-gracas","12":"tag-portugal","13":"tag-pt","14":"tag-tres-gracas","15":"tag-tv"},"share_on_mastodon":{"url":"https:\/\/pubeurope.com\/@pt\/115632801520337225","error":""},"_links":{"self":[{"href":"https:\/\/www.europesays.com\/pt\/wp-json\/wp\/v2\/posts\/169270","targetHints":{"allow":["GET"]}}],"collection":[{"href":"https:\/\/www.europesays.com\/pt\/wp-json\/wp\/v2\/posts"}],"about":[{"href":"https:\/\/www.europesays.com\/pt\/wp-json\/wp\/v2\/types\/post"}],"author":[{"embeddable":true,"href":"https:\/\/www.europesays.com\/pt\/wp-json\/wp\/v2\/users\/2"}],"replies":[{"embeddable":true,"href":"https:\/\/www.europesays.com\/pt\/wp-json\/wp\/v2\/comments?post=169270"}],"version-history":[{"count":0,"href":"https:\/\/www.europesays.com\/pt\/wp-json\/wp\/v2\/posts\/169270\/revisions"}],"wp:featuredmedia":[{"embeddable":true,"href":"https:\/\/www.europesays.com\/pt\/wp-json\/wp\/v2\/media\/169271"}],"wp:attachment":[{"href":"https:\/\/www.europesays.com\/pt\/wp-json\/wp\/v2\/media?parent=169270"}],"wp:term":[{"taxonomy":"category","embeddable":true,"href":"https:\/\/www.europesays.com\/pt\/wp-json\/wp\/v2\/categories?post=169270"},{"taxonomy":"post_tag","embeddable":true,"href":"https:\/\/www.europesays.com\/pt\/wp-json\/wp\/v2\/tags?post=169270"}],"curies":[{"name":"wp","href":"https:\/\/api.w.org\/{rel}","templated":true}]}}