{"id":169278,"date":"2025-11-29T11:46:26","date_gmt":"2025-11-29T11:46:26","guid":{"rendered":"https:\/\/www.europesays.com\/pt\/169278\/"},"modified":"2025-11-29T11:46:26","modified_gmt":"2025-11-29T11:46:26","slug":"adocao-do-windows-11-continua-mais-lenta-do-que-a-do-windows-10","status":"publish","type":"post","link":"https:\/\/www.europesays.com\/pt\/169278\/","title":{"rendered":"Ado\u00e7\u00e3o do Windows 11 continua mais lenta do que a do Windows 10"},"content":{"rendered":"<p>&#8211; Publicidade &#8211;<\/p>\n<p><strong>A<\/strong> <strong>Dell afirma que apesar do fim do suporte ao Windows 10 os utilizadores e empresas demonstram pouca urg\u00eancia em atualizar os seus computadores.<\/strong><\/p>\n<p>Apesar de o suporte oficial ao <strong>Windows 10<\/strong> ter terminado em outubro, a t\u00e3o esperada migra\u00e7\u00e3o em massa para o <strong>Windows 11<\/strong> est\u00e1 longe de se concretizar. A <strong>Dell<\/strong>, <a href=\"https:\/\/investors.delltechnologies.com\/news-releases\/news-release-details\/dell-technologies-delivers-third-quarter-fiscal-2026-financial\" target=\"_blank\" data-type=\"link\" data-id=\"https:\/\/investors.delltechnologies.com\/news-releases\/news-release-details\/dell-technologies-delivers-third-quarter-fiscal-2026-financial\" rel=\"noreferrer noopener external nofollow\" data-wpel-link=\"external\">durante a apresenta\u00e7\u00e3o<\/a> dos seus recentes resultados financeiros, deixou claro que a transi\u00e7\u00e3o para o novo sistema operativo da <strong>Microsoft<\/strong> est\u00e1 consideravelmente atrasada face a ciclos anteriores. De acordo com <strong>Jeffrey Clarke<\/strong>, diretor de opera\u00e7\u00f5es da empresa, a ado\u00e7\u00e3o do Windows 11 encontra-se entre 10 a 12 pontos percentuais abaixo do que seria habitual nesta fase do ciclo de vida de um sistema operativo.<\/p>\n<p>Esta resist\u00eancia \u00e9 particularmente marcante tendo em conta as circunst\u00e2ncias. Cerca de 500 milh\u00f5es de PCs atualmente em uso n\u00e3o cumprem os requisitos m\u00ednimos de hardware para instalar o <a href=\"https:\/\/echoboomer.pt\/windows-11-atualizacoes-aplicacoes-definicoes\/\" data-type=\"link\" data-id=\"https:\/\/echoboomer.pt\/windows-11-atualizacoes-aplicacoes-definicoes\/\" data-wpel-link=\"internal\" target=\"_self\" rel=\"follow nofollow noopener\">Windows 11<\/a>, o que, \u00e0 partida, deveria desencadear uma renova\u00e7\u00e3o significativa dos computadores a n\u00edvel global. No entanto, esse comportamento n\u00e3o se est\u00e1 a concretizar. A Dell prev\u00ea que as vendas de computadores se mantenham praticamente est\u00e1veis, um sinal de que os utilizadores n\u00e3o sentem urg\u00eancia em adquirir novos equipamentos apenas para ter acesso \u00e0 vers\u00e3o mais recente do Windows.<\/p>\n<p>Isto acontece num momento em que a Microsoft tenta, de forma insistente, corrigir os problemas de estabilidade e desempenho do seu sistema operativo e tornar ferramentas inteligentes intrusivas parte da experi\u00eancia de utiliza\u00e7\u00e3o do mesmo. Situa\u00e7\u00f5es que para al\u00e9m de insuficientes para impulsionar uma renova\u00e7\u00e3o em grande escala, <a href=\"https:\/\/www.pcmag.com\/news\/microsoft-exec-asks-why-arent-more-people-impressed-with-ai\" target=\"_blank\" rel=\"noreferrer noopener external nofollow\" class=\"broken_link\" data-wpel-link=\"external\">tamb\u00e9m demonstram resist\u00eancia por parte dos utilizadores<\/a>. <\/p>\n","protected":false},"excerpt":{"rendered":"&#8211; Publicidade &#8211; A Dell afirma que apesar do fim do suporte ao Windows 10 os utilizadores e&hellip;\n","protected":false},"author":2,"featured_media":169279,"comment_status":"","ping_status":"","sticky":false,"template":"","format":"standard","meta":{"footnotes":""},"categories":[84],"tags":[109,107,108,32,33,105,103,104,106,110],"class_list":{"0":"post-169278","1":"post","2":"type-post","3":"status-publish","4":"format-standard","5":"has-post-thumbnail","7":"category-ciencia-e-tecnologia","8":"tag-ciencia","9":"tag-ciencia-e-tecnologia","10":"tag-cienciaetecnologia","11":"tag-portugal","12":"tag-pt","13":"tag-science","14":"tag-science-and-technology","15":"tag-scienceandtechnology","16":"tag-technology","17":"tag-tecnologia"},"share_on_mastodon":{"url":"https:\/\/pubeurope.com\/@pt\/115632824963004794","error":""},"_links":{"self":[{"href":"https:\/\/www.europesays.com\/pt\/wp-json\/wp\/v2\/posts\/169278","targetHints":{"allow":["GET"]}}],"collection":[{"href":"https:\/\/www.europesays.com\/pt\/wp-json\/wp\/v2\/posts"}],"about":[{"href":"https:\/\/www.europesays.com\/pt\/wp-json\/wp\/v2\/types\/post"}],"author":[{"embeddable":true,"href":"https:\/\/www.europesays.com\/pt\/wp-json\/wp\/v2\/users\/2"}],"replies":[{"embeddable":true,"href":"https:\/\/www.europesays.com\/pt\/wp-json\/wp\/v2\/comments?post=169278"}],"version-history":[{"count":0,"href":"https:\/\/www.europesays.com\/pt\/wp-json\/wp\/v2\/posts\/169278\/revisions"}],"wp:featuredmedia":[{"embeddable":true,"href":"https:\/\/www.europesays.com\/pt\/wp-json\/wp\/v2\/media\/169279"}],"wp:attachment":[{"href":"https:\/\/www.europesays.com\/pt\/wp-json\/wp\/v2\/media?parent=169278"}],"wp:term":[{"taxonomy":"category","embeddable":true,"href":"https:\/\/www.europesays.com\/pt\/wp-json\/wp\/v2\/categories?post=169278"},{"taxonomy":"post_tag","embeddable":true,"href":"https:\/\/www.europesays.com\/pt\/wp-json\/wp\/v2\/tags?post=169278"}],"curies":[{"name":"wp","href":"https:\/\/api.w.org\/{rel}","templated":true}]}}