{"id":169298,"date":"2025-11-29T12:06:17","date_gmt":"2025-11-29T12:06:17","guid":{"rendered":"https:\/\/www.europesays.com\/pt\/169298\/"},"modified":"2025-11-29T12:06:17","modified_gmt":"2025-11-29T12:06:17","slug":"saiba-quem-e-daniel-cady-ex-marido-de-ivete-sangalo-r7-entretenimento","status":"publish","type":"post","link":"https:\/\/www.europesays.com\/pt\/169298\/","title":{"rendered":"Saiba quem \u00e9 Daniel Cady, ex-marido de Ivete Sangalo \u2013 R7 Entretenimento"},"content":{"rendered":"<p>LEIA AQUI O RESUMO DA NOT\u00cdCIA<\/p>\n<ul class=\"b-article-body-custom-embed-brief-news__list\" style=\"margin: 0; padding-left: 20px; list-style-type: disc;\">\n<li>Ivete Sangalo e Daniel Cady anunciam o fim do relacionamento ap\u00f3s 17 anos juntos.<\/li>\n<li>O casal tem tr\u00eas filhos: Marcelo, de 16 anos, e as g\u00eameas Marina e Helena, de 7.<\/li>\n<li>Daniel, nutricionista de 40 anos, produz conte\u00fado sobre sa\u00fade e bem-estar nas redes sociais.<\/li>\n<li>O t\u00e9rmino foi decidido de forma madura, com \u00eanfase na preserva\u00e7\u00e3o do afeto e bem-estar dos filhos.<\/li>\n<\/ul>\n<p style=\"font-size: 0.8em; font-style: italic; text-align: right; margin-top: 15px; padding-bottom: 5px; margin-bottom: 0;\">Produzido pela Ri7a &#8211; a Intelig\u00eancia Artificial do R7<\/p>\n<p><img decoding=\"async\" data-chromatic=\"ignore\" alt=\"\" class=\"c-image\" loading=\"lazy\" src=\"https:\/\/www.europesays.com\/pt\/wp-content\/uploads\/2025\/11\/CTUWB2ZROVG2BEGUBVYLC5XZHA.jpeg\"  width=\"1170\" height=\"783\"\/>Cady se formou em nutri\u00e7\u00e3o na Universidade Federal da Bahia  Reprodu\u00e7\u00e3o\/Instagram\/@danielcady <\/p>\n<p class=\"jarvics:base-text-neutral-high-400 base-text-[calc(theme(fontSize.xs)_*_var(--font-size,_1))] base-font-normal base-font-primary base-text-neutral-low-500 base-text-left\">Ivete Sangalo e Daniel Cady <a href=\"https:\/\/entretenimento.r7.com\/famosos-e-tv\/ivete-sangalo-anuncia-fim-do-casamento-com-daniel-cady-decisao-mais-coerente-27112025\/\" target=\"_self\" rel=\"nofollow noopener\" title=\"https:\/\/entretenimento.r7.com\/famosos-e-tv\/ivete-sangalo-anuncia-fim-do-casamento-com-daniel-cady-decisao-mais-coerente-27112025\/\">anunciaram o fim do relacionamento<\/a> nesta quinta-feira (27), por meio de um comunicado conjunto nas <a href=\"https:\/\/entretenimento.r7.com\/prisma\/fabiola-reipert\/apos-anuncio-de-fim-do-casamento-fas-resgatam-video-de-ivete-dizendo-que-merece-ser-feliz-28112025\/\" target=\"_self\" rel=\"nofollow noopener\" title=\"https:\/\/entretenimento.r7.com\/prisma\/fabiola-reipert\/apos-anuncio-de-fim-do-casamento-fas-resgatam-video-de-ivete-dizendo-que-merece-ser-feliz-28112025\/\">redes sociais<\/a>. A not\u00edcia chocou os f\u00e3s, que acompanhavam o casal h\u00e1 17 anos.<\/p>\n<p class=\"jarvics:base-text-neutral-high-400 base-text-[calc(theme(fontSize.xs)_*_var(--font-size,_1))] base-font-normal base-font-primary base-text-neutral-low-500 base-text-left\">O nutricionista e a cantora t\u00eam <a href=\"https:\/\/entretenimento.r7.com\/famosos-e-tv\/filho-de-ivete-sangalo-e-daniel-cady-reage-ao-anuncio-de-separacao-27112025\/\" target=\"_self\" rel=\"nofollow noopener\" title=\"https:\/\/entretenimento.r7.com\/famosos-e-tv\/filho-de-ivete-sangalo-e-daniel-cady-reage-ao-anuncio-de-separacao-27112025\/\">tr\u00eas filhos<\/a>: Marcelo, de 16 anos, e as g\u00eameas Marina e Helena, de 7.<\/p>\n<p class=\"jarvics:base-text-neutral-high-400 base-text-[calc(theme(fontSize.xs)_*_var(--font-size,_1))] base-font-normal base-font-primary base-text-neutral-low-500 base-text-left\">Natural de Salvador, Daniel tem 40 anos, 13 a menos que Ivete. Ele estudou nutri\u00e7\u00e3o na Universidade Federal da Bahia e, atualmente, produz conte\u00fado sobre alimenta\u00e7\u00e3o e sa\u00fade para as redes sociais, onde acumula mais de 2,5 milh\u00f5es de seguidores.<\/p>\n<p class=\"jarvics:base-text-neutral-high-400 base-text-[calc(theme(fontSize.xs)_*_var(--font-size,_1))] base-font-normal base-font-primary base-text-neutral-low-500 base-text-left\">Em seu perfil, ele promove h\u00e1bitos voltados ao bem-estar e rotina saud\u00e1vel. Apesar de n\u00e3o ser t\u00e3o ativo no mundo dos famosos, Daniel j\u00e1 esteve envolvido em pol\u00eamicas com a influenciadora Ma\u00edra Cardi, quando disse que a mulher fazia \u201cterrorismo nutricional\u201d.<\/p>\n<p class=\"jarvics:base-text-neutral-high-400 base-text-[calc(theme(fontSize.xs)_*_var(--font-size,_1))] base-font-normal base-font-primary base-text-neutral-low-500 base-text-left\">Daniel e Ma\u00edra chegaram a trocar algumas farpas na internet, principalmente por terem abordagens de trabalho diferentes. \u201cO terrorismo nutricional est\u00e1 cada dia mais presente aqui na internet, dentro de casa, nas cl\u00ednicas e consult\u00f3rios. Para muitas pessoas, o comer virou algo estressante e carregado de culpa, uma rela\u00e7\u00e3o de amor e \u00f3dio com a comida\u201d, disse ele na ocasi\u00e3o.<\/p>\n<p class=\"jarvics:base-text-neutral-high-400 base-text-[calc(theme(fontSize.xs)_*_var(--font-size,_1))] base-font-normal base-font-primary base-text-neutral-low-500 base-text-left\">Na semana passada, o baiano se envolveu em mais uma pol\u00eamica, desta vez envolvendo o cantor Shawn Mendes. \u201cTem gringo amando passear por Salvador, mas talvez esteja passando tempo demais na casa dos outros\u201d, escreveu na legenda de uma publicidade. A internet logo interpretou que a frase seria uma refer\u00eancia ao canadense, que estava hospedado na casa de Ivete.<\/p>\n<p><video controls=\"\" class=\"video-js\" preload=\"metadata\" poster=\"https:\/\/d22yf0mxeu0gma.cloudfront.net\/11-13-2025\/t_c45e53f39f9541d1a0a2bd6f6b32117b_name_shawn_mendes_ivete.jpeg\" title=\"Shawn Mendes vira &#x2018;filho&#x2019; de Ivete Sangalo e curte Salvador (BA) com a cantora\" data-sprite-url=\"\" data-metadata=\"{&quot;title&quot;:&quot;Shawn Mendes vira &#x2018;filho&#x2019; de Ivete Sangalo e curte Salvador (BA) com a cantora&quot;,&quot;sectionName&quot;:&quot;R7&quot;,&quot;mainSection&quot;:&quot;Famosos e TV&quot;,&quot;subSection&quot;:&quot;&quot;,&quot;views&quot;:&quot;&quot;,&quot;disableAdv&quot;:&quot;false&quot;,&quot;createdDate&quot;:&quot;2025-11-13T20:44:02Z&quot;,&quot;mainSectionUrl&quot;:&quot;https:\/\/entretenimento.r7.com\/prisma\/fabiola-reipert\/video\/shawn-mendes-vira-filho-de-ivete-sangalo-e-curte-salvador-ba-com-a-cantora-13112025\/&quot;,&quot;sectionPath&quot;:&quot;https:\/\/entretenimento.r7.com\/prisma\/fabiola-reipert&quot;,&quot;ageRating&quot;:&quot;&quot;,&quot;ageRatingDescription&quot;:&quot;&quot;,&quot;duration&quot;:138346,&quot;playerUrl&quot;:&quot;https:\/\/entretenimento.r7.com\/player\/e472c1fe-d7aa-4d27-ab2b-710f437ee54e\/&quot;}\" data-player-params=\"{&quot;p&quot;:&quot;true&quot;,&quot;autoPlay&quot;:&quot;false&quot;,&quot;logo&quot;:&quot;true&quot;,&quot;playlistId&quot;:&quot;false&quot;,&quot;calhau&quot;:&quot;false&quot;,&quot;share&quot;:&quot;true&quot;,&quot;sz&quot;:&quot;false&quot;,&quot;full&quot;:&quot;true&quot;,&quot;customAdHash&quot;:&quot;\/7542\/R7entretenimento\/famosostv&quot;,&quot;referrerUrl&quot;:&quot;&quot;,&quot;externalLinks&quot;:&quot;true&quot;,&quot;debug&quot;:&quot;false&quot;,&quot;debugHash&quot;:&quot;false&quot;,&quot;debugRelated&quot;:&quot;false&quot;,&quot;timerRelated&quot;:&quot;true&quot;,&quot;logoRecord&quot;:&quot;false&quot;,&quot;contextModal&quot;:&quot;false&quot;,&quot;parentUrl&quot;:&quot;https:\/\/record.r7.com\/&quot;,&quot;t&quot;:&quot;0&quot;,&quot;noTitle&quot;:false,&quot;endBehavior&quot;:&quot;default&quot;}\" data-related-videos=\"[{&quot;title&quot;:&quot;Paula Fernandes lan&#xE7;a vers&#xE3;o em portugu&#xEA;s de m&#xFA;sica de Adele; ou&#xE7;a&quot;,&quot;thumb&quot;:&quot;https:\/\/d22yf0mxeu0gma.cloudfront.net\/11-28-2025\/t_64d12400540642ae955e8d514546acfc_name_Paula_Fernandes.jpg&quot;,&quot;url&quot;:&quot;https:\/\/entretenimento.r7.com\/prisma\/fabiola-reipert\/video\/paula-fernandes-lanca-versao-em-portugues-de-musica-de-adele-ouca-28112025\/&quot;,&quot;embedUrl&quot;:&quot;https:\/\/entretenimento.r7.com\/player\/f4b4a0c2-9e96-4458-ab30-b70613238757\/&quot;},{&quot;title&quot;:&quot;Z&#xE9; Neto fala sobre risco de terminar amizade com Cristiano: 'A gente para de cantar'&quot;,&quot;thumb&quot;:&quot;https:\/\/d22yf0mxeu0gma.cloudfront.net\/11-28-2025\/t_ad68d368e3464f69a1676e81d356c45e_name_Z__Neto_E_Cristiano.jpg&quot;,&quot;url&quot;:&quot;https:\/\/entretenimento.r7.com\/prisma\/fabiola-reipert\/video\/ze-neto-fala-sobre-risco-de-terminar-amizade-com-cristiano-a-gente-para-de-cantar-28112025\/&quot;,&quot;embedUrl&quot;:&quot;https:\/\/entretenimento.r7.com\/player\/64666e4a-bfed-425c-aef4-9149b567e4f3\/&quot;},{&quot;title&quot;:&quot;Assista &#xE0; &#xED;ntegra de A Hora da Venenosa desta sexta (28)&quot;,&quot;thumb&quot;:&quot;https:\/\/d22yf0mxeu0gma.cloudfront.net\/11-28-2025\/t_8e251078eb204094ac6b4a505c781753_name_file_960x540_1600_v4_.jpg&quot;,&quot;url&quot;:&quot;https:\/\/record.r7.com\/balanco-geral\/hora-da-venenosa\/video\/assista-a-integra-de-a-hora-da-venenosa-desta-sexta-28-28112025\/&quot;,&quot;embedUrl&quot;:&quot;https:\/\/record.r7.com\/player\/c7529308-5627-49e6-a634-fbf5e1d141be\/&quot;}]\" data-player-url=\"https:\/\/entretenimento.r7.com\/player\/e472c1fe-d7aa-4d27-ab2b-710f437ee54e\/\" data-arc-video=\"\" data-arc-id=\"e472c1fe-d7aa-4d27-ab2b-710f437ee54e\" data-short=\"false\" style=\"visibility:hidden\"><\/video><\/p>\n<p class=\"jarvics:base-text-neutral-high-400 base-text-[calc(theme(fontSize.xs)_*_var(--font-size,_1))] base-font-normal base-font-primary base-text-neutral-low-500 base-text-left\">Ivete e Daniel come\u00e7aram a namorar em 2008 e, um ano depois, tiveram o primeiro filho, Marcelo. Em 2011, oficializaram a uni\u00e3o em uma cerim\u00f4nia intimista. J\u00e1 em 2018, ganharam as g\u00eameas. O casal frequentemente fazia declara\u00e7\u00f5es p\u00fablicas. <\/p>\n<p class=\"jarvics:base-text-neutral-high-400 base-text-[calc(theme(fontSize.xs)_*_var(--font-size,_1))] base-font-normal base-font-primary base-text-neutral-low-500 base-text-left\">Em junho do ano passado, a cantora compartilhou uma homenagem ao nutricionista, celebrando os 16 anos juntos. Na publica\u00e7\u00e3o, ela conta que o romance come\u00e7ou em uma festa junina.<\/p>\n<p class=\"jarvics:base-text-neutral-high-400 base-text-[calc(theme(fontSize.xs)_*_var(--font-size,_1))] base-font-normal base-font-primary base-text-neutral-low-500 base-text-left\">Ainda n\u00e3o se sabe o motivo do t\u00e9rmino. Em comunicado, a dupla disse que decidiu encerrar a rela\u00e7\u00e3o de forma conjunta e madura, em respeito \u00e0 fam\u00edlia que constru\u00edram. Eles tamb\u00e9m informaram que o processo de div\u00f3rcio est\u00e1 sendo conduzido com di\u00e1logo e cuidado.<\/p>\n<p class=\"jarvics:base-text-neutral-high-400 base-text-[calc(theme(fontSize.xs)_*_var(--font-size,_1))] base-font-normal base-font-primary base-text-neutral-low-500 base-text-left\">\u201cTemos uma trajet\u00f3ria que nos orgulha, de muito amor, seguiremos sempre sendo uma fam\u00edlia. Precisamos de respeito com esse momento. Pedimos privacidade para atravessar essa transi\u00e7\u00e3o da maneira mais serena poss\u00edvel. Seguimos unidos no que realmente importa: preservar nosso afeto e o bem-estar dos nossos filhos\u201d, escreveram.<\/p>\n<p class=\"jarvics:base-text-neutral-high-400 base-text-[calc(theme(fontSize.xs)_*_var(--font-size,_1))] base-font-normal base-font-primary base-text-neutral-low-500 base-text-left\"><b>Para saber tudo do mundo dos famosos, <\/b><a href=\"https:\/\/whatsapp.com\/channel\/0029Va9UfKcHQbRyCyhPt71R\" rel=\"nofollow noopener\" target=\"_blank\"><b>siga o canal de entretenimento do R7<\/b><\/a><b>, o portal de not\u00edcias da RECORD, no WhatsApp<\/b><\/p>\n","protected":false},"excerpt":{"rendered":"LEIA AQUI O RESUMO DA NOT\u00cdCIA Ivete Sangalo e Daniel Cady anunciam o fim do relacionamento ap\u00f3s 17&hellip;\n","protected":false},"author":2,"featured_media":169299,"comment_status":"","ping_status":"","sticky":false,"template":"","format":"standard","meta":{"footnotes":""},"categories":[145],"tags":[211,210,114,115,3034,9290,150,32,33],"class_list":{"0":"post-169298","1":"post","2":"type-post","3":"status-publish","4":"format-standard","5":"has-post-thumbnail","7":"category-celebridades","8":"tag-celebridades","9":"tag-celebrities","10":"tag-entertainment","11":"tag-entretenimento","12":"tag-famosos-e-celebridades","13":"tag-ivete-sangalo","14":"tag-musica","15":"tag-portugal","16":"tag-pt"},"share_on_mastodon":{"url":"https:\/\/pubeurope.com\/@pt\/115632903756171230","error":""},"_links":{"self":[{"href":"https:\/\/www.europesays.com\/pt\/wp-json\/wp\/v2\/posts\/169298","targetHints":{"allow":["GET"]}}],"collection":[{"href":"https:\/\/www.europesays.com\/pt\/wp-json\/wp\/v2\/posts"}],"about":[{"href":"https:\/\/www.europesays.com\/pt\/wp-json\/wp\/v2\/types\/post"}],"author":[{"embeddable":true,"href":"https:\/\/www.europesays.com\/pt\/wp-json\/wp\/v2\/users\/2"}],"replies":[{"embeddable":true,"href":"https:\/\/www.europesays.com\/pt\/wp-json\/wp\/v2\/comments?post=169298"}],"version-history":[{"count":0,"href":"https:\/\/www.europesays.com\/pt\/wp-json\/wp\/v2\/posts\/169298\/revisions"}],"wp:featuredmedia":[{"embeddable":true,"href":"https:\/\/www.europesays.com\/pt\/wp-json\/wp\/v2\/media\/169299"}],"wp:attachment":[{"href":"https:\/\/www.europesays.com\/pt\/wp-json\/wp\/v2\/media?parent=169298"}],"wp:term":[{"taxonomy":"category","embeddable":true,"href":"https:\/\/www.europesays.com\/pt\/wp-json\/wp\/v2\/categories?post=169298"},{"taxonomy":"post_tag","embeddable":true,"href":"https:\/\/www.europesays.com\/pt\/wp-json\/wp\/v2\/tags?post=169298"}],"curies":[{"name":"wp","href":"https:\/\/api.w.org\/{rel}","templated":true}]}}