{"id":16931,"date":"2025-08-05T11:10:15","date_gmt":"2025-08-05T11:10:15","guid":{"rendered":"https:\/\/www.europesays.com\/pt\/16931\/"},"modified":"2025-08-05T11:10:15","modified_gmt":"2025-08-05T11:10:15","slug":"spotify-aumenta-precos-em-todo-o-lado-como-fica-em-portugal","status":"publish","type":"post","link":"https:\/\/www.europesays.com\/pt\/16931\/","title":{"rendered":"Spotify aumenta pre\u00e7os em todo o lado! Como fica em Portugal?"},"content":{"rendered":"<p>Os pre\u00e7os dos planos do Spotify para o seu servi\u00e7o de streaming est\u00e3o constantemente a ser ajustados. Vai contra a vontade dos utilizadores, mas \u00e9 algo inevit\u00e1vel. Agora, a gigante do streaming volta a ajustar os valores dos seus planos e Portugal n\u00e3o parece ficar fora destas mudan\u00e7as, ainda que de forma diferente do que parece ser o novo normal.<\/p>\n<p><a target=\"_blank\" href=\"https:\/\/pplware.sapo.pt\/wp-content\/uploads\/2025\/08\/spotify_precos_agosto_2025_1.jpg\" onclick=\"refreshIframe()\" class=\"foobox\" rel=\"nofollow noopener\"><img fetchpriority=\"high\" decoding=\"async\" src=\"https:\/\/www.europesays.com\/pt\/wp-content\/uploads\/2025\/08\/spotify_precos_agosto_2025_1-1024x576.jpg\" alt=\"Spotify pre\u00e7os Portugal streaming planos\" width=\"720\" height=\"405\" class=\"aligncenter size-large wp-image-1071659\"  \/><\/a>\n<\/p>\n<p>Spotify est\u00e1 a aumentar os pre\u00e7os<\/p>\n<p>O Spotify est\u00e1 a aumentar os pre\u00e7os em v\u00e1rias regi\u00f5es do planeta, poucos dias ap\u00f3s ter divulgado resultados dececionantes. O Spotify <a target=\"_blank\" href=\"https:\/\/newsroom.spotify.com\/2025-08-04\/upcoming-changes-to-spotify-premium-subscriptions\/\" rel=\"nofollow noopener\">anunciou<\/a> nesta segunda-feira que os subscritores Premium na Europa, Sul da \u00c1sia, M\u00e9dio Oriente, \u00c1frica, Am\u00e9rica Latina e \u00c1sia-Pac\u00edfico ser\u00e3o notificados sobre as altera\u00e7\u00f5es de pre\u00e7os \u201cno pr\u00f3ximo m\u00eas\u201d. O e-mail de exemplo mostra um aumento mensal de 1\u20ac, de 10,99\u20ac para 11,99\u20ac num pa\u00eds n\u00e3o especificado.<\/p>\n<p>Infelizmente, o an\u00fancio do Spotify n\u00e3o menciona os pa\u00edses afetados. Uma verifica\u00e7\u00e3o pontual em v\u00e1rios pa\u00edses europeus, utilizando snapshots do Internet Archive de julho, mostra que j\u00e1 foram aplicados aumentos de 1\u20ac\/m\u00eas para novos clientes em Espanha, It\u00e1lia e outros. Os pa\u00edses europeus que aumentaram os pre\u00e7os das subscri\u00e7\u00f5es nos \u00faltimos meses, incluindo Fran\u00e7a, B\u00e9lgica, Luxemburgo e Pa\u00edses Baixos, n\u00e3o parecem ter sido afetados por novos aumentos.<\/p>\n<p><a target=\"_blank\" href=\"https:\/\/pplware.sapo.pt\/wp-content\/uploads\/2025\/08\/spotify_precos_agosto_2025_2.jpg\" onclick=\"refreshIframe()\" class=\"foobox\" rel=\"nofollow noopener\"><img loading=\"lazy\" decoding=\"async\" src=\"https:\/\/www.europesays.com\/pt\/wp-content\/uploads\/2025\/08\/spotify_precos_agosto_2025_2-1024x762.jpg\" alt=\"Spotify pre\u00e7os Portugal streaming\" width=\"720\" height=\"536\" class=\"aligncenter size-large wp-image-1071661\"  \/><\/a><\/p>\n<p>Como fica o streaming em Portugal?<\/p>\n<p>Olhando em concreto para os pre\u00e7os que v\u00e3o ser publicados em Portugal, fica claro que a empresa de streaming parece estar com planos mistos. Comparando com <a target=\"_blank\" href=\"https:\/\/web.archive.org\/web\/20250702234303\/https:\/\/www.spotify.com\/pt-pt\/premium\/\" rel=\"nofollow noopener\">o que estava em vigor<\/a> no m\u00eas passado, atrav\u00e9s de uma an\u00e1lise dos snapshots do Internet Archive de julho, h\u00e1 alguns onde o pre\u00e7o se mant\u00e9m e outros em que \u00e9 alterado.<\/p>\n<p>Assim, e com base nos pre\u00e7os <a target=\"_blank\" href=\"https:\/\/www.spotify.com\/pt-pt\/premium\/\" rel=\"nofollow noopener\">atualmente anunciados<\/a> em Portugal, o<strong> Plano Individual vai continuar a custar 7,99 \u20ac\/m\u00eas. <\/strong>Tamb\u00e9m o<strong> Plano Estudante continua a custar 4,49 \u20ac\/m\u00eas<\/strong>.<\/p>\n<p>As altera\u00e7\u00f5es em Portugal surgem depois. Os <strong>planos Duo e Fam\u00edlia 4 (aparentemente uma nova proposta) e Fam\u00edlia 6, que passam a custar 11,99 \u20ac\/m\u00eas, 15,49 \u20ac\/m\u00eas e 16,99 \u20ac\/m\u00eas<\/strong>, respetivamente.<\/p>\n<p><a target=\"_blank\" href=\"https:\/\/pplware.sapo.pt\/wp-content\/uploads\/2025\/08\/spotify_precos_agosto_2025_3.jpg\" onclick=\"refreshIframe()\" class=\"foobox\" rel=\"nofollow noopener\"><img loading=\"lazy\" decoding=\"async\" src=\"https:\/\/www.europesays.com\/pt\/wp-content\/uploads\/2025\/08\/spotify_precos_agosto_2025_3-1024x786.jpg\" alt=\"Spotify pre\u00e7os Portugal streaming\" width=\"720\" height=\"553\" class=\"aligncenter size-large wp-image-1071660\"  \/><\/a><\/p>\n<p>Um aumentos dos planos esperado ou n\u00e3o?<\/p>\n<p>O Spotify apresentou resultados positivos para o crescimento de subscritores pagos no seu relat\u00f3rio trimestral de resultados de 29 de julho. A previs\u00e3o de lucros do Spotify ficou abaixo das estimativas dos analistas. O pre\u00e7o das a\u00e7\u00f5es do Spotify caiu 11,5% no mesmo dia, reduzindo em 16 mil milh\u00f5es de d\u00f3lares o valor de mercado da empresa.<\/p>\n<p>Questionado sobre o porqu\u00ea de o Spotify n\u00e3o aumentar os pre\u00e7os com mais frequ\u00eancia, o CEO afirmou que a empresa de streaming dava prioridade \u00e0 reten\u00e7\u00e3o de subscritores a longo prazo. Isto em vez de ganhos de receitas a curto prazo. Estes novos aumentos de pre\u00e7os podem n\u00e3o responder diretamente a estas cr\u00edticas, uma vez que j\u00e1 se especulava em abril que previa aumentar os pre\u00e7os na Europa e Am\u00e9rica Latina no ver\u00e3o.<\/p>\n","protected":false},"excerpt":{"rendered":"Os pre\u00e7os dos planos do Spotify para o seu servi\u00e7o de streaming est\u00e3o constantemente a ser ajustados. Vai&hellip;\n","protected":false},"author":2,"featured_media":16932,"comment_status":"","ping_status":"","sticky":false,"template":"","format":"standard","meta":{"footnotes":""},"categories":[83],"tags":[88,89,90,6414,32,1503,33,4565,940],"class_list":{"0":"post-16931","1":"post","2":"type-post","3":"status-publish","4":"format-standard","5":"has-post-thumbnail","7":"category-empresas","8":"tag-business","9":"tag-economy","10":"tag-empresas","11":"tag-planos","12":"tag-portugal","13":"tag-precos","14":"tag-pt","15":"tag-spotify","16":"tag-streaming"},"share_on_mastodon":{"url":"","error":""},"_links":{"self":[{"href":"https:\/\/www.europesays.com\/pt\/wp-json\/wp\/v2\/posts\/16931","targetHints":{"allow":["GET"]}}],"collection":[{"href":"https:\/\/www.europesays.com\/pt\/wp-json\/wp\/v2\/posts"}],"about":[{"href":"https:\/\/www.europesays.com\/pt\/wp-json\/wp\/v2\/types\/post"}],"author":[{"embeddable":true,"href":"https:\/\/www.europesays.com\/pt\/wp-json\/wp\/v2\/users\/2"}],"replies":[{"embeddable":true,"href":"https:\/\/www.europesays.com\/pt\/wp-json\/wp\/v2\/comments?post=16931"}],"version-history":[{"count":0,"href":"https:\/\/www.europesays.com\/pt\/wp-json\/wp\/v2\/posts\/16931\/revisions"}],"wp:featuredmedia":[{"embeddable":true,"href":"https:\/\/www.europesays.com\/pt\/wp-json\/wp\/v2\/media\/16932"}],"wp:attachment":[{"href":"https:\/\/www.europesays.com\/pt\/wp-json\/wp\/v2\/media?parent=16931"}],"wp:term":[{"taxonomy":"category","embeddable":true,"href":"https:\/\/www.europesays.com\/pt\/wp-json\/wp\/v2\/categories?post=16931"},{"taxonomy":"post_tag","embeddable":true,"href":"https:\/\/www.europesays.com\/pt\/wp-json\/wp\/v2\/tags?post=16931"}],"curies":[{"name":"wp","href":"https:\/\/api.w.org\/{rel}","templated":true}]}}