{"id":169311,"date":"2025-11-29T12:25:09","date_gmt":"2025-11-29T12:25:09","guid":{"rendered":"https:\/\/www.europesays.com\/pt\/169311\/"},"modified":"2025-11-29T12:25:09","modified_gmt":"2025-11-29T12:25:09","slug":"cillian-murphy-e-perrengue-fashion-o-que-ver-no-sabado-28-11-2025-ilustrada","status":"publish","type":"post","link":"https:\/\/www.europesays.com\/pt\/169311\/","title":{"rendered":"Cillian Murphy e &#8216;Perrengue Fashion&#8217;: o que ver no s\u00e1bado &#8211; 28\/11\/2025 &#8211; Ilustrada"},"content":{"rendered":"<p><a href=\"https:\/\/f5.folha.uol.com.br\/celebridades\/2025\/10\/meu-maior-medo-e-ter-um-piripaque-de-saude-diz-ingrid-guimaraes.shtml\" rel=\"nofollow noopener\" target=\"\">Ingrid Guimar\u00e3es<\/a>, <a href=\"https:\/\/f5.folha.uol.com.br\/celebridades\/2025\/03\/de-ferias-filipe-braganca-curte-show-no-lollapalooza-muito-bem-acompanhado.shtml\" rel=\"nofollow noopener\" target=\"\">Filipe Bragan\u00e7a<\/a> e <a href=\"https:\/\/top-of-mind.folha.uol.com.br\/2025\/10\/dani-calabresa-e-rafa-chalub-animam-a-festa-da-35a-edicao-da-folha-top-of-mind.shtml\" rel=\"nofollow noopener\" target=\"\">Rafa Chalub<\/a> protagonizam &#8220;<a href=\"https:\/\/guia.folha.uol.com.br\/cinema\" rel=\"nofollow noopener\" target=\"\">Perrengue Fashion<\/a>&#8220;, com\u00e9dia sobre uma influenciadora de moda que \u00e9 convidada para estrelar, com o filho, a campanha de <a href=\"https:\/\/www1.folha.uol.com.br\/folha-topicos\/dia-das-maes\/\" rel=\"nofollow noopener\" target=\"\">Dia das M\u00e3es<\/a> de uma grande marca. Mas ele largou o curso que fazia nos Estados Unidos para se dedicar ao ativismo na regi\u00e3o da <a href=\"https:\/\/www1.folha.uol.com.br\/ambiente\/2025\/10\/amazonia-registra-3o-menor-desmatamento-da-historia.shtml\" rel=\"nofollow noopener\" target=\"\">Amaz\u00f4nia<\/a>. Determinada a resgatar o filho, ela parte para a floresta e entra num universo totalmente diferente do seu.<\/p>\n<p><strong>Onde ver<\/strong>: Prime Video, 14 anos<\/p>\n<p>O Freelancer: O Homem Por Tr\u00e1s da Foto<\/p>\n<p><strong>Onde ver<\/strong>: Netflix, 16 anos<\/p>\n<p>O document\u00e1rio investiga a hist\u00f3ria da foto que simboliza o horror da <a href=\"https:\/\/www1.folha.uol.com.br\/mundo\/2023\/01\/acordo-de-paris-que-encaminhou-fim-da-guerra-do-vietna-completa-50-anos.shtml\" rel=\"nofollow noopener\" target=\"\">Guerra do Vietn\u00e3<\/a>, a &#8220;<a href=\"https:\/\/www1.folha.uol.com.br\/ilustrada\/2025\/01\/fotografia-da-garota-do-napalm-pode-ter-sido-atribuida-ao-autor-errado.shtml\" rel=\"nofollow noopener\" target=\"\">garota napalm<\/a>&#8220;, sugerindo que seu verdadeiro autor n\u00e3o seja Nick \u00dat, da ag\u00eancia Associated Press, mas o fot\u00f3grafo vietnamita <a href=\"https:\/\/www1.folha.uol.com.br\/mundo\/2025\/05\/world-press-photo-poe-em-duvida-autoria-de-iconica-foto-da-guerra-do-vietna.shtml\" rel=\"nofollow noopener\" target=\"\">Nguyen Thanh Nghe<\/a>.<\/p>\n<p>Pequenas Coisas Como Estas<\/p>\n<p><strong>Onde ver<\/strong>: Reserva Imovision, 12 anos<\/p>\n<p>Protagonizado por <a href=\"https:\/\/www1.folha.uol.com.br\/ilustrada\/2025\/03\/em-pequenas-coisas-como-estas-ator-cillian-murphy-desafia-a-fe-e-a-indiferenca.shtml\" rel=\"nofollow noopener\" target=\"\">Cillian Murphy<\/a>, o filme \u00e9 um suspense que se passa na <a href=\"https:\/\/www1.folha.uol.com.br\/folha-topicos\/irlanda\/\" rel=\"nofollow noopener\" target=\"\">Irlanda <\/a>dos anos 1980 e mostra os horrores escondidos pelos conventos e as igrejas da \u00e9poca. Ele faz um comerciante de carv\u00e3o obrigado a confrontar o sil\u00eancio c\u00famplice da cidade inteira controlada pela Igreja.<\/p>\n<p>High Ground: Cerco Fechado<\/p>\n<p><strong>Onde ver<\/strong>: Paramount+, 16 anos<\/p>\n<p>Num vilarejo, o xerife Jake tem de enfrentar a f\u00faria de um cartel depois que um criminoso vai parar na sua cadeia. Com a ajuda do pai, um ex-xerife, e de uma jornalista, eles transformam o lugar numa fortaleza improvisada. O filme \u00e9 um faroeste moderno com <a href=\"https:\/\/www1.folha.uol.com.br\/ilustrissima\/2021\/03\/islamoesquerdismo-motiva-caca-as-bruxas-nas-universidades-francesas.shtml\" rel=\"nofollow noopener\" target=\"\">Charlie Weber<\/a> e <a href=\"https:\/\/www1.folha.uol.com.br\/ilustrada\/2025\/05\/em-plano-para-trump-jon-voight-propoe-teste-cultural-americano-para-filmes.shtml\" rel=\"nofollow noopener\" target=\"\">Jon Voight<\/a>.<\/p>\n<p>Uma Vida, A Hist\u00f3ria de Nicholas Winton<\/p>\n<p><strong>Onde ver<\/strong>: HBO Max e HBO, 22h, 12 anos<\/p>\n<p>O jovem brit\u00e2nico <a href=\"https:\/\/www1.folha.uol.com.br\/mundo\/2024\/01\/nicholas-winton-o-empresario-que-salvou-quase-700-criancas-judias-de-morrer-no-holocausto-com-retirada-em-trem-da-tchecoslovaquia.shtml\" rel=\"nofollow noopener\" target=\"\">Nicholas Winton<\/a> ficou conhecido como o &#8220;Schindler ingl\u00eas&#8221; por resgatar 669 crian\u00e7as dos nazistas \u00e0s v\u00e9speras da Segunda Guerra. D\u00e9cadas depois, assombrado por aquelas que n\u00e3o p\u00f4de salvar, ele encontra alguns dos sobreviventes agora adultos num programa de TV. Filme protagonizado pelo ator <a href=\"https:\/\/www1.folha.uol.com.br\/ilustrada\/2025\/11\/anthony-hopkins-conta-como-desafiou-pai-ficou-sobrio-e-encontrou-deus.shtml\" rel=\"nofollow noopener\" target=\"\">Anthony Hopkins<\/a>.<\/p>\n<p>Como Se Apaixonar no Natal<\/p>\n<p><strong>Onde ver<\/strong>: Lifetime, 22h, livre<\/p>\n<p>Neste romance, <a href=\"https:\/\/www1.folha.uol.com.br\/folha\/ilustrada\/ult90u58553.shtml\" rel=\"nofollow noopener\" target=\"\">Teri Hatcher<\/a> interpreta uma escritora bem-sucedida que se tornou CEO de uma marca e precisa escrever uma hist\u00f3ria sobre se apaixonar no Natal. Fic\u00e7\u00e3o e realidade se misturam quando ela conta com a ajuda de Jack, um fot\u00f3grafo galanteador.<\/p>\n<p>Os Enforcados<\/p>\n<p><strong>Onde ver<\/strong>: Telecine Premium, 22h, 18 anos<\/p>\n<p><a href=\"https:\/\/f5.folha.uol.com.br\/celebridades\/2025\/11\/leandra-leal-revela-que-pais-nao-tinham-relacionamento-amoroso-meu-pai-era-gay.shtml\" rel=\"nofollow noopener\" target=\"\">Leandra Leal<\/a> e <a href=\"https:\/\/f5.folha.uol.com.br\/televisao\/2025\/07\/irandhir-santos-destaca-complexidade-de-arduino-em-guerreiros-do-sol-e-humano.shtml\" rel=\"nofollow noopener\" target=\"\">Irandhir Santos<\/a> formam um casal da elite carioca que tenta evitar os neg\u00f3cios da fam\u00edlia dele, de bicheiros. Mas o casamento deles desmorona conforme a viol\u00eancia e as d\u00edvidas se multiplicam.<\/p>\n","protected":false},"excerpt":{"rendered":"Ingrid Guimar\u00e3es, Filipe Bragan\u00e7a e Rafa Chalub protagonizam &#8220;Perrengue Fashion&#8220;, com\u00e9dia sobre uma influenciadora de moda que \u00e9&hellip;\n","protected":false},"author":2,"featured_media":169312,"comment_status":"","ping_status":"","sticky":false,"template":"","format":"standard","meta":{"footnotes":""},"categories":[145],"tags":[7540,1244,211,210,13516,470,767,114,115,236,1630,21919,5551,7243,1623,13890,716,6712,32,33,28420,941,940,1624,218,16789],"class_list":{"0":"post-169311","1":"post","2":"type-post","3":"status-publish","4":"format-standard","5":"has-post-thumbnail","7":"category-celebridades","8":"tag-anthony-hopkins","9":"tag-ator","10":"tag-celebridades","11":"tag-celebrities","12":"tag-cillian-murphy","13":"tag-cinema","14":"tag-comedia","15":"tag-entertainment","16":"tag-entretenimento","17":"tag-folha","18":"tag-imovision","19":"tag-ingrid-guimaraes","20":"tag-irandhir-santos","21":"tag-leandra-leal","22":"tag-multitela","23":"tag-nazismo","24":"tag-netflix","25":"tag-paramount-plus","26":"tag-portugal","27":"tag-pt","28":"tag-segunda-guerra","29":"tag-series","30":"tag-streaming","31":"tag-telecine","32":"tag-televisao","33":"tag-vietna"},"share_on_mastodon":{"url":"https:\/\/pubeurope.com\/@pt\/115632978114414448","error":""},"_links":{"self":[{"href":"https:\/\/www.europesays.com\/pt\/wp-json\/wp\/v2\/posts\/169311","targetHints":{"allow":["GET"]}}],"collection":[{"href":"https:\/\/www.europesays.com\/pt\/wp-json\/wp\/v2\/posts"}],"about":[{"href":"https:\/\/www.europesays.com\/pt\/wp-json\/wp\/v2\/types\/post"}],"author":[{"embeddable":true,"href":"https:\/\/www.europesays.com\/pt\/wp-json\/wp\/v2\/users\/2"}],"replies":[{"embeddable":true,"href":"https:\/\/www.europesays.com\/pt\/wp-json\/wp\/v2\/comments?post=169311"}],"version-history":[{"count":0,"href":"https:\/\/www.europesays.com\/pt\/wp-json\/wp\/v2\/posts\/169311\/revisions"}],"wp:featuredmedia":[{"embeddable":true,"href":"https:\/\/www.europesays.com\/pt\/wp-json\/wp\/v2\/media\/169312"}],"wp:attachment":[{"href":"https:\/\/www.europesays.com\/pt\/wp-json\/wp\/v2\/media?parent=169311"}],"wp:term":[{"taxonomy":"category","embeddable":true,"href":"https:\/\/www.europesays.com\/pt\/wp-json\/wp\/v2\/categories?post=169311"},{"taxonomy":"post_tag","embeddable":true,"href":"https:\/\/www.europesays.com\/pt\/wp-json\/wp\/v2\/tags?post=169311"}],"curies":[{"name":"wp","href":"https:\/\/api.w.org\/{rel}","templated":true}]}}