{"id":169326,"date":"2025-11-29T12:42:09","date_gmt":"2025-11-29T12:42:09","guid":{"rendered":"https:\/\/www.europesays.com\/pt\/169326\/"},"modified":"2025-11-29T12:42:09","modified_gmt":"2025-11-29T12:42:09","slug":"fiquei-chocado-e-ate-abriu-as-portas-de-casa","status":"publish","type":"post","link":"https:\/\/www.europesays.com\/pt\/169326\/","title":{"rendered":"\u2018Fiquei chocado\u2019 e at\u00e9 abriu as portas de casa!"},"content":{"rendered":"<p>Atento ao <a href=\"https:\/\/tvi.iol.pt\/secretstory\" rel=\"nofollow noopener\" target=\"_blank\">Secret Story<\/a>, Bruno Sim\u00e3o quebra o sil\u00eancio ap\u00f3s desistir do reality: \u2018Fiquei chocado\u2019 e at\u00e9 abriu as portas de casa!, disse.<\/p>\n<p>Ex-concorrente esclarece tens\u00f5es ap\u00f3s abandonar o jogo<\/p>\n<p>Depois de desistir da Casa dos Segredos, Bruno Sim\u00e3o tem aproveitado os \u00faltimos dias para esclarecer v\u00e1rios epis\u00f3dios que marcaram a sua passagem pelo reality show. Numa sess\u00e3o de perguntas e respostas nas redes sociais, o ex-concorrente falou abertamente sobre a tens\u00e3o que viveu com Pedro Jorge.<\/p>\n<p>\u201cComportamentos incorretos\u201d: Bruno explica conflito com Pedro Jorge<\/p>\n<p>Bruno n\u00e3o fugiu ao tema e assumiu que sentiu algumas atitudes menos positivas por parte do colega. Assim, partilhou:<br \/><strong>\u201cAcho que \u00e9 um bom menino, mas que, relativamente \u00e0 minha pessoa e levado pelos ci\u00fames, acabou por ter v\u00e1rios comportamentos incorretos para comigo\u201d.<\/strong><\/p>\n<p>Apesar das diverg\u00eancias, fez quest\u00e3o de deixar claro que n\u00e3o guarda m\u00e1goas:<br \/><strong>\u201cNo entanto n\u00e3o guardo rancor e quero conhec\u00ea-lo c\u00e1 fora, pois acredito no bom cora\u00e7\u00e3o que tem\u201d.<\/strong><\/p>\n<p>Revela\u00e7\u00e3o do segredo surpreendeu Bruno<\/p>\n<p>Entretanto, Bruno tamb\u00e9m comentou a revela\u00e7\u00e3o do segredo de Pedro Jorge e Marisa, admitindo que n\u00e3o esperava a revela\u00e7\u00e3o:<br \/><strong>\u201cSim, chocado mesmo, at\u00e9 por algumas situa\u00e7\u00f5es que se passaram l\u00e1 dentro. Acho que s\u00e3o os dois grandes jogadores\u201d.<\/strong><\/p>\n<p>A afirma\u00e7\u00e3o mostra que, apesar dos conflitos, Bruno reconhece o desempenho estrat\u00e9gico do casal dentro da competi\u00e7\u00e3o.<\/p>\n<p>Gesto inesperado de generosidade<\/p>\n<p>Por fim, o ex-concorrente revelou um gesto que poucos conheciam. Demonstrando que o jogo terminou \u00e0 porta da casa, confidenciou:<br \/><strong>\u201cClaro que sim [quero conhecer] e desde o in\u00edcio gostei dos dois e, tanto a um como a outro, abri as portas de minha casa para os seus familiares em dias de gala, para n\u00e3o terem que fazer logo viagem para a Covilh\u00e3 ou Guarda!\u201d<\/strong><\/p>\n<p><a href=\"https:\/\/news.google.com\/publications\/CAAqBwgKMKfIoAswtNK4Aw\" target=\"_blank\" rel=\"noopener noreferrer nofollow\"><img loading=\"lazy\" data-lazyloaded=\"1\" width=\"481\" height=\"161\" decoding=\"async\" src=\"\/wp-content\/uploads\/2024\/02\/GN_siganos.png\" alt=\"Siga-nos no Google News\" style=\"margin-top:20px;\"\/><\/a><\/p>\n","protected":false},"excerpt":{"rendered":"Atento ao Secret Story, Bruno Sim\u00e3o quebra o sil\u00eancio ap\u00f3s desistir do reality: \u2018Fiquei chocado\u2019 e at\u00e9 abriu&hellip;\n","protected":false},"author":2,"featured_media":121772,"comment_status":"","ping_status":"","sticky":false,"template":"","format":"standard","meta":{"footnotes":""},"categories":[142],"tags":[19139,2632,114,115,32,33,151],"class_list":{"0":"post-169326","1":"post","2":"type-post","3":"status-publish","4":"format-standard","5":"has-post-thumbnail","7":"category-tv","8":"tag-bruno-simao","9":"tag-casa-dos-segredos","10":"tag-entertainment","11":"tag-entretenimento","12":"tag-portugal","13":"tag-pt","14":"tag-tv"},"share_on_mastodon":{"url":"https:\/\/pubeurope.com\/@pt\/115633045369603094","error":""},"_links":{"self":[{"href":"https:\/\/www.europesays.com\/pt\/wp-json\/wp\/v2\/posts\/169326","targetHints":{"allow":["GET"]}}],"collection":[{"href":"https:\/\/www.europesays.com\/pt\/wp-json\/wp\/v2\/posts"}],"about":[{"href":"https:\/\/www.europesays.com\/pt\/wp-json\/wp\/v2\/types\/post"}],"author":[{"embeddable":true,"href":"https:\/\/www.europesays.com\/pt\/wp-json\/wp\/v2\/users\/2"}],"replies":[{"embeddable":true,"href":"https:\/\/www.europesays.com\/pt\/wp-json\/wp\/v2\/comments?post=169326"}],"version-history":[{"count":0,"href":"https:\/\/www.europesays.com\/pt\/wp-json\/wp\/v2\/posts\/169326\/revisions"}],"wp:featuredmedia":[{"embeddable":true,"href":"https:\/\/www.europesays.com\/pt\/wp-json\/wp\/v2\/media\/121772"}],"wp:attachment":[{"href":"https:\/\/www.europesays.com\/pt\/wp-json\/wp\/v2\/media?parent=169326"}],"wp:term":[{"taxonomy":"category","embeddable":true,"href":"https:\/\/www.europesays.com\/pt\/wp-json\/wp\/v2\/categories?post=169326"},{"taxonomy":"post_tag","embeddable":true,"href":"https:\/\/www.europesays.com\/pt\/wp-json\/wp\/v2\/tags?post=169326"}],"curies":[{"name":"wp","href":"https:\/\/api.w.org\/{rel}","templated":true}]}}