{"id":169327,"date":"2025-11-29T12:43:13","date_gmt":"2025-11-29T12:43:13","guid":{"rendered":"https:\/\/www.europesays.com\/pt\/169327\/"},"modified":"2025-11-29T12:43:13","modified_gmt":"2025-11-29T12:43:13","slug":"bandnews-fm-e-radio-bandeirantes-transmitem-diretamente-da-sede-do-mercado-livre-em-cajamar-sp","status":"publish","type":"post","link":"https:\/\/www.europesays.com\/pt\/169327\/","title":{"rendered":"BandNews FM e R\u00e1dio Bandeirantes transmitem diretamente da sede do Mercado Livre em Cajamar (SP)"},"content":{"rendered":"<p>A\u00a0<strong>BandNews FM 96.9 <\/strong> e <strong>R\u00e1dio Bandeirantes FM 90.9<\/strong>\u00a0<strong>FM 86.3\u00a0de S\u00e3o Paulo\u00a0<\/strong>entram no clima da <strong>Black Friday<\/strong> e realizam transmiss\u00f5es especiais nesta sexta-feira (28) diretamente do <strong>Centro de Distribui\u00e7\u00e3o do Mercado Livre<\/strong>, localizado em <strong>Cajamar<\/strong>, na regi\u00e3o metropolitana de S\u00e3o Paulo. A a\u00e7\u00e3o faz parte da cobertura do Grupo Bandeirantes de Comunica\u00e7\u00e3o sobre o impacto da data no com\u00e9rcio e no comportamento dos consumidores brasileiros.<\/p>\n<p>At\u00e9<strong> \u00e0s 11h<\/strong>, o <strong>Jornal BandNews FM<\/strong>\u00a0foi ancorado por <strong>Luiz Megale<\/strong> e <strong>Carla Bigatto<\/strong> diretamente do local, com participa\u00e7\u00e3o de rep\u00f3rteres e convidados que ir\u00e3o detalhar o movimento do varejo e as tend\u00eancias de compra observadas durante o dia de descontos. A emissora acompanhar\u00e1 tamb\u00e9m dados sobre o volume de pedidos e o desempenho do e-commerce, setor que registra crescimento expressivo nesta \u00e9poca do ano.<\/p>\n<p>No in\u00edcio da tarde, entre <strong>14h e 15h<\/strong>, o programa <strong>Bora Brasil<\/strong>, comandado por <strong>Joel Datena<\/strong> e <strong>Ana Paula Rodrigues<\/strong>, tamb\u00e9m ser\u00e1 transmitido ao vivo do centro log\u00edstico do Mercado Livre. O objetivo \u00e9 mostrar os bastidores da opera\u00e7\u00e3o de uma das maiores plataformas de com\u00e9rcio eletr\u00f4nico da Am\u00e9rica Latina durante o principal evento promocional do calend\u00e1rio varejista.<\/p>\n<p style=\"text-align:center\"><img decoding=\"async\" alt=\"\" src=\"https:\/\/www.europesays.com\/pt\/wp-content\/uploads\/2025\/11\/69298b1f75ae3.jpeg\" style=\"height:338px; width:600px\" \/><br \/>&#13;<br \/>\nLuiz Megale e Carla Bigatto apresentaram o Jornal BandNews direto do Mercado Livre &#8211; Foto: Divulga\u00e7\u00e3o<\/p>\n<p>A Black Friday \u00e9 uma das principais a\u00e7\u00f5es voltadas ao com\u00e9rcio no fim do ano. Na nora da compra, o consumidor deve ficar atento a uma s\u00e9rie de detalhes.\u00a0Em caso de defeito, o fornecedor tem at\u00e9\u00a0<strong>30 dias<\/strong>\u00a0para resolver o problema; depois disso, o consumidor pode pedir\u00a0<strong>reembolso, troca ou abatimento<\/strong>. Trocas por\u00a0<strong>op\u00e7\u00e3o<\/strong>\u00a0\u2014 como cor ou tamanho \u2014 dependem da pol\u00edtica da loja em compras presenciais, mas podem ser feitas\u00a0<strong>sem justificativa<\/strong>\u00a0no com\u00e9rcio eletr\u00f4nico.<\/p>\n<p>Durante a Black Friday, a Senacon intensifica a fiscaliza\u00e7\u00e3o e recomenda que os consumidores guardem\u00a0<strong>comprovantes, prints e registros de atendimento<\/strong>. \u201c\u00c9\u00a0<strong>fundamental<\/strong>\u00a0que os consumidores saibam que a lei est\u00e1 ao lado deles\u201d, destaca Pereira.<\/p>\n<p>\n\t\t\t\tA reprodu\u00e7\u00e3o das not\u00edcias e das pautas \u00e9 autorizada desde que contenha a assinatura &#8216;tudoradio.com&#8217;<\/p>\n<p>&#13;<br \/>\n\t\t\t\tTags:&#13;<br \/>\n\t\t\t\tBandNews FM, R\u00e1dio Bandeirantes, Mercado Livre, Black Friday, Cajamar, Grupo Bandeirantes, transmiss&#13;\n\t\t\t<\/p>\n","protected":false},"excerpt":{"rendered":"A\u00a0BandNews FM 96.9 e R\u00e1dio Bandeirantes FM 90.9\u00a0FM 86.3\u00a0de S\u00e3o Paulo\u00a0entram no clima da Black Friday e realizam&hellip;\n","protected":false},"author":2,"featured_media":169328,"comment_status":"","ping_status":"","sticky":false,"template":"","format":"standard","meta":{"footnotes":""},"categories":[141],"tags":[28494,2012,35485,114,115,31617,2533,149,150,32,33,28495,35486],"class_list":{"0":"post-169327","1":"post","2":"type-post","3":"status-publish","4":"format-standard","5":"has-post-thumbnail","7":"category-musica","8":"tag-bandnews-fm","9":"tag-black-friday","10":"tag-cajamar","11":"tag-entertainment","12":"tag-entretenimento","13":"tag-grupo-bandeirantes","14":"tag-mercado-livre","15":"tag-music","16":"tag-musica","17":"tag-portugal","18":"tag-pt","19":"tag-radio-bandeirantes","20":"tag-transmiss"},"share_on_mastodon":{"url":"https:\/\/pubeurope.com\/@pt\/115633049132466356","error":""},"_links":{"self":[{"href":"https:\/\/www.europesays.com\/pt\/wp-json\/wp\/v2\/posts\/169327","targetHints":{"allow":["GET"]}}],"collection":[{"href":"https:\/\/www.europesays.com\/pt\/wp-json\/wp\/v2\/posts"}],"about":[{"href":"https:\/\/www.europesays.com\/pt\/wp-json\/wp\/v2\/types\/post"}],"author":[{"embeddable":true,"href":"https:\/\/www.europesays.com\/pt\/wp-json\/wp\/v2\/users\/2"}],"replies":[{"embeddable":true,"href":"https:\/\/www.europesays.com\/pt\/wp-json\/wp\/v2\/comments?post=169327"}],"version-history":[{"count":0,"href":"https:\/\/www.europesays.com\/pt\/wp-json\/wp\/v2\/posts\/169327\/revisions"}],"wp:featuredmedia":[{"embeddable":true,"href":"https:\/\/www.europesays.com\/pt\/wp-json\/wp\/v2\/media\/169328"}],"wp:attachment":[{"href":"https:\/\/www.europesays.com\/pt\/wp-json\/wp\/v2\/media?parent=169327"}],"wp:term":[{"taxonomy":"category","embeddable":true,"href":"https:\/\/www.europesays.com\/pt\/wp-json\/wp\/v2\/categories?post=169327"},{"taxonomy":"post_tag","embeddable":true,"href":"https:\/\/www.europesays.com\/pt\/wp-json\/wp\/v2\/tags?post=169327"}],"curies":[{"name":"wp","href":"https:\/\/api.w.org\/{rel}","templated":true}]}}