{"id":169390,"date":"2025-11-29T13:40:20","date_gmt":"2025-11-29T13:40:20","guid":{"rendered":"https:\/\/www.europesays.com\/pt\/169390\/"},"modified":"2025-11-29T13:40:20","modified_gmt":"2025-11-29T13:40:20","slug":"nao-encontrei-legenda-possivel-maria-botelho-moniz-inundada-de-amor-com-partilha-apaixonante-secret-story","status":"publish","type":"post","link":"https:\/\/www.europesays.com\/pt\/169390\/","title":{"rendered":"\u00abN\u00e3o encontrei legenda poss\u00edvel\u00bb: Maria Botelho Moniz \u2018inundada\u2019 de amor com partilha apaixonante &#8211; Secret Story"},"content":{"rendered":"<p style=\"margin-bottom:11px\"><a href=\"https:\/\/tvi.iol.pt\/secretstory\/search?pagina=1&amp;pesquisa=maria+botelho%20moniz%20e%20pedro%20bianchi%20prata\" rel=\"nofollow noopener\" target=\"_blank\">Maria Botelho Moniz e Pedro Bianchi Prata <\/a>t\u00eam vindo a partilhar no Instagram v\u00e1rios registos das f\u00e9rias em fam\u00edlia que<strong> s\u00e3o de meter inveja a qualquer um.<\/strong>\u00a0 Depois de um ver\u00e3o sem f\u00e9rias devido \u00e0 apresenta\u00e7\u00e3o do\u00a0Big Brother Ver\u00e3o, a apresentadora <strong>est\u00e1 finalmente a desfrutar de uns dias de descanso. \u00a0<\/strong><\/p>\n<p>Na manh\u00e3 desta sexta-feira, dia 28 de novembro, <strong>a apresentadora partilhou um registo especial, uma fotografia em fam\u00edlia com a descri\u00e7\u00e3o: \u00abN\u00e3o encontrei legenda poss\u00edvel.\u00bb<\/strong><\/p>\n<p><a href=\"https:\/\/tvi.iol.pt\/secretstory\/maria-botelho-moniz\/25-11-2025\/de-ferias-maria-botelho-moniz-ruma-a-um-dos-destinos-mais-luxuosos-do-mundo-em-otima-companhia\" rel=\"nofollow noopener\" target=\"_blank\">Nas Maldivas,<\/a> <strong>acompanhada por Pedro Bianchi Prata e pelo filho Vicente as fotografias arrancaram milhares de gostos.<\/strong> Nos coment\u00e1rios podem ler-se v\u00e1rias mensagens de carinho: \u00abEu tenho legenda. Fam\u00edlia unida!\u00bb, \u00abAMOR! N\u00e3o encontro outra palavra para vos descrever! AMOR!\u00bb, \u00abBoas f\u00e9rias.\u00bb.<\/p>\n<p>De f\u00e9rias, Maria Botelho Moniz ruma a um dos destinos mais luxuosos do mundo em \u00f3tima companhia <\/p>\n<p data-end=\"446\" data-start=\"146\">Maria Botelho Moniz est\u00e1 a aproveitar uns merecidos dias de descanso nas Maldivas, na companhia de Pedro Bianchi Prata e do filho de ambos, o pequeno Vicente. A apresentadora partilhou nas redes sociais uma sequ\u00eancia de fotografias ternurentas da fam\u00edlia, acompanhada da legenda: \u00ab<strong data-end=\"446\" data-start=\"411\"><a href=\"https:\/\/tvi.iol.pt\/secretstory\/fotos\/o-verao-que-nao-tivemos-maria-botelho-moniz-revela-fotos-das-ferias-numa-das-ilhas-mais-luxuosas-do-mundo\/6925d18dd34e3caad84bae38\" rel=\"nofollow noopener\" target=\"_blank\">O ver\u00e3o que n\u00e3o tivemos. \u2764\ufe0f\ud83d\udc20\u00bb<\/a>.\u00a0<\/strong>Recorde que, Maria Botelho Moniz foi pedida em casamento por Pedro Biachi Prata nas Maldivas h\u00e1 mais de 3 anos.<\/p>\n<p data-end=\"773\" data-start=\"448\">A frase n\u00e3o passou despercebida, sobretudo porque Maria esteve \u00e0 frente do Big Brother Ver\u00e3o, o que a deixou sem oportunidade para gozar f\u00e9rias durante a \u00e9poca estival. Agora, j\u00e1 longe das c\u00e2maras e do ritmo intenso das galas, a apresentadora est\u00e1 finalmente a usufruir de momentos de tranquilidade e de tempo em fam\u00edlia.<\/p>\n<blockquote data-instgrm-captioned=\"\" data-instgrm-permalink=\"https:\/\/www.instagram.com\/p\/DReEo_Bgc4A\/?utm_source=ig_embed&amp;utm_campaign=loading\" data-instgrm-version=\"14\">\n<p>\u00a0<\/p>\n<p>\u00a0<\/p>\n<p>\u00a0<\/p>\n<p>\u00a0<\/p>\n<p>\u00a0<\/p>\n<p><a href=\"https:\/\/www.instagram.com\/p\/DReEo_Bgc4A\/?utm_source=ig_embed&amp;utm_campaign=loading\" target=\"_blank\" rel=\"nofollow noopener\">View this post on Instagram<\/a><\/p>\n<p>\u00a0<\/p>\n<p>\u00a0<\/p>\n<p>\u00a0<\/p>\n<p>\u00a0<\/p>\n<p>\u00a0<\/p>\n<p>\u00a0<\/p>\n<p>\u00a0<\/p>\n<p>\u00a0<\/p>\n<p>\u00a0<\/p>\n<p>\u00a0<\/p>\n<p>\u00a0<\/p>\n<p><a href=\"https:\/\/www.instagram.com\/p\/DReEo_Bgc4A\/?utm_source=ig_embed&amp;utm_campaign=loading\" target=\"_blank\" rel=\"nofollow noopener\">A post shared by Maria Botelho Moniz (@mariabotelhomoniz)<\/a><\/p>\n<\/blockquote>\n<p data-end=\"773\" data-start=\"448\">\u00a0<\/p>\n<p data-end=\"1049\" data-start=\"775\">O noivo da apresentadora, aproveitou tamb\u00e9m para se manifestar nas redes sociais e partilhou um v\u00eddeo do filho Vicente com a seguinte legenda:<\/p>\n<p data-end=\"1049\" data-start=\"775\"><strong>\u00abDepois de muitos meses de trabalho e de n\u00e3o termos conseguido f\u00e9rias no ver\u00e3o, finalmente par\u00e1mos uns dias para estar em fam\u00edlia.<\/strong><\/p>\n<p><strong>Areia, mar, sol e zero preocupa\u00e7\u00f5es. S\u00f3 n\u00f3s.<\/strong><\/p>\n<p><strong>E o melhor de tudo: ver o Vicente a brincar na areia, a fazer castelinhos, a correr para o mar e a saltar nas po\u00e7as de \u00e1gua \u2014 simplesmente a ser uma crian\u00e7a feliz.<\/strong><\/p>\n<p><strong>Estes momentos valem tudo. \u2764\ufe0f\ud83c\udfd6\ufe0f\u00bb<\/strong><\/p>\n<p>\u00a0<\/p>\n<p>\u00a0<\/p>\n<p data-end=\"1049\" data-start=\"775\">O descanso, no entanto, ter\u00e1 curta dura\u00e7\u00e3o. Maria Botelho Moniz prepara-se para regressar ao ecr\u00e3 j\u00e1 <strong data-end=\"902\" data-start=\"876\">a 1 de janeiro de 2026<\/strong>, data em que assumir\u00e1 a condu\u00e7\u00e3o do novo programa da TVI, <strong data-end=\"987\" data-start=\"961\">\u201cA Primeira Companhia\u201d<\/strong>, marcando o arranque do ano com um novo desafio profissional.<\/p>\n<p>                        <script async src=\"\/\/www.instagram.com\/embed.js\"><\/script><\/p>\n","protected":false},"excerpt":{"rendered":"Maria Botelho Moniz e Pedro Bianchi Prata t\u00eam vindo a partilhar no Instagram v\u00e1rios registos das f\u00e9rias em&hellip;\n","protected":false},"author":2,"featured_media":93593,"comment_status":"","ping_status":"","sticky":false,"template":"","format":"standard","meta":{"footnotes":""},"categories":[142],"tags":[18706,114,115,18705,338,4089,32,33,151,18704],"class_list":{"0":"post-169390","1":"post","2":"type-post","3":"status-publish","4":"format-standard","5":"has-post-thumbnail","7":"category-tv","8":"tag-bastidores-secret-story","9":"tag-entertainment","10":"tag-entretenimento","11":"tag-entrevistas-concorrentes-tvi","12":"tag-maria-botelho-moniz","13":"tag-pedro-bianchi-prata","14":"tag-portugal","15":"tag-pt","16":"tag-tv","17":"tag-vida-fora-da-casa"},"share_on_mastodon":{"url":"https:\/\/pubeurope.com\/@pt\/115633273338868507","error":""},"_links":{"self":[{"href":"https:\/\/www.europesays.com\/pt\/wp-json\/wp\/v2\/posts\/169390","targetHints":{"allow":["GET"]}}],"collection":[{"href":"https:\/\/www.europesays.com\/pt\/wp-json\/wp\/v2\/posts"}],"about":[{"href":"https:\/\/www.europesays.com\/pt\/wp-json\/wp\/v2\/types\/post"}],"author":[{"embeddable":true,"href":"https:\/\/www.europesays.com\/pt\/wp-json\/wp\/v2\/users\/2"}],"replies":[{"embeddable":true,"href":"https:\/\/www.europesays.com\/pt\/wp-json\/wp\/v2\/comments?post=169390"}],"version-history":[{"count":0,"href":"https:\/\/www.europesays.com\/pt\/wp-json\/wp\/v2\/posts\/169390\/revisions"}],"wp:featuredmedia":[{"embeddable":true,"href":"https:\/\/www.europesays.com\/pt\/wp-json\/wp\/v2\/media\/93593"}],"wp:attachment":[{"href":"https:\/\/www.europesays.com\/pt\/wp-json\/wp\/v2\/media?parent=169390"}],"wp:term":[{"taxonomy":"category","embeddable":true,"href":"https:\/\/www.europesays.com\/pt\/wp-json\/wp\/v2\/categories?post=169390"},{"taxonomy":"post_tag","embeddable":true,"href":"https:\/\/www.europesays.com\/pt\/wp-json\/wp\/v2\/tags?post=169390"}],"curies":[{"name":"wp","href":"https:\/\/api.w.org\/{rel}","templated":true}]}}